{"id":4736,"date":"2012-03-15T21:02:34","date_gmt":"2012-03-15T20:02:34","guid":{"rendered":"http:\/\/www.susannavaris.com\/blogg\/?p=4736"},"modified":"2012-03-15T21:02:34","modified_gmt":"2012-03-15T20:02:34","slug":"fyra-dagar-blev-tva","status":"publish","type":"post","link":"http:\/\/www.susannavaris.com\/blogg\/2012\/03\/fyra-dagar-blev-tva\/","title":{"rendered":"Fyra dagar blev tv\u00e5"},"content":{"rendered":"<p><a href=\"http:\/\/www.susannavaris.com\/blogg\/wp-content\/uploads\/2012\/03\/tired.jpg\"><img loading=\"lazy\" decoding=\"async\" class=\"aligncenter size-full wp-image-4737\" title=\"tired\" src=\"http:\/\/www.susannavaris.com\/blogg\/wp-content\/uploads\/2012\/03\/tired.jpg\" alt=\"\" width=\"500\" height=\"306\" srcset=\"http:\/\/www.susannavaris.com\/blogg\/wp-content\/uploads\/2012\/03\/tired.jpg 500w, http:\/\/www.susannavaris.com\/blogg\/wp-content\/uploads\/2012\/03\/tired-300x183.jpg 300w\" sizes=\"auto, (max-width: 500px) 100vw, 500px\" \/><\/a><\/p>\n<p>Rubriken syftar p\u00e5 mina lediga dagar, som numera har slutat existera. Jag skulle egentligen ha varit ledig b\u00e5de idag och imorgon, men har lyckats trassla in mig i jobb ist\u00e4llet. Jag k\u00e4nner mig mycket tr\u00f6tt och benen v\u00e4rker n\u00e5got fruktansv\u00e4rt fortfarande. Jag har varit halvt invalidiserad p\u00e5 arbetet idag. Tr\u00e4ningsv\u00e4rken \u00e4r formidabel.<\/p>\n<p>S\u00e5 det blir inga invecklade blogginl\u00e4gg nu. Mycket tid har g\u00e5tt \u00e5t till design av affischer och reklamblad mm, utst\u00e4llningen n\u00e4rmar sig med stormsteg. Jag hade g\u00e4rna varit med p\u00e5 demonstrationen mot v\u00e5ldet i Syrien i eftermiddags, men eftersom jag nu ska jobba imorgon, blev det inte av. Alla aktiviteter i helgen, d\u00e5 jag \u00e4nd\u00e5 \u00e4r ledig, \u00e4r inst\u00e4llda. Jag m\u00e5ste m\u00e5la lite, det \u00e4r det enda, men inget Stockholm, inget fl\u00e4ng&#8230;<\/p>\n<p>Ikv\u00e4ll blir det slappa framf\u00f6r tv:n och kurera mina arma ben med torkad frukt och n\u00f6tter (hj\u00e4lper det?) under pl\u00e4den. Jag tr\u00f6star mig med att p\u00e5 mitt arbete kan en dags arbete f\u00f6rvandlas till tv\u00e5 dagars ledighet&#8230;det \u00e4r rena rama trolleriet! :)<\/p>\n<p>&nbsp;<\/p>\n","protected":false},"excerpt":{"rendered":"<p>Rubriken syftar p\u00e5 mina lediga dagar, som numera har slutat existera. Jag skulle egentligen ha varit ledig b\u00e5de idag och imorgon, men har lyckats trassla in mig i jobb ist\u00e4llet. Jag k\u00e4nner mig mycket tr\u00f6tt och benen v\u00e4rker n\u00e5got fruktansv\u00e4rt &hellip; <a href=\"http:\/\/www.susannavaris.com\/blogg\/2012\/03\/fyra-dagar-blev-tva\/\">Forts\u00e4tt l\u00e4sa <span class=\"meta-nav\">&rarr;<\/span><\/a><\/p>\n","protected":false},"author":1,"featured_media":0,"comment_status":"open","ping_status":"open","sticky":false,"template":"","format":"standard","meta":{"footnotes":""},"categories":[1],"tags":[1494,1493,1497,1495,1496],"class_list":["post-4736","post","type-post","status-publish","format-standard","hentry","category-okategoriserade","tag-cat","tag-tired","tag-traningsvark","tag-trott","tag-trotthet"],"_links":{"self":[{"href":"http:\/\/www.susannavaris.com\/blogg\/wp-json\/wp\/v2\/posts\/4736","targetHints":{"allow":["GET"]}}],"collection":[{"href":"http:\/\/www.susannavaris.com\/blogg\/wp-json\/wp\/v2\/posts"}],"about":[{"href":"http:\/\/www.susannavaris.com\/blogg\/wp-json\/wp\/v2\/types\/post"}],"author":[{"embeddable":true,"href":"http:\/\/www.susannavaris.com\/blogg\/wp-json\/wp\/v2\/users\/1"}],"replies":[{"embeddable":true,"href":"http:\/\/www.susannavaris.com\/blogg\/wp-json\/wp\/v2\/comments?post=4736"}],"version-history":[{"count":2,"href":"http:\/\/www.susannavaris.com\/blogg\/wp-json\/wp\/v2\/posts\/4736\/revisions"}],"predecessor-version":[{"id":4739,"href":"http:\/\/www.susannavaris.com\/blogg\/wp-json\/wp\/v2\/posts\/4736\/revisions\/4739"}],"wp:attachment":[{"href":"http:\/\/www.susannavaris.com\/blogg\/wp-json\/wp\/v2\/media?parent=4736"}],"wp:term":[{"taxonomy":"category","embeddable":true,"href":"http:\/\/www.susannavaris.com\/blogg\/wp-json\/wp\/v2\/categories?post=4736"},{"taxonomy":"post_tag","embeddable":true,"href":"http:\/\/www.susannavaris.com\/blogg\/wp-json\/wp\/v2\/tags?post=4736"}],"curies":[{"name":"wp","href":"https:\/\/api.w.org\/{rel}","templated":true}]}}