{"id":4740,"date":"2012-03-16T21:24:54","date_gmt":"2012-03-16T20:24:54","guid":{"rendered":"http:\/\/www.susannavaris.com\/blogg\/?p=4740"},"modified":"2012-03-21T20:53:09","modified_gmt":"2012-03-21T19:53:09","slug":"bananflugor-ar-som-folk-ar-mest","status":"publish","type":"post","link":"http:\/\/www.susannavaris.com\/blogg\/2012\/03\/bananflugor-ar-som-folk-ar-mest\/","title":{"rendered":"Bananflugor \u00e4r som folk \u00e4r mest"},"content":{"rendered":"<p style=\"text-align: center;\"><a href=\"http:\/\/www.susannavaris.com\/blogg\/wp-content\/uploads\/2012\/03\/bananflugaartikel.jpg\"><img loading=\"lazy\" decoding=\"async\" class=\"aligncenter size-full wp-image-4741\" title=\"bananflugaartikel\" src=\"http:\/\/www.susannavaris.com\/blogg\/wp-content\/uploads\/2012\/03\/bananflugaartikel.jpg\" alt=\"\" width=\"500\" height=\"315\" srcset=\"http:\/\/www.susannavaris.com\/blogg\/wp-content\/uploads\/2012\/03\/bananflugaartikel.jpg 500w, http:\/\/www.susannavaris.com\/blogg\/wp-content\/uploads\/2012\/03\/bananflugaartikel-300x189.jpg 300w\" sizes=\"auto, (max-width: 500px) 100vw, 500px\" \/><\/a><em>\u00a0Bild: DN. (Flugan p\u00e5 bilden har ingenting med artikeln att g\u00f6ra&#8230;)<\/em><\/p>\n<p>Nobbade bananflugehannar dr\u00e4nker sina sorger i sprit, precis som en del av sina m\u00e4nskliga \u00f6deskamrater och \u00e4ven kvinnliga s\u00e5dana. Jag undrar om detsamma g\u00e4ller bananflugehonor? Ger de sig ocks\u00e5 p\u00e5 bag-in-boxen n\u00e4r de blivit \u00f6vergivna av dr\u00f6mprinsen? (Var \u00e4r den forskningen f\u00f6rresten? Vem tar sig an genusperspektivet i bananflugeforskningen??? Eller \u00e4r bananflugehonor andra klassens flugor kanske?? Var \u00e4r Nationella Sekretariatet f\u00f6r Genusforskning n\u00e4r man beh\u00f6ver dem&#8230;?)<\/p>\n<p><a href=\"http:\/\/www.dn.se\/nyheter\/vetenskap\/avvisade-flugor-missbrukar-alkohol\">http:\/\/www.dn.se\/nyheter\/vetenskap\/avvisade-flugor-missbrukar-alkohol<\/a><\/p>\n<p style=\"text-align: center;\">&#8211; : &#8211; : &#8211; : &#8211;<\/p>\n<p style=\"text-align: center;\">21. mars 2012<\/p>\n<p style=\"text-align: center;\">Jomenvisst! Feministiskt Perspektiv nappar:<\/p>\n<p style=\"text-align: center;\"><a href=\"http:\/\/feministisktperspektiv.se\/2012\/03\/20\/broder-och-oskulder-satter-normen-for-naturlig-forskning\/\">http:\/\/feministisktperspektiv.se\/2012\/03\/20\/broder-och-oskulder-satter-normen-for-naturlig-forskning\/<\/a><\/p>\n<p style=\"text-align: center;\">Det verkar som tidningen j\u00e4mst\u00e4ller en forskningsrapport och medias beskrivning av densamma. Ett tips till redaktionen p\u00e5 Feministiskt Perspektiv: media m\u00e5ste spetsa och vinkla till och ibland hitta p\u00e5 lite f\u00f6r att skapa sensation och l\u00f6snummer. F\u00f6r att kommentera en forskningsrapport b\u00f6r ni l\u00e4sa sj\u00e4lva rapporten.<\/p>\n","protected":false},"excerpt":{"rendered":"<p>\u00a0Bild: DN. (Flugan p\u00e5 bilden har ingenting med artikeln att g\u00f6ra&#8230;) Nobbade bananflugehannar dr\u00e4nker sina sorger i sprit, precis som en del av sina m\u00e4nskliga \u00f6deskamrater och \u00e4ven kvinnliga s\u00e5dana. Jag undrar om detsamma g\u00e4ller bananflugehonor? Ger de sig ocks\u00e5 &hellip; <a href=\"http:\/\/www.susannavaris.com\/blogg\/2012\/03\/bananflugor-ar-som-folk-ar-mest\/\">Forts\u00e4tt l\u00e4sa <span class=\"meta-nav\">&rarr;<\/span><\/a><\/p>\n","protected":false},"author":1,"featured_media":0,"comment_status":"open","ping_status":"open","sticky":false,"template":"","format":"standard","meta":{"footnotes":""},"categories":[181,259,1321,589,1,117],"tags":[1499,1498,1380,1500],"class_list":["post-4740","post","type-post","status-publish","format-standard","hentry","category-feminism","category-genusvetenskap","category-jamstalldhet","category-medier","category-okategoriserade","category-vetenskap","tag-alkohol","tag-bananfluga","tag-feministiskt-perspektiv","tag-sex"],"_links":{"self":[{"href":"http:\/\/www.susannavaris.com\/blogg\/wp-json\/wp\/v2\/posts\/4740","targetHints":{"allow":["GET"]}}],"collection":[{"href":"http:\/\/www.susannavaris.com\/blogg\/wp-json\/wp\/v2\/posts"}],"about":[{"href":"http:\/\/www.susannavaris.com\/blogg\/wp-json\/wp\/v2\/types\/post"}],"author":[{"embeddable":true,"href":"http:\/\/www.susannavaris.com\/blogg\/wp-json\/wp\/v2\/users\/1"}],"replies":[{"embeddable":true,"href":"http:\/\/www.susannavaris.com\/blogg\/wp-json\/wp\/v2\/comments?post=4740"}],"version-history":[{"count":4,"href":"http:\/\/www.susannavaris.com\/blogg\/wp-json\/wp\/v2\/posts\/4740\/revisions"}],"predecessor-version":[{"id":4792,"href":"http:\/\/www.susannavaris.com\/blogg\/wp-json\/wp\/v2\/posts\/4740\/revisions\/4792"}],"wp:attachment":[{"href":"http:\/\/www.susannavaris.com\/blogg\/wp-json\/wp\/v2\/media?parent=4740"}],"wp:term":[{"taxonomy":"category","embeddable":true,"href":"http:\/\/www.susannavaris.com\/blogg\/wp-json\/wp\/v2\/categories?post=4740"},{"taxonomy":"post_tag","embeddable":true,"href":"http:\/\/www.susannavaris.com\/blogg\/wp-json\/wp\/v2\/tags?post=4740"}],"curies":[{"name":"wp","href":"https:\/\/api.w.org\/{rel}","templated":true}]}}