{"id":4744,"date":"2012-03-16T22:25:42","date_gmt":"2012-03-16T21:25:42","guid":{"rendered":"http:\/\/www.susannavaris.com\/blogg\/?p=4744"},"modified":"2012-03-16T22:25:42","modified_gmt":"2012-03-16T21:25:42","slug":"sa-vill-jamstalldister-se-samhallet","status":"publish","type":"post","link":"http:\/\/www.susannavaris.com\/blogg\/2012\/03\/sa-vill-jamstalldister-se-samhallet\/","title":{"rendered":"S\u00e5 vill j\u00e4mst\u00e4lldister se samh\u00e4llet"},"content":{"rendered":"<p><a href=\"http:\/\/www.susannavaris.com\/blogg\/wp-content\/uploads\/2012\/03\/2392524182.jpg\"><img loading=\"lazy\" decoding=\"async\" class=\"aligncenter size-full wp-image-4745\" title=\"2392524182\" src=\"http:\/\/www.susannavaris.com\/blogg\/wp-content\/uploads\/2012\/03\/2392524182.jpg\" alt=\"\" width=\"200\" height=\"245\" \/><\/a><\/p>\n<p>I en artikel p\u00e5 Newsmill beskriver P\u00e4r Str\u00f6m, den j\u00e4mst\u00e4lldistiska bloggaren, hur han vill se samh\u00e4llet. P\u00e4r har ju p\u00e5 sistone kopplats ihop med b\u00e5de Breivik och Hitler och blivit kallad f\u00f6r kvinnohatare och extremist. H\u00e4r finns hans &#8221;extrema&#8221; budskap att l\u00e4sa:<\/p>\n<p><a href=\"http:\/\/www.newsmill.se\/artikel\/2012\/03\/16\/s-vill-vi-j-mst-lldister-se-samh-llet\">http:\/\/www.newsmill.se\/artikel\/2012\/03\/16\/s-vill-vi-j-mst-lldister-se-samh-llet<\/a><\/p>\n<p>\u00c4r det inte h\u00e5rresande s\u00e5 s\u00e4g? (Obs! Ironi.)<\/p>\n","protected":false},"excerpt":{"rendered":"<p>I en artikel p\u00e5 Newsmill beskriver P\u00e4r Str\u00f6m, den j\u00e4mst\u00e4lldistiska bloggaren, hur han vill se samh\u00e4llet. P\u00e4r har ju p\u00e5 sistone kopplats ihop med b\u00e5de Breivik och Hitler och blivit kallad f\u00f6r kvinnohatare och extremist. H\u00e4r finns hans &#8221;extrema&#8221; budskap &hellip; <a href=\"http:\/\/www.susannavaris.com\/blogg\/2012\/03\/sa-vill-jamstalldister-se-samhallet\/\">Forts\u00e4tt l\u00e4sa <span class=\"meta-nav\">&rarr;<\/span><\/a><\/p>\n","protected":false},"author":1,"featured_media":0,"comment_status":"open","ping_status":"open","sticky":false,"template":"","format":"standard","meta":{"footnotes":""},"categories":[181,259,1321,589,1,590],"tags":[4900,4899,4903,4918,1244],"class_list":["post-4744","post","type-post","status-publish","format-standard","hentry","category-feminism","category-genusvetenskap","category-jamstalldhet","category-medier","category-okategoriserade","category-politik","tag-feminism","tag-genus","tag-genusvetenskap","tag-jamstalldhet","tag-par-strom"],"_links":{"self":[{"href":"http:\/\/www.susannavaris.com\/blogg\/wp-json\/wp\/v2\/posts\/4744","targetHints":{"allow":["GET"]}}],"collection":[{"href":"http:\/\/www.susannavaris.com\/blogg\/wp-json\/wp\/v2\/posts"}],"about":[{"href":"http:\/\/www.susannavaris.com\/blogg\/wp-json\/wp\/v2\/types\/post"}],"author":[{"embeddable":true,"href":"http:\/\/www.susannavaris.com\/blogg\/wp-json\/wp\/v2\/users\/1"}],"replies":[{"embeddable":true,"href":"http:\/\/www.susannavaris.com\/blogg\/wp-json\/wp\/v2\/comments?post=4744"}],"version-history":[{"count":2,"href":"http:\/\/www.susannavaris.com\/blogg\/wp-json\/wp\/v2\/posts\/4744\/revisions"}],"predecessor-version":[{"id":4747,"href":"http:\/\/www.susannavaris.com\/blogg\/wp-json\/wp\/v2\/posts\/4744\/revisions\/4747"}],"wp:attachment":[{"href":"http:\/\/www.susannavaris.com\/blogg\/wp-json\/wp\/v2\/media?parent=4744"}],"wp:term":[{"taxonomy":"category","embeddable":true,"href":"http:\/\/www.susannavaris.com\/blogg\/wp-json\/wp\/v2\/categories?post=4744"},{"taxonomy":"post_tag","embeddable":true,"href":"http:\/\/www.susannavaris.com\/blogg\/wp-json\/wp\/v2\/tags?post=4744"}],"curies":[{"name":"wp","href":"https:\/\/api.w.org\/{rel}","templated":true}]}}