{"id":4754,"date":"2012-03-17T20:32:28","date_gmt":"2012-03-17T19:32:28","guid":{"rendered":"http:\/\/www.susannavaris.com\/blogg\/?p=4754"},"modified":"2012-03-17T20:32:28","modified_gmt":"2012-03-17T19:32:28","slug":"en-mycket-klarsynt-artikel-om-tanken-om-det-postmoderna-konet","status":"publish","type":"post","link":"http:\/\/www.susannavaris.com\/blogg\/2012\/03\/en-mycket-klarsynt-artikel-om-tanken-om-det-postmoderna-konet\/","title":{"rendered":"En mycket klarsynt artikel om tanken om det postmoderna k\u00f6net&#8230;"},"content":{"rendered":"<p style=\"text-align: center;\"><a href=\"http:\/\/www.susannavaris.com\/blogg\/wp-content\/uploads\/2012\/03\/headerimage-8511-213280272.jpg\"><img loading=\"lazy\" decoding=\"async\" class=\"aligncenter size-full wp-image-4755\" title=\"headerimage-8511-213280272\" src=\"http:\/\/www.susannavaris.com\/blogg\/wp-content\/uploads\/2012\/03\/headerimage-8511-213280272.jpg\" alt=\"\" width=\"616\" height=\"260\" srcset=\"http:\/\/www.susannavaris.com\/blogg\/wp-content\/uploads\/2012\/03\/headerimage-8511-213280272.jpg 616w, http:\/\/www.susannavaris.com\/blogg\/wp-content\/uploads\/2012\/03\/headerimage-8511-213280272-300x126.jpg 300w\" sizes=\"auto, (max-width: 616px) 100vw, 616px\" \/><\/a><em>Claes Andersson.\u00a0Bild fr\u00e5n Newsmill<\/em><\/p>\n<p>Claes Andersson, forskare i kulturell evolution och innovation vid Chalmers, skriver p\u00e5 Newsmill:<\/p>\n<p><a href=\"http:\/\/www.newsmill.se\/artikel\/2012\/02\/28\/ingen-vetenskap-bakom-tanken-om-det-postmoderna-k-net\">http:\/\/www.newsmill.se\/artikel\/2012\/02\/28\/ingen-vetenskap-bakom-tanken-om-det-postmoderna-k-net<\/a><\/p>\n<p>\u00c4ntligen lite v\u00e4lbeh\u00f6vlig struktur \u00e5t den h\u00e4rva av teoribildning som den feministiska teorin och genusvetenskapen \u00e4r sprungen ur!<\/p>\n","protected":false},"excerpt":{"rendered":"<p>Claes Andersson.\u00a0Bild fr\u00e5n Newsmill Claes Andersson, forskare i kulturell evolution och innovation vid Chalmers, skriver p\u00e5 Newsmill: http:\/\/www.newsmill.se\/artikel\/2012\/02\/28\/ingen-vetenskap-bakom-tanken-om-det-postmoderna-k-net \u00c4ntligen lite v\u00e4lbeh\u00f6vlig struktur \u00e5t den h\u00e4rva av teoribildning som den feministiska teorin och genusvetenskapen \u00e4r sprungen ur!<\/p>\n","protected":false},"author":1,"featured_media":0,"comment_status":"open","ping_status":"open","sticky":false,"template":"","format":"standard","meta":{"footnotes":""},"categories":[181,259,1321,589,1,590,403,117],"tags":[1507,4900,1509,4899,4903,1332,1508],"class_list":["post-4754","post","type-post","status-publish","format-standard","hentry","category-feminism","category-genusvetenskap","category-jamstalldhet","category-medier","category-okategoriserade","category-politik","category-pseudovetenskap","category-vetenskap","tag-claes-andersson","tag-feminism","tag-feministisk-teori","tag-genus","tag-genusvetenskap","tag-hen","tag-poststrukturalism"],"_links":{"self":[{"href":"http:\/\/www.susannavaris.com\/blogg\/wp-json\/wp\/v2\/posts\/4754","targetHints":{"allow":["GET"]}}],"collection":[{"href":"http:\/\/www.susannavaris.com\/blogg\/wp-json\/wp\/v2\/posts"}],"about":[{"href":"http:\/\/www.susannavaris.com\/blogg\/wp-json\/wp\/v2\/types\/post"}],"author":[{"embeddable":true,"href":"http:\/\/www.susannavaris.com\/blogg\/wp-json\/wp\/v2\/users\/1"}],"replies":[{"embeddable":true,"href":"http:\/\/www.susannavaris.com\/blogg\/wp-json\/wp\/v2\/comments?post=4754"}],"version-history":[{"count":2,"href":"http:\/\/www.susannavaris.com\/blogg\/wp-json\/wp\/v2\/posts\/4754\/revisions"}],"predecessor-version":[{"id":4757,"href":"http:\/\/www.susannavaris.com\/blogg\/wp-json\/wp\/v2\/posts\/4754\/revisions\/4757"}],"wp:attachment":[{"href":"http:\/\/www.susannavaris.com\/blogg\/wp-json\/wp\/v2\/media?parent=4754"}],"wp:term":[{"taxonomy":"category","embeddable":true,"href":"http:\/\/www.susannavaris.com\/blogg\/wp-json\/wp\/v2\/categories?post=4754"},{"taxonomy":"post_tag","embeddable":true,"href":"http:\/\/www.susannavaris.com\/blogg\/wp-json\/wp\/v2\/tags?post=4754"}],"curies":[{"name":"wp","href":"https:\/\/api.w.org\/{rel}","templated":true}]}}