{"id":476,"date":"2011-05-24T22:41:32","date_gmt":"2011-05-24T20:41:32","guid":{"rendered":"http:\/\/www.susannavaris.com\/blogg\/?p=476"},"modified":"2011-05-24T22:41:32","modified_gmt":"2011-05-24T20:41:32","slug":"24-maj-2011","status":"publish","type":"post","link":"http:\/\/www.susannavaris.com\/blogg\/2011\/05\/24-maj-2011\/","title":{"rendered":"24. maj 2011"},"content":{"rendered":"<p style=\"text-align: center;\"><a href=\"http:\/\/www.susannavaris.com\/blogg\/wp-content\/uploads\/2011\/05\/Pernby11052401.jpg\"><img loading=\"lazy\" decoding=\"async\" class=\"aligncenter size-large wp-image-477\" title=\"Pernby11052401\" src=\"http:\/\/www.susannavaris.com\/blogg\/wp-content\/uploads\/2011\/05\/Pernby11052401-1024x768.jpg\" alt=\"\" width=\"640\" height=\"480\" srcset=\"http:\/\/www.susannavaris.com\/blogg\/wp-content\/uploads\/2011\/05\/Pernby11052401-1024x768.jpg 1024w, http:\/\/www.susannavaris.com\/blogg\/wp-content\/uploads\/2011\/05\/Pernby11052401-300x225.jpg 300w\" sizes=\"auto, (max-width: 640px) 100vw, 640px\" \/><\/a><a href=\"http:\/\/www.susannavaris.com\/blogg\/wp-content\/uploads\/2011\/05\/Pernby11052402.jpg\"><img loading=\"lazy\" decoding=\"async\" class=\"aligncenter size-large wp-image-478\" title=\"Pernby11052402\" src=\"http:\/\/www.susannavaris.com\/blogg\/wp-content\/uploads\/2011\/05\/Pernby11052402-1024x768.jpg\" alt=\"\" width=\"640\" height=\"480\" srcset=\"http:\/\/www.susannavaris.com\/blogg\/wp-content\/uploads\/2011\/05\/Pernby11052402-1024x768.jpg 1024w, http:\/\/www.susannavaris.com\/blogg\/wp-content\/uploads\/2011\/05\/Pernby11052402-300x225.jpg 300w\" sizes=\"auto, (max-width: 640px) 100vw, 640px\" \/><\/a><em>Mina verk borta i h\u00f6rnet till h\u00f6ger&#8230;<\/em><\/p>\n<p style=\"text-align: center;\">P\u00e5 f\u00f6rmiddagen \u00e5kte vi in med mina arbetsprover till Pernbys m\u00e5larskola i Stockholm, l\u00e4gligt n\u00e4ra Uffes bostad&#8230;<\/p>\n<p style=\"text-align: center;\">Givetvis var det regnigt, s\u00e5 jag hade packat alla b\u00e4bisarna i papper och plast. Slit och sl\u00e4p, men vad g\u00f6r man inte f\u00f6r konsten. Uffe fick sympatilida f\u00f6r densamme med kartongerna. Om jag kommer in, s\u00e5 blir jag garanterat den \u00e4ldste eleven i g\u00e4nget. Mig g\u00f6r det inte s\u00e5 mycket, det kommer att bli sp\u00e4nnande. Men jag kanske inte ens kommer in. Turligt nog f\u00e5r vi besked ganska snart, den 31\/5 senast.<\/p>\n<p style=\"text-align: center;\">Sedan iv\u00e4g till l\u00f6nearbetet, d\u00e4r dagen kom att bli allt annat \u00e4n bra. Jag vill inte g\u00e5 in p\u00e5 detaljerna, men kan s\u00e4ga att vissa representanter f\u00f6r den s\u00f6ndercurlade 90-talsgenerationen skulle m\u00e5 b\u00e4st av att skickas p\u00e5 arbetsl\u00e4ger l\u00e5ngt ute i obygden i ett halvt decennium eller s\u00e5. \u00c4r man i 16-\u00e5rs\u00e5ldern och inte begriper sig p\u00e5 vad som kan vara farligt (t\u00e5g, 16 000 Volt genom kroppen) och n\u00e4r man blir tillr\u00e4ttavisad beter sig som en fyra\u00e5ring med en vokabul\u00e4r av en rasistisk kvinnohatare med tourettes, vet jag inte vad som annars kan hj\u00e4lpa. N\u00e5gra f\u00f6r\u00e4ldrar verkade dom h\u00e4r hj\u00e4ltarna inte ha varit i kontakt med hur som helst.<\/p>\n<p style=\"text-align: center;\">Jag m\u00e4rkte att det inte g\u00e5r att bringa mig ur balans p\u00e5 samma s\u00e4tt som det har kunnat h\u00e4nda tidigare. Jag hade inga sv\u00e5righeter att lyssna p\u00e5 slaskhinken som forsade ur de tv\u00e5 beg\u00e5vningsreservarnas trutar. Jag bem\u00f6dade dem n\u00e5gra medlidsamma och of\u00f6rst\u00e5ende blickar. Vad \u00e4r det f\u00f6r fel p\u00e5 er, stackars pojkar? Typ.<\/p>\n<p style=\"text-align: center;\">Jag kunde ocks\u00e5 konstatera att jag har n\u00e5gra riktigt underbara kollegor. Tack till er!!<\/p>\n<p style=\"text-align: center;\">Nej, nu ska jag bara l\u00e4gga mig och f\u00f6rs\u00f6ka slappna av. Hoppas att jag kan sova inatt. Jag beh\u00f6ver mina krafter till viktigare saker.<\/p>\n","protected":false},"excerpt":{"rendered":"<p>Mina verk borta i h\u00f6rnet till h\u00f6ger&#8230; P\u00e5 f\u00f6rmiddagen \u00e5kte vi in med mina arbetsprover till Pernbys m\u00e5larskola i Stockholm, l\u00e4gligt n\u00e4ra Uffes bostad&#8230; Givetvis var det regnigt, s\u00e5 jag hade packat alla b\u00e4bisarna i papper och plast. Slit och &hellip; <a href=\"http:\/\/www.susannavaris.com\/blogg\/2011\/05\/24-maj-2011\/\">Forts\u00e4tt l\u00e4sa <span class=\"meta-nav\">&rarr;<\/span><\/a><\/p>\n","protected":false},"author":1,"featured_media":478,"comment_status":"open","ping_status":"open","sticky":false,"template":"","format":"standard","meta":{"footnotes":""},"categories":[1],"tags":[157,156],"class_list":["post-476","post","type-post","status-publish","format-standard","has-post-thumbnail","hentry","category-okategoriserade","tag-eat-fuck-kill","tag-pernbys-malarskola"],"_links":{"self":[{"href":"http:\/\/www.susannavaris.com\/blogg\/wp-json\/wp\/v2\/posts\/476","targetHints":{"allow":["GET"]}}],"collection":[{"href":"http:\/\/www.susannavaris.com\/blogg\/wp-json\/wp\/v2\/posts"}],"about":[{"href":"http:\/\/www.susannavaris.com\/blogg\/wp-json\/wp\/v2\/types\/post"}],"author":[{"embeddable":true,"href":"http:\/\/www.susannavaris.com\/blogg\/wp-json\/wp\/v2\/users\/1"}],"replies":[{"embeddable":true,"href":"http:\/\/www.susannavaris.com\/blogg\/wp-json\/wp\/v2\/comments?post=476"}],"version-history":[{"count":2,"href":"http:\/\/www.susannavaris.com\/blogg\/wp-json\/wp\/v2\/posts\/476\/revisions"}],"predecessor-version":[{"id":480,"href":"http:\/\/www.susannavaris.com\/blogg\/wp-json\/wp\/v2\/posts\/476\/revisions\/480"}],"wp:featuredmedia":[{"embeddable":true,"href":"http:\/\/www.susannavaris.com\/blogg\/wp-json\/wp\/v2\/media\/478"}],"wp:attachment":[{"href":"http:\/\/www.susannavaris.com\/blogg\/wp-json\/wp\/v2\/media?parent=476"}],"wp:term":[{"taxonomy":"category","embeddable":true,"href":"http:\/\/www.susannavaris.com\/blogg\/wp-json\/wp\/v2\/categories?post=476"},{"taxonomy":"post_tag","embeddable":true,"href":"http:\/\/www.susannavaris.com\/blogg\/wp-json\/wp\/v2\/tags?post=476"}],"curies":[{"name":"wp","href":"https:\/\/api.w.org\/{rel}","templated":true}]}}