{"id":484,"date":"2011-05-25T19:19:00","date_gmt":"2011-05-25T17:19:00","guid":{"rendered":"http:\/\/www.susannavaris.com\/blogg\/?p=484"},"modified":"2023-02-13T16:57:29","modified_gmt":"2023-02-13T15:57:29","slug":"blod-och-mera-blod","status":"publish","type":"post","link":"http:\/\/www.susannavaris.com\/blogg\/2011\/05\/blod-och-mera-blod\/","title":{"rendered":"Blod och mera blod"},"content":{"rendered":"\n<p class=\"has-text-align-center\">Nu kan jag inte b\u00e4rga mig innan jag blir av med min v\u00e4rdel\u00f6sa livmoder. Den har inte gett mig n\u00e5got annat \u00e4n sm\u00e4rta och bekymmer. Dessutom fungerar den inte f\u00f6r det den \u00e4r till f\u00f6r, fortplantning. S\u00e5 aj\u00f6ss din v\u00e4rdel\u00f6sa k\u00f6ttp\u00e5se, jag kommer inte att sakna dig ett smack.<\/p>\n\n\n\n<p class=\"has-text-align-center\">Jag visste redan som liten att jag aldrig skulle ha barn. Ett litet tag, n\u00e4r jag lyckades bli gravid ett par g\u00e5nger, var det fruktansv\u00e4rt att genomg\u00e5 missfallen. Jag tror att kroppen pumpas full av hormoner som ska g\u00f6ra kvinnan inst\u00e4lld p\u00e5 graviditet och barn n\u00e4r man blir gravid. Det \u00e4r enbart vid de tillf\u00e4llena som jag \u00f6verhuvudtaget har haft n\u00e5gon &#8221;b\u00e4bisfeber&#8221; att tala om. I normall\u00e4get \u00e4r jag totalt ointresserad av barn och f\u00f6r\u00e4ldraskap.<\/p>\n\n\n\n<p class=\"has-text-align-center\">En s\u00e5dan inst\u00e4llning bem\u00f6ts inte s\u00e4llan med misst\u00e4nksamhet och rent av fientlighet. Man ska vilja ha barn, s\u00e4rskilt om man \u00e4r kvinna. Det var inte l\u00e4nge sedan som barnalstrandet var en kvinnas prim\u00e4ra och stort sett enda uppgift. Man blir anklagad f\u00f6r att vara egoistisk och snudd p\u00e5 inte f\u00f6rtj\u00e4na n\u00e5gon pension (numera betalar man faktiskt in den genom eget arbete). Man \u00e4r onaturlig och kanske tom moraliskt suspekt (f\u00f6r om man inte \u00e4r mamma, \u00e5terst\u00e5r ju den andra traditionella rollen f\u00f6r kvinnor&#8230;)<\/p>\n\n\n\n<p class=\"has-text-align-center\">Jag har alltid tyckt att h\u00f6jden av egoism \u00e4r v\u00e4l \u00e4nd\u00e5 att man anser sina egna gener vara s\u00e5 fruktansv\u00e4rt oers\u00e4ttliga att de trots hotande \u00f6verbefolkning m\u00e5ste f\u00f6ras vidare. Men jag vill inte anklaga folk f\u00f6r att dom skaffar barn, jag f\u00f6rst\u00e5r att det \u00e4r en v\u00e4ldigt stark drift hos m\u00e5nga.<\/p>\n\n\n\n<p class=\"has-text-align-center\">Jag hittade de h\u00e4r v\u00e4ldigt s\u00f6ta bilderna p\u00e5 Sandra Magnussons hemsida. D\u00e4r fanns \u00e4ven n\u00e5gra vackra akvareller. Sedan fanns det en del ovetenskapligheter jag inte vill g\u00f6ra reklam f\u00f6r&#8230;<\/p>\n\n\n<div class=\"wp-block-image\">\n<figure class=\"aligncenter size-large\"><img loading=\"lazy\" decoding=\"async\" width=\"1024\" height=\"1024\" src=\"http:\/\/www.susannavaris.com\/blogg\/wp-content\/uploads\/2023\/02\/Bild-borttagen-2-1024x1024.jpg\" alt=\"\" class=\"wp-image-17623\" title=\"livmoder2sandramagnusson\" srcset=\"http:\/\/www.susannavaris.com\/blogg\/wp-content\/uploads\/2023\/02\/Bild-borttagen-2-1024x1024.jpg 1024w, http:\/\/www.susannavaris.com\/blogg\/wp-content\/uploads\/2023\/02\/Bild-borttagen-2-300x300.jpg 300w, http:\/\/www.susannavaris.com\/blogg\/wp-content\/uploads\/2023\/02\/Bild-borttagen-2-150x150.jpg 150w, http:\/\/www.susannavaris.com\/blogg\/wp-content\/uploads\/2023\/02\/Bild-borttagen-2-768x768.jpg 768w, http:\/\/www.susannavaris.com\/blogg\/wp-content\/uploads\/2023\/02\/Bild-borttagen-2-1536x1536.jpg 1536w, http:\/\/www.susannavaris.com\/blogg\/wp-content\/uploads\/2023\/02\/Bild-borttagen-2-2048x2048.jpg 2048w\" sizes=\"auto, (max-width: 1024px) 100vw, 1024px\" \/><\/figure>\n<\/div>\n\n<div class=\"wp-block-image\">\n<figure class=\"aligncenter size-large\"><img loading=\"lazy\" decoding=\"async\" width=\"1024\" height=\"1024\" src=\"http:\/\/www.susannavaris.com\/blogg\/wp-content\/uploads\/2023\/02\/Bild-borttagen-1024x1024.jpg\" alt=\"\" class=\"wp-image-17619\" title=\"livmoder-detalj12\" srcset=\"http:\/\/www.susannavaris.com\/blogg\/wp-content\/uploads\/2023\/02\/Bild-borttagen-1024x1024.jpg 1024w, http:\/\/www.susannavaris.com\/blogg\/wp-content\/uploads\/2023\/02\/Bild-borttagen-300x300.jpg 300w, http:\/\/www.susannavaris.com\/blogg\/wp-content\/uploads\/2023\/02\/Bild-borttagen-150x150.jpg 150w, http:\/\/www.susannavaris.com\/blogg\/wp-content\/uploads\/2023\/02\/Bild-borttagen-768x768.jpg 768w, http:\/\/www.susannavaris.com\/blogg\/wp-content\/uploads\/2023\/02\/Bild-borttagen-1536x1536.jpg 1536w, http:\/\/www.susannavaris.com\/blogg\/wp-content\/uploads\/2023\/02\/Bild-borttagen-2048x2048.jpg 2048w\" sizes=\"auto, (max-width: 1024px) 100vw, 1024px\" \/><\/figure>\n<\/div>\n\n\n<p class=\"has-text-align-center\"><em>Sandra Magnusson<\/em><\/p>\n","protected":false},"excerpt":{"rendered":"<p>Nu kan jag inte b\u00e4rga mig innan jag blir av med min v\u00e4rdel\u00f6sa livmoder. Den har inte gett mig n\u00e5got annat \u00e4n sm\u00e4rta och bekymmer. Dessutom fungerar den inte f\u00f6r det den \u00e4r till f\u00f6r, fortplantning. S\u00e5 aj\u00f6ss din v\u00e4rdel\u00f6sa &hellip; <a href=\"http:\/\/www.susannavaris.com\/blogg\/2011\/05\/blod-och-mera-blod\/\">Forts\u00e4tt l\u00e4sa <span class=\"meta-nav\">&rarr;<\/span><\/a><\/p>\n","protected":false},"author":1,"featured_media":485,"comment_status":"open","ping_status":"open","sticky":false,"template":"","format":"standard","meta":{"footnotes":""},"categories":[3,1],"tags":[161,160,159],"class_list":["post-484","post","type-post","status-publish","format-standard","has-post-thumbnail","hentry","category-konst","category-okategoriserade","tag-hysterektomi","tag-livmoder","tag-sandra-magnusson"],"_links":{"self":[{"href":"http:\/\/www.susannavaris.com\/blogg\/wp-json\/wp\/v2\/posts\/484","targetHints":{"allow":["GET"]}}],"collection":[{"href":"http:\/\/www.susannavaris.com\/blogg\/wp-json\/wp\/v2\/posts"}],"about":[{"href":"http:\/\/www.susannavaris.com\/blogg\/wp-json\/wp\/v2\/types\/post"}],"author":[{"embeddable":true,"href":"http:\/\/www.susannavaris.com\/blogg\/wp-json\/wp\/v2\/users\/1"}],"replies":[{"embeddable":true,"href":"http:\/\/www.susannavaris.com\/blogg\/wp-json\/wp\/v2\/comments?post=484"}],"version-history":[{"count":3,"href":"http:\/\/www.susannavaris.com\/blogg\/wp-json\/wp\/v2\/posts\/484\/revisions"}],"predecessor-version":[{"id":17676,"href":"http:\/\/www.susannavaris.com\/blogg\/wp-json\/wp\/v2\/posts\/484\/revisions\/17676"}],"wp:featuredmedia":[{"embeddable":true,"href":"http:\/\/www.susannavaris.com\/blogg\/wp-json\/wp\/v2\/media\/485"}],"wp:attachment":[{"href":"http:\/\/www.susannavaris.com\/blogg\/wp-json\/wp\/v2\/media?parent=484"}],"wp:term":[{"taxonomy":"category","embeddable":true,"href":"http:\/\/www.susannavaris.com\/blogg\/wp-json\/wp\/v2\/categories?post=484"},{"taxonomy":"post_tag","embeddable":true,"href":"http:\/\/www.susannavaris.com\/blogg\/wp-json\/wp\/v2\/tags?post=484"}],"curies":[{"name":"wp","href":"https:\/\/api.w.org\/{rel}","templated":true}]}}