{"id":4846,"date":"2012-03-28T23:43:45","date_gmt":"2012-03-28T21:43:45","guid":{"rendered":"http:\/\/www.susannavaris.com\/blogg\/?p=4846"},"modified":"2012-03-28T23:43:45","modified_gmt":"2012-03-28T21:43:45","slug":"rokning-igen","status":"publish","type":"post","link":"http:\/\/www.susannavaris.com\/blogg\/2012\/03\/rokning-igen\/","title":{"rendered":"R\u00f6kning, igen"},"content":{"rendered":"<p style=\"text-align: center;\"><a href=\"http:\/\/www.susannavaris.com\/blogg\/wp-content\/uploads\/2012\/03\/madonna-girl-gone-wild.jpg\"><img loading=\"lazy\" decoding=\"async\" class=\"aligncenter size-full wp-image-4847\" title=\"madonna-girl-gone-wild\" src=\"http:\/\/www.susannavaris.com\/blogg\/wp-content\/uploads\/2012\/03\/madonna-girl-gone-wild.jpg\" alt=\"\" width=\"575\" height=\"300\" srcset=\"http:\/\/www.susannavaris.com\/blogg\/wp-content\/uploads\/2012\/03\/madonna-girl-gone-wild.jpg 575w, http:\/\/www.susannavaris.com\/blogg\/wp-content\/uploads\/2012\/03\/madonna-girl-gone-wild-300x156.jpg 300w\" sizes=\"auto, (max-width: 575px) 100vw, 575px\" \/><\/a>\u00a0<em>Glamour\u00f6s r\u00f6kning i Madonnas senaste video Girl Gone Wild&#8230;<\/em><\/p>\n<p>Nu s\u00e4llar sig tyv\u00e4rr \u00e4ven Madonna till alla dessa stj\u00e4rnor som arbetar h\u00e5rt f\u00f6r att glamourisera r\u00f6kning. Hon har nog gjort det f\u00f6rut, men efter decenniers tr\u00f6stl\u00f6sa kamp fr\u00e5n antir\u00f6k-organisationer tycks ingenting ha h\u00e4nt. Ungdomen r\u00f6ker alldeles f\u00f6r lite f\u00f6r att tobaksbolagsbossarna ska vara n\u00f6jda. Vad trevligt d\u00e5 att allehanda k\u00e4ndisar villigt rycker in f\u00f6r den goda sakens skull&#8230;suck. Dessutom Madonna av alla, renlevnadsm\u00e4nniskan som inte l\u00e5ter sina barn titta p\u00e5 tv f\u00f6r dess skadliga verkan och som ju inte borde vara precis i behov av n\u00e5gon extra slant.<\/p>\n<p style=\"text-align: center;\"><a href=\"http:\/\/www.susannavaris.com\/blogg\/wp-content\/uploads\/2012\/03\/lungcancermouthcancer1.jpg\"><img loading=\"lazy\" decoding=\"async\" class=\"aligncenter size-full wp-image-4848\" title=\"lungcancermouthcancer\" src=\"http:\/\/www.susannavaris.com\/blogg\/wp-content\/uploads\/2012\/03\/lungcancermouthcancer1.jpg\" alt=\"\" width=\"1024\" height=\"576\" srcset=\"http:\/\/www.susannavaris.com\/blogg\/wp-content\/uploads\/2012\/03\/lungcancermouthcancer1.jpg 1024w, http:\/\/www.susannavaris.com\/blogg\/wp-content\/uploads\/2012\/03\/lungcancermouthcancer1-300x168.jpg 300w\" sizes=\"auto, (max-width: 1024px) 100vw, 1024px\" \/><\/a>\u00a0<em>Inte fullt lika glamour\u00f6s r\u00f6kning&#8230;<\/em><\/p>\n<p style=\"text-align: center;\">Tidigare inl\u00e4gg p\u00e5 temat:<\/p>\n<p style=\"text-align: center;\"><a href=\"http:\/\/www.susannavaris.com\/blogg\/2012\/03\/a-non-smoking-generation-pa-clarion-hotel-2012\/\">http:\/\/www.susannavaris.com\/blogg\/2012\/03\/a-non-smoking-generation-pa-clarion-hotel-2012\/<\/a><\/p>\n<p style=\"text-align: center;\">Ja, budskapet tycks ha g\u00e5tt hem hos Madonnas dotter \u00e5tminstone:<\/p>\n<p style=\"text-align: center;\"><a href=\"http:\/\/www.susannavaris.com\/blogg\/wp-content\/uploads\/2012\/03\/lourdessmoking-590-non-comp.jpg\"><img loading=\"lazy\" decoding=\"async\" class=\"aligncenter size-full wp-image-4849\" title=\"lourdessmoking-590-non-comp\" src=\"http:\/\/www.susannavaris.com\/blogg\/wp-content\/uploads\/2012\/03\/lourdessmoking-590-non-comp.jpg\" alt=\"\" width=\"590\" height=\"393\" srcset=\"http:\/\/www.susannavaris.com\/blogg\/wp-content\/uploads\/2012\/03\/lourdessmoking-590-non-comp.jpg 590w, http:\/\/www.susannavaris.com\/blogg\/wp-content\/uploads\/2012\/03\/lourdessmoking-590-non-comp-300x199.jpg 300w\" sizes=\"auto, (max-width: 590px) 100vw, 590px\" \/><\/a>\u00a0<em>Madonnas dotter Lourdres f\u00f6r n\u00e5gra dagar sedan&#8230;Foto: Splash<\/em><\/p>\n<p style=\"text-align: center;\">\n","protected":false},"excerpt":{"rendered":"<p>\u00a0Glamour\u00f6s r\u00f6kning i Madonnas senaste video Girl Gone Wild&#8230; Nu s\u00e4llar sig tyv\u00e4rr \u00e4ven Madonna till alla dessa stj\u00e4rnor som arbetar h\u00e5rt f\u00f6r att glamourisera r\u00f6kning. Hon har nog gjort det f\u00f6rut, men efter decenniers tr\u00f6stl\u00f6sa kamp fr\u00e5n antir\u00f6k-organisationer tycks &hellip; <a href=\"http:\/\/www.susannavaris.com\/blogg\/2012\/03\/rokning-igen\/\">Forts\u00e4tt l\u00e4sa <span class=\"meta-nav\">&rarr;<\/span><\/a><\/p>\n","protected":false},"author":1,"featured_media":0,"comment_status":"open","ping_status":"open","sticky":false,"template":"","format":"standard","meta":{"footnotes":""},"categories":[589,994,1],"tags":[1100,1552,1551,40,1101,1488],"class_list":["post-4846","post","type-post","status-publish","format-standard","hentry","category-medier","category-musik","category-okategoriserade","tag-a-non-smoking-generation","tag-girl-gone-wild","tag-lourdres","tag-madonna","tag-rokning","tag-smoking"],"_links":{"self":[{"href":"http:\/\/www.susannavaris.com\/blogg\/wp-json\/wp\/v2\/posts\/4846","targetHints":{"allow":["GET"]}}],"collection":[{"href":"http:\/\/www.susannavaris.com\/blogg\/wp-json\/wp\/v2\/posts"}],"about":[{"href":"http:\/\/www.susannavaris.com\/blogg\/wp-json\/wp\/v2\/types\/post"}],"author":[{"embeddable":true,"href":"http:\/\/www.susannavaris.com\/blogg\/wp-json\/wp\/v2\/users\/1"}],"replies":[{"embeddable":true,"href":"http:\/\/www.susannavaris.com\/blogg\/wp-json\/wp\/v2\/comments?post=4846"}],"version-history":[{"count":4,"href":"http:\/\/www.susannavaris.com\/blogg\/wp-json\/wp\/v2\/posts\/4846\/revisions"}],"predecessor-version":[{"id":4853,"href":"http:\/\/www.susannavaris.com\/blogg\/wp-json\/wp\/v2\/posts\/4846\/revisions\/4853"}],"wp:attachment":[{"href":"http:\/\/www.susannavaris.com\/blogg\/wp-json\/wp\/v2\/media?parent=4846"}],"wp:term":[{"taxonomy":"category","embeddable":true,"href":"http:\/\/www.susannavaris.com\/blogg\/wp-json\/wp\/v2\/categories?post=4846"},{"taxonomy":"post_tag","embeddable":true,"href":"http:\/\/www.susannavaris.com\/blogg\/wp-json\/wp\/v2\/tags?post=4846"}],"curies":[{"name":"wp","href":"https:\/\/api.w.org\/{rel}","templated":true}]}}