{"id":489,"date":"2011-05-25T22:03:53","date_gmt":"2011-05-25T20:03:53","guid":{"rendered":"http:\/\/www.susannavaris.com\/blogg\/?p=489"},"modified":"2011-05-25T22:06:23","modified_gmt":"2011-05-25T20:06:23","slug":"i-got-to-wear-shades","status":"publish","type":"post","link":"http:\/\/www.susannavaris.com\/blogg\/2011\/05\/i-got-to-wear-shades\/","title":{"rendered":"I Got to Wear Shades"},"content":{"rendered":"<p style=\"text-align: center;\"><a href=\"http:\/\/www.susannavaris.com\/blogg\/wp-content\/uploads\/2011\/05\/I-Got-To-Wear-Shades-mixed-media-2011.jpg\"><img decoding=\"async\" class=\"aligncenter size-full wp-image-490\" title=\"I Got To Wear Shades, mixed media 2011\" src=\"http:\/\/www.susannavaris.com\/blogg\/wp-content\/uploads\/2011\/05\/I-Got-To-Wear-Shades-mixed-media-2011.jpg\" alt=\"\" \/><\/a><em><em>I Got To Wear Shades, mixed media. Susanna Varis<\/em><br \/>\n<\/em><\/p>\n<p style=\"text-align: center;\">F\u00f6rst s\u00f6mnl\u00f6shet. Frukost. Sedan lights out.<\/p>\n<p style=\"text-align: center;\">Dagen har g\u00e5tt i olika sinnesst\u00e4mningar och i kraftl\u00f6shetens tecken. F\u00f6rst mot kv\u00e4llen fick jag lite ork att skriva lite h\u00e4r p\u00e5 bloggen och \u00e4ven skapa ett litet verk p\u00e5 g\u00e5rdagens tema. Figurerna baserar sig p\u00e5 representanterna f\u00f6r landets framtid fr\u00e5n ig\u00e5r. Egentligen en f\u00f6rol\u00e4mpning f\u00f6r de inblandade djuren. Som redan konstaterats s\u00e5 \u00e4r n\u00e5gonting snett n\u00e4r 15 &#8211; 17-\u00e5ringar beter sig som ungar i trots\u00e5ldern. De s\u00f6ker gr\u00e4nser. Om jag g\u00f6r det h\u00e4r, reagerar du d\u00e5&#8230;? N\u00e4h\u00e4. Om jag g\u00f6r det h\u00e4r d\u00e5&#8230;? Om jag g\u00f6r det h\u00e4r som jag vet att du enligt din tj\u00e4nstebeskrivning \u00e4r tvungen att reagera p\u00e5&#8230;? Bingo. Utm\u00e4rkt tillf\u00e4lle att skrika ur sig lite aggressioner n\u00e4r reaktionen kommer. Men jag har inte betalt f\u00f6r att fungera som dagisfr\u00f6ken, barnpsykolog och spottkopp \u00e5t missanpassad och s\u00f6dercurlad ungdom. Det finns det folk som \u00e4r utbildade och anst\u00e4llda f\u00f6r.<\/p>\n","protected":false},"excerpt":{"rendered":"<p>I Got To Wear Shades, mixed media. Susanna Varis F\u00f6rst s\u00f6mnl\u00f6shet. Frukost. Sedan lights out. Dagen har g\u00e5tt i olika sinnesst\u00e4mningar och i kraftl\u00f6shetens tecken. F\u00f6rst mot kv\u00e4llen fick jag lite ork att skriva lite h\u00e4r p\u00e5 bloggen och \u00e4ven &hellip; <a href=\"http:\/\/www.susannavaris.com\/blogg\/2011\/05\/i-got-to-wear-shades\/\">Forts\u00e4tt l\u00e4sa <span class=\"meta-nav\">&rarr;<\/span><\/a><\/p>\n","protected":false},"author":1,"featured_media":490,"comment_status":"open","ping_status":"open","sticky":false,"template":"","format":"standard","meta":{"footnotes":""},"categories":[7,3,1],"tags":[165,164,163,162,17],"class_list":["post-489","post","type-post","status-publish","format-standard","has-post-thumbnail","hentry","category-egna-verk","category-konst","category-okategoriserade","tag-blandteknik","tag-collage","tag-curling","tag-i-got-to-wear-shades","tag-konst-2"],"_links":{"self":[{"href":"http:\/\/www.susannavaris.com\/blogg\/wp-json\/wp\/v2\/posts\/489","targetHints":{"allow":["GET"]}}],"collection":[{"href":"http:\/\/www.susannavaris.com\/blogg\/wp-json\/wp\/v2\/posts"}],"about":[{"href":"http:\/\/www.susannavaris.com\/blogg\/wp-json\/wp\/v2\/types\/post"}],"author":[{"embeddable":true,"href":"http:\/\/www.susannavaris.com\/blogg\/wp-json\/wp\/v2\/users\/1"}],"replies":[{"embeddable":true,"href":"http:\/\/www.susannavaris.com\/blogg\/wp-json\/wp\/v2\/comments?post=489"}],"version-history":[{"count":4,"href":"http:\/\/www.susannavaris.com\/blogg\/wp-json\/wp\/v2\/posts\/489\/revisions"}],"predecessor-version":[{"id":493,"href":"http:\/\/www.susannavaris.com\/blogg\/wp-json\/wp\/v2\/posts\/489\/revisions\/493"}],"wp:featuredmedia":[{"embeddable":true,"href":"http:\/\/www.susannavaris.com\/blogg\/wp-json\/wp\/v2\/media\/490"}],"wp:attachment":[{"href":"http:\/\/www.susannavaris.com\/blogg\/wp-json\/wp\/v2\/media?parent=489"}],"wp:term":[{"taxonomy":"category","embeddable":true,"href":"http:\/\/www.susannavaris.com\/blogg\/wp-json\/wp\/v2\/categories?post=489"},{"taxonomy":"post_tag","embeddable":true,"href":"http:\/\/www.susannavaris.com\/blogg\/wp-json\/wp\/v2\/tags?post=489"}],"curies":[{"name":"wp","href":"https:\/\/api.w.org\/{rel}","templated":true}]}}