{"id":4911,"date":"2012-04-02T10:35:24","date_gmt":"2012-04-02T08:35:24","guid":{"rendered":"http:\/\/www.susannavaris.com\/blogg\/?p=4911"},"modified":"2012-04-03T19:04:03","modified_gmt":"2012-04-03T17:04:03","slug":"sondag-pa-galleriet","status":"publish","type":"post","link":"http:\/\/www.susannavaris.com\/blogg\/2012\/04\/sondag-pa-galleriet\/","title":{"rendered":"S\u00f6ndag p\u00e5 galleriet"},"content":{"rendered":"<p style=\"text-align: center;\"><a href=\"http:\/\/www.susannavaris.com\/blogg\/wp-content\/uploads\/2012\/04\/DSC_0170-50.jpg\"><img loading=\"lazy\" decoding=\"async\" class=\"aligncenter size-large wp-image-4912\" title=\"DSC_0170-50\" src=\"http:\/\/www.susannavaris.com\/blogg\/wp-content\/uploads\/2012\/04\/DSC_0170-50-682x1024.jpg\" alt=\"\" width=\"640\" height=\"960\" srcset=\"http:\/\/www.susannavaris.com\/blogg\/wp-content\/uploads\/2012\/04\/DSC_0170-50-682x1024.jpg 682w, http:\/\/www.susannavaris.com\/blogg\/wp-content\/uploads\/2012\/04\/DSC_0170-50-200x300.jpg 200w, http:\/\/www.susannavaris.com\/blogg\/wp-content\/uploads\/2012\/04\/DSC_0170-50.jpg 1536w\" sizes=\"auto, (max-width: 640px) 100vw, 640px\" \/><\/a><em>\u00a0En landsmaninna fr\u00e5n Finland var den f\u00f6rsta att ramla in p\u00e5 s\u00f6ndagen. Hon verkade v\u00e4ldigt f\u00f6rtjust \u00f6ver utst\u00e4llningen och det var ju roligt!<\/em><\/p>\n<p style=\"text-align: center;\"><a href=\"http:\/\/www.susannavaris.com\/blogg\/wp-content\/uploads\/2012\/04\/DSC_0171-50.jpg\"><img loading=\"lazy\" decoding=\"async\" class=\"aligncenter size-large wp-image-4913\" title=\"DSC_0171-50\" src=\"http:\/\/www.susannavaris.com\/blogg\/wp-content\/uploads\/2012\/04\/DSC_0171-50-682x1024.jpg\" alt=\"\" width=\"640\" height=\"960\" srcset=\"http:\/\/www.susannavaris.com\/blogg\/wp-content\/uploads\/2012\/04\/DSC_0171-50-682x1024.jpg 682w, http:\/\/www.susannavaris.com\/blogg\/wp-content\/uploads\/2012\/04\/DSC_0171-50-200x300.jpg 200w, http:\/\/www.susannavaris.com\/blogg\/wp-content\/uploads\/2012\/04\/DSC_0171-50.jpg 1536w\" sizes=\"auto, (max-width: 640px) 100vw, 640px\" \/><\/a>\u00a0<em>Strax d\u00e4rp\u00e5 kom konstn\u00e4rskollegorna Ingemar Nystr\u00f6m och Maria Misen Gustafsson med lilla Alma p\u00e5 bes\u00f6k&#8230;<\/em><\/p>\n<p style=\"text-align: center;\"><a href=\"http:\/\/www.susannavaris.com\/blogg\/wp-content\/uploads\/2012\/04\/DSC_0172-50.jpg\"><img loading=\"lazy\" decoding=\"async\" class=\"aligncenter size-large wp-image-4914\" title=\"DSC_0172-50\" src=\"http:\/\/www.susannavaris.com\/blogg\/wp-content\/uploads\/2012\/04\/DSC_0172-50-682x1024.jpg\" alt=\"\" width=\"640\" height=\"960\" srcset=\"http:\/\/www.susannavaris.com\/blogg\/wp-content\/uploads\/2012\/04\/DSC_0172-50-682x1024.jpg 682w, http:\/\/www.susannavaris.com\/blogg\/wp-content\/uploads\/2012\/04\/DSC_0172-50-200x300.jpg 200w, http:\/\/www.susannavaris.com\/blogg\/wp-content\/uploads\/2012\/04\/DSC_0172-50.jpg 1536w\" sizes=\"auto, (max-width: 640px) 100vw, 640px\" \/><\/a>\u00a0<em>Tv\u00e5 ovanligt sansade bilder med det h\u00e4r g\u00e4nget&#8230; ;)<\/em><\/p>\n<p style=\"text-align: center;\"><a href=\"http:\/\/www.susannavaris.com\/blogg\/wp-content\/uploads\/2012\/04\/DSC_0173-50.jpg\"><img loading=\"lazy\" decoding=\"async\" class=\"aligncenter size-large wp-image-4915\" title=\"DSC_0173-50\" src=\"http:\/\/www.susannavaris.com\/blogg\/wp-content\/uploads\/2012\/04\/DSC_0173-50-1024x682.jpg\" alt=\"\" width=\"640\" height=\"426\" srcset=\"http:\/\/www.susannavaris.com\/blogg\/wp-content\/uploads\/2012\/04\/DSC_0173-50-1024x682.jpg 1024w, http:\/\/www.susannavaris.com\/blogg\/wp-content\/uploads\/2012\/04\/DSC_0173-50-300x200.jpg 300w\" sizes=\"auto, (max-width: 640px) 100vw, 640px\" \/><\/a><em>\u00a0Det blev en mycket lugnare dag, med lite folk som droppade in d\u00e5 och d\u00e5&#8230;jag bytte ut n\u00e5gra bilder i f\u00f6nstret och affischen med Afternoon In Hell verkade g\u00f6ra intryck. M\u00e5nga stannade, tittade och f\u00f6rundrades och n\u00e5gra kom ocks\u00e5 in, som ryssarna (?) i bakgrunden&#8230;<\/em><\/p>\n<p style=\"text-align: center;\"><a href=\"http:\/\/www.susannavaris.com\/blogg\/wp-content\/uploads\/2012\/04\/DSC_0174-50.jpg\"><img loading=\"lazy\" decoding=\"async\" class=\"aligncenter size-large wp-image-4916\" title=\"DSC_0174-50\" src=\"http:\/\/www.susannavaris.com\/blogg\/wp-content\/uploads\/2012\/04\/DSC_0174-50-1024x682.jpg\" alt=\"\" width=\"640\" height=\"426\" srcset=\"http:\/\/www.susannavaris.com\/blogg\/wp-content\/uploads\/2012\/04\/DSC_0174-50-1024x682.jpg 1024w, http:\/\/www.susannavaris.com\/blogg\/wp-content\/uploads\/2012\/04\/DSC_0174-50-300x200.jpg 300w\" sizes=\"auto, (max-width: 640px) 100vw, 640px\" \/><\/a>\u00a0<em>Jag kr\u00e4nger Afternoon In Hell-affischer&#8230;<\/em><\/p>\n<p style=\"text-align: center;\"><a href=\"http:\/\/www.susannavaris.com\/blogg\/wp-content\/uploads\/2012\/04\/DSC_0175-50.jpg\"><img loading=\"lazy\" decoding=\"async\" class=\"aligncenter size-large wp-image-4917\" title=\"DSC_0175-50\" src=\"http:\/\/www.susannavaris.com\/blogg\/wp-content\/uploads\/2012\/04\/DSC_0175-50-1024x682.jpg\" alt=\"\" width=\"640\" height=\"426\" srcset=\"http:\/\/www.susannavaris.com\/blogg\/wp-content\/uploads\/2012\/04\/DSC_0175-50-1024x682.jpg 1024w, http:\/\/www.susannavaris.com\/blogg\/wp-content\/uploads\/2012\/04\/DSC_0175-50-300x200.jpg 300w\" sizes=\"auto, (max-width: 640px) 100vw, 640px\" \/><\/a><em>\u00a0Afternoon In Hell i f\u00f6nstret<\/em><\/p>\n<p style=\"text-align: center;\"><a href=\"http:\/\/www.susannavaris.com\/blogg\/wp-content\/uploads\/2012\/04\/DSC_0176-50.jpg\"><img loading=\"lazy\" decoding=\"async\" class=\"aligncenter size-large wp-image-4918\" title=\"DSC_0176-50\" src=\"http:\/\/www.susannavaris.com\/blogg\/wp-content\/uploads\/2012\/04\/DSC_0176-50-682x1024.jpg\" alt=\"\" width=\"640\" height=\"960\" srcset=\"http:\/\/www.susannavaris.com\/blogg\/wp-content\/uploads\/2012\/04\/DSC_0176-50-682x1024.jpg 682w, http:\/\/www.susannavaris.com\/blogg\/wp-content\/uploads\/2012\/04\/DSC_0176-50-200x300.jpg 200w, http:\/\/www.susannavaris.com\/blogg\/wp-content\/uploads\/2012\/04\/DSC_0176-50.jpg 1536w\" sizes=\"auto, (max-width: 640px) 100vw, 640px\" \/><\/a>\u00a0<em>Dark Marilyn-affisch i den andra&#8230;<\/em><\/p>\n<p style=\"text-align: center;\"><a href=\"http:\/\/www.susannavaris.com\/blogg\/wp-content\/uploads\/2012\/04\/DSC_0178-50.jpg\"><img loading=\"lazy\" decoding=\"async\" class=\"aligncenter size-large wp-image-4919\" title=\"DSC_0178-50\" src=\"http:\/\/www.susannavaris.com\/blogg\/wp-content\/uploads\/2012\/04\/DSC_0178-50-682x1024.jpg\" alt=\"\" width=\"640\" height=\"960\" srcset=\"http:\/\/www.susannavaris.com\/blogg\/wp-content\/uploads\/2012\/04\/DSC_0178-50-682x1024.jpg 682w, http:\/\/www.susannavaris.com\/blogg\/wp-content\/uploads\/2012\/04\/DSC_0178-50-200x300.jpg 200w, http:\/\/www.susannavaris.com\/blogg\/wp-content\/uploads\/2012\/04\/DSC_0178-50.jpg 1536w\" sizes=\"auto, (max-width: 640px) 100vw, 640px\" \/><\/a>\u00a0<em>Bakom &#8221;mitt&#8221; skrivbord&#8230;<\/em><\/p>\n<p style=\"text-align: center;\"><a href=\"http:\/\/www.susannavaris.com\/blogg\/wp-content\/uploads\/2012\/04\/DSC_0182-50.jpg\"><img loading=\"lazy\" decoding=\"async\" class=\"aligncenter size-large wp-image-4920\" title=\"DSC_0182-50\" src=\"http:\/\/www.susannavaris.com\/blogg\/wp-content\/uploads\/2012\/04\/DSC_0182-50-1024x682.jpg\" alt=\"\" width=\"640\" height=\"426\" srcset=\"http:\/\/www.susannavaris.com\/blogg\/wp-content\/uploads\/2012\/04\/DSC_0182-50-1024x682.jpg 1024w, http:\/\/www.susannavaris.com\/blogg\/wp-content\/uploads\/2012\/04\/DSC_0182-50-300x200.jpg 300w\" sizes=\"auto, (max-width: 640px) 100vw, 640px\" \/><\/a>\u00a0<em>Interi\u00f6r, Galleri T<\/em><\/p>\n<p style=\"text-align: center;\"><a href=\"http:\/\/www.susannavaris.com\/blogg\/wp-content\/uploads\/2012\/04\/DSC_0185-50.jpg\"><img loading=\"lazy\" decoding=\"async\" class=\"aligncenter size-large wp-image-4921\" title=\"DSC_0185-50\" src=\"http:\/\/www.susannavaris.com\/blogg\/wp-content\/uploads\/2012\/04\/DSC_0185-50-729x1024.jpg\" alt=\"\" width=\"640\" height=\"898\" srcset=\"http:\/\/www.susannavaris.com\/blogg\/wp-content\/uploads\/2012\/04\/DSC_0185-50-729x1024.jpg 729w, http:\/\/www.susannavaris.com\/blogg\/wp-content\/uploads\/2012\/04\/DSC_0185-50-213x300.jpg 213w, http:\/\/www.susannavaris.com\/blogg\/wp-content\/uploads\/2012\/04\/DSC_0185-50.jpg 1536w\" sizes=\"auto, (max-width: 640px) 100vw, 640px\" \/><\/a>\u00a0<em>M\u00e5nga bes\u00f6kare ville inte vara med p\u00e5 bild, men Mats Wilhelmsson fr\u00e5n ISS gick att \u00f6vertala. Han slog dessutom till p\u00e5 Her Self h\u00e4r i bakgrunden&#8230; :)<\/em><\/p>\n<p style=\"text-align: center;\">Idag blir det intervju med tidningen Ruotsinsuomalainen, en publikation f\u00f6r finl\u00e4ndare bosatta i Sverige&#8230;<\/p>\n<p style=\"text-align: center;\">Innan dess ska jag hinna till Matton f\u00f6r att inf\u00f6rskaffa affischrullar och kuvert med pappskiva och kanske annat sm\u00e5tt och gott&#8230;<\/p>\n","protected":false},"excerpt":{"rendered":"<p>\u00a0En landsmaninna fr\u00e5n Finland var den f\u00f6rsta att ramla in p\u00e5 s\u00f6ndagen. Hon verkade v\u00e4ldigt f\u00f6rtjust \u00f6ver utst\u00e4llningen och det var ju roligt! \u00a0Strax d\u00e4rp\u00e5 kom konstn\u00e4rskollegorna Ingemar Nystr\u00f6m och Maria Misen Gustafsson med lilla Alma p\u00e5 bes\u00f6k&#8230; \u00a0Tv\u00e5 ovanligt &hellip; <a href=\"http:\/\/www.susannavaris.com\/blogg\/2012\/04\/sondag-pa-galleriet\/\">Forts\u00e4tt l\u00e4sa <span class=\"meta-nav\">&rarr;<\/span><\/a><\/p>\n","protected":false},"author":1,"featured_media":0,"comment_status":"open","ping_status":"open","sticky":false,"template":"","format":"standard","meta":{"footnotes":""},"categories":[7,1293,3,1162,12,285,589,1,4],"tags":[1556,1233,717,1558,921,1557],"class_list":["post-4911","post","type-post","status-publish","format-standard","hentry","category-egna-verk","category-galleri-t-2","category-konst","category-kultur","category-marilyn-manson","category-marilyn-monroe","category-medier","category-okategoriserade","category-utstallning","tag-afternoon-in-hell","tag-galleri-t","tag-ingemar-nystrom","tag-iss","tag-maria-misen-gustafsson","tag-mats-wilhelmsson"],"_links":{"self":[{"href":"http:\/\/www.susannavaris.com\/blogg\/wp-json\/wp\/v2\/posts\/4911","targetHints":{"allow":["GET"]}}],"collection":[{"href":"http:\/\/www.susannavaris.com\/blogg\/wp-json\/wp\/v2\/posts"}],"about":[{"href":"http:\/\/www.susannavaris.com\/blogg\/wp-json\/wp\/v2\/types\/post"}],"author":[{"embeddable":true,"href":"http:\/\/www.susannavaris.com\/blogg\/wp-json\/wp\/v2\/users\/1"}],"replies":[{"embeddable":true,"href":"http:\/\/www.susannavaris.com\/blogg\/wp-json\/wp\/v2\/comments?post=4911"}],"version-history":[{"count":4,"href":"http:\/\/www.susannavaris.com\/blogg\/wp-json\/wp\/v2\/posts\/4911\/revisions"}],"predecessor-version":[{"id":4944,"href":"http:\/\/www.susannavaris.com\/blogg\/wp-json\/wp\/v2\/posts\/4911\/revisions\/4944"}],"wp:attachment":[{"href":"http:\/\/www.susannavaris.com\/blogg\/wp-json\/wp\/v2\/media?parent=4911"}],"wp:term":[{"taxonomy":"category","embeddable":true,"href":"http:\/\/www.susannavaris.com\/blogg\/wp-json\/wp\/v2\/categories?post=4911"},{"taxonomy":"post_tag","embeddable":true,"href":"http:\/\/www.susannavaris.com\/blogg\/wp-json\/wp\/v2\/tags?post=4911"}],"curies":[{"name":"wp","href":"https:\/\/api.w.org\/{rel}","templated":true}]}}