{"id":4931,"date":"2012-04-02T23:59:24","date_gmt":"2012-04-02T21:59:24","guid":{"rendered":"http:\/\/www.susannavaris.com\/blogg\/?p=4931"},"modified":"2012-04-02T23:59:24","modified_gmt":"2012-04-02T21:59:24","slug":"intervju-med-heidi-hemmila-fran-ruotsinsuomalainen","status":"publish","type":"post","link":"http:\/\/www.susannavaris.com\/blogg\/2012\/04\/intervju-med-heidi-hemmila-fran-ruotsinsuomalainen\/","title":{"rendered":"Intervju med Heidi Hemmil\u00e4 fr\u00e5n Ruotsinsuomalainen"},"content":{"rendered":"<p>Intervjudags idag! Tidningen Ruotsinsuomalainen v\u00e4nder sig till finl\u00e4ndare i Sverige och kommer ut veckovis varje torsdag:<\/p>\n<p style=\"text-align: center;\"><a href=\"http:\/\/www.ruotsinsuomalainen.com\/index.shtml\">http:\/\/www.ruotsinsuomalainen.com\/index.shtml<\/a><\/p>\n<p style=\"text-align: left;\">F\u00f6rst till Matton f\u00f6r att inf\u00f6rskaffa packmaterial, lunch i en plastl\u00e5da fr\u00e5n Beirut Caf\u00e9, banan p\u00e5 tunnelbanan, isvindar i Gamla stan och moderskan redan p\u00e5 galleriet. Hon var klar fr\u00e5n sin kulturf\u00f6rening och skulle g\u00f6ra mig s\u00e4llskap&#8230;<\/p>\n<p style=\"text-align: center;\"><a href=\"http:\/\/www.susannavaris.com\/blogg\/wp-content\/uploads\/2012\/04\/DSC_0186-50.jpg\"><img loading=\"lazy\" decoding=\"async\" class=\"aligncenter size-large wp-image-4932\" title=\"DSC_0186-50\" src=\"http:\/\/www.susannavaris.com\/blogg\/wp-content\/uploads\/2012\/04\/DSC_0186-50-1024x582.jpg\" alt=\"\" width=\"640\" height=\"363\" srcset=\"http:\/\/www.susannavaris.com\/blogg\/wp-content\/uploads\/2012\/04\/DSC_0186-50-1024x582.jpg 1024w, http:\/\/www.susannavaris.com\/blogg\/wp-content\/uploads\/2012\/04\/DSC_0186-50-300x170.jpg 300w\" sizes=\"auto, (max-width: 640px) 100vw, 640px\" \/><\/a><em>\u00a0Snart d\u00f6k den glada Heidi Hemmil\u00e4 upp&#8230;<\/em><\/p>\n<p style=\"text-align: center;\"><a href=\"http:\/\/www.susannavaris.com\/blogg\/wp-content\/uploads\/2012\/04\/DSC_0188-crop-50.jpg\"><img loading=\"lazy\" decoding=\"async\" class=\"aligncenter size-large wp-image-4933\" title=\"DSC_0188-crop-50\" src=\"http:\/\/www.susannavaris.com\/blogg\/wp-content\/uploads\/2012\/04\/DSC_0188-crop-50-1024x638.jpg\" alt=\"\" width=\"640\" height=\"398\" srcset=\"http:\/\/www.susannavaris.com\/blogg\/wp-content\/uploads\/2012\/04\/DSC_0188-crop-50-1024x638.jpg 1024w, http:\/\/www.susannavaris.com\/blogg\/wp-content\/uploads\/2012\/04\/DSC_0188-crop-50-300x187.jpg 300w, http:\/\/www.susannavaris.com\/blogg\/wp-content\/uploads\/2012\/04\/DSC_0188-crop-50.jpg 1994w\" sizes=\"auto, (max-width: 640px) 100vw, 640px\" \/><\/a>\u00a0<a href=\"http:\/\/www.susannavaris.com\/blogg\/wp-content\/uploads\/2012\/04\/DSC_0190-50.jpg\"><img loading=\"lazy\" decoding=\"async\" class=\"aligncenter size-large wp-image-4934\" title=\"DSC_0190-50\" src=\"http:\/\/www.susannavaris.com\/blogg\/wp-content\/uploads\/2012\/04\/DSC_0190-50-682x1024.jpg\" alt=\"\" width=\"640\" height=\"960\" srcset=\"http:\/\/www.susannavaris.com\/blogg\/wp-content\/uploads\/2012\/04\/DSC_0190-50-682x1024.jpg 682w, http:\/\/www.susannavaris.com\/blogg\/wp-content\/uploads\/2012\/04\/DSC_0190-50-200x300.jpg 200w, http:\/\/www.susannavaris.com\/blogg\/wp-content\/uploads\/2012\/04\/DSC_0190-50.jpg 1536w\" sizes=\"auto, (max-width: 640px) 100vw, 640px\" \/><\/a>\u00a0<em>Jag snackar p\u00e5&#8230;vitt och brett&#8230;<\/em><\/p>\n<p style=\"text-align: center;\"><a href=\"http:\/\/www.susannavaris.com\/blogg\/wp-content\/uploads\/2012\/04\/DSC_0191-50.jpg\"><img loading=\"lazy\" decoding=\"async\" class=\"aligncenter size-large wp-image-4935\" title=\"DSC_0191-50\" src=\"http:\/\/www.susannavaris.com\/blogg\/wp-content\/uploads\/2012\/04\/DSC_0191-50-682x1024.jpg\" alt=\"\" width=\"640\" height=\"960\" srcset=\"http:\/\/www.susannavaris.com\/blogg\/wp-content\/uploads\/2012\/04\/DSC_0191-50-682x1024.jpg 682w, http:\/\/www.susannavaris.com\/blogg\/wp-content\/uploads\/2012\/04\/DSC_0191-50-200x300.jpg 200w, http:\/\/www.susannavaris.com\/blogg\/wp-content\/uploads\/2012\/04\/DSC_0191-50.jpg 1536w\" sizes=\"auto, (max-width: 640px) 100vw, 640px\" \/><\/a>\u00a0<em>Konstn\u00e4rinnan Sylvia Rhedin kom f\u00f6rbi under intervjun&#8230;<\/em><\/p>\n<p style=\"text-align: center;\"><a href=\"http:\/\/www.susannavaris.com\/blogg\/wp-content\/uploads\/2012\/04\/DSC_0192-50.jpg\"><img loading=\"lazy\" decoding=\"async\" class=\"aligncenter size-large wp-image-4936\" title=\"DSC_0192-50\" src=\"http:\/\/www.susannavaris.com\/blogg\/wp-content\/uploads\/2012\/04\/DSC_0192-50-682x1024.jpg\" alt=\"\" width=\"640\" height=\"960\" srcset=\"http:\/\/www.susannavaris.com\/blogg\/wp-content\/uploads\/2012\/04\/DSC_0192-50-682x1024.jpg 682w, http:\/\/www.susannavaris.com\/blogg\/wp-content\/uploads\/2012\/04\/DSC_0192-50-200x300.jpg 200w, http:\/\/www.susannavaris.com\/blogg\/wp-content\/uploads\/2012\/04\/DSC_0192-50.jpg 1536w\" sizes=\"auto, (max-width: 640px) 100vw, 640px\" \/><\/a>\u00a0<em>Heidi plockar upp sin Canonus Maximus&#8230;<\/em><\/p>\n<p style=\"text-align: center;\"><a href=\"http:\/\/www.susannavaris.com\/blogg\/wp-content\/uploads\/2012\/04\/DSC_0193-50.jpg\"><img loading=\"lazy\" decoding=\"async\" class=\"aligncenter size-large wp-image-4937\" title=\"DSC_0193-50\" src=\"http:\/\/www.susannavaris.com\/blogg\/wp-content\/uploads\/2012\/04\/DSC_0193-50-682x1024.jpg\" alt=\"\" width=\"640\" height=\"960\" srcset=\"http:\/\/www.susannavaris.com\/blogg\/wp-content\/uploads\/2012\/04\/DSC_0193-50-682x1024.jpg 682w, http:\/\/www.susannavaris.com\/blogg\/wp-content\/uploads\/2012\/04\/DSC_0193-50-200x300.jpg 200w, http:\/\/www.susannavaris.com\/blogg\/wp-content\/uploads\/2012\/04\/DSC_0193-50.jpg 1536w\" sizes=\"auto, (max-width: 640px) 100vw, 640px\" \/><\/a>\u00a0<em>&#8230;och moderskan f\u00e5r in en fulltr\u00e4ff d\u00e4r jag ser totalkanonkalaspackad ut. S\u00e5 klart. Vad annars? (Det \u00e4r d\u00e4rf\u00f6r man b\u00f6r ta n\u00e5gra stycken bilder m\u00e4nniskor!!!!!!)<\/em><\/p>\n<p style=\"text-align: center;\"><a href=\"http:\/\/www.susannavaris.com\/blogg\/wp-content\/uploads\/2012\/04\/DSC_0194-50.jpg\"><img loading=\"lazy\" decoding=\"async\" class=\"aligncenter size-large wp-image-4938\" title=\"DSC_0194-50\" src=\"http:\/\/www.susannavaris.com\/blogg\/wp-content\/uploads\/2012\/04\/DSC_0194-50-682x1024.jpg\" alt=\"\" width=\"640\" height=\"960\" srcset=\"http:\/\/www.susannavaris.com\/blogg\/wp-content\/uploads\/2012\/04\/DSC_0194-50-682x1024.jpg 682w, http:\/\/www.susannavaris.com\/blogg\/wp-content\/uploads\/2012\/04\/DSC_0194-50-200x300.jpg 200w, http:\/\/www.susannavaris.com\/blogg\/wp-content\/uploads\/2012\/04\/DSC_0194-50.jpg 1536w\" sizes=\"auto, (max-width: 640px) 100vw, 640px\" \/><\/a>\u00a0<em>Moderskan ber\u00e4ttar mer \u00e4n g\u00e4rna&#8230;<\/em><\/p>\n<p style=\"text-align: center;\"><a href=\"http:\/\/www.susannavaris.com\/blogg\/wp-content\/uploads\/2012\/04\/DSC_0196-50.jpg\"><img loading=\"lazy\" decoding=\"async\" class=\"aligncenter size-large wp-image-4939\" title=\"DSC_0196-50\" src=\"http:\/\/www.susannavaris.com\/blogg\/wp-content\/uploads\/2012\/04\/DSC_0196-50-682x1024.jpg\" alt=\"\" width=\"640\" height=\"960\" srcset=\"http:\/\/www.susannavaris.com\/blogg\/wp-content\/uploads\/2012\/04\/DSC_0196-50-682x1024.jpg 682w, http:\/\/www.susannavaris.com\/blogg\/wp-content\/uploads\/2012\/04\/DSC_0196-50-200x300.jpg 200w, http:\/\/www.susannavaris.com\/blogg\/wp-content\/uploads\/2012\/04\/DSC_0196-50.jpg 1536w\" sizes=\"auto, (max-width: 640px) 100vw, 640px\" \/><\/a>\u00a0<em>Sedan anl\u00e4nde Uffe som tur var och bilderna p\u00e5 mig och konstn\u00e4rskollegan Ingemar Strandh blev desto b\u00e4ttre&#8230;<\/em><\/p>\n<p style=\"text-align: center;\"><a href=\"http:\/\/www.susannavaris.com\/blogg\/wp-content\/uploads\/2012\/04\/DSC_0197-50.jpg\"><img loading=\"lazy\" decoding=\"async\" class=\"aligncenter size-large wp-image-4940\" title=\"DSC_0197-50\" src=\"http:\/\/www.susannavaris.com\/blogg\/wp-content\/uploads\/2012\/04\/DSC_0197-50-1024x682.jpg\" alt=\"\" width=\"640\" height=\"426\" srcset=\"http:\/\/www.susannavaris.com\/blogg\/wp-content\/uploads\/2012\/04\/DSC_0197-50-1024x682.jpg 1024w, http:\/\/www.susannavaris.com\/blogg\/wp-content\/uploads\/2012\/04\/DSC_0197-50-300x200.jpg 300w\" sizes=\"auto, (max-width: 640px) 100vw, 640px\" \/><\/a><\/p>\n<p style=\"text-align: center;\">Nu \u00e4r det snart dags att sussa, imorgon och p\u00e5 onsdag sk\u00f6ter moderskan om galleriet, men jag f\u00e5r se om jag kan h\u00e5lla mig d\u00e4rifr\u00e5n&#8230;<\/p>\n","protected":false},"excerpt":{"rendered":"<p>Intervjudags idag! Tidningen Ruotsinsuomalainen v\u00e4nder sig till finl\u00e4ndare i Sverige och kommer ut veckovis varje torsdag: http:\/\/www.ruotsinsuomalainen.com\/index.shtml F\u00f6rst till Matton f\u00f6r att inf\u00f6rskaffa packmaterial, lunch i en plastl\u00e5da fr\u00e5n Beirut Caf\u00e9, banan p\u00e5 tunnelbanan, isvindar i Gamla stan och moderskan &hellip; <a href=\"http:\/\/www.susannavaris.com\/blogg\/2012\/04\/intervju-med-heidi-hemmila-fran-ruotsinsuomalainen\/\">Forts\u00e4tt l\u00e4sa <span class=\"meta-nav\">&rarr;<\/span><\/a><\/p>\n","protected":false},"author":1,"featured_media":0,"comment_status":"open","ping_status":"open","sticky":false,"template":"","format":"standard","meta":{"footnotes":""},"categories":[7,1293,3,1162,589,1,4],"tags":[1278,313,1233,1565,1568,1566,1567,1564],"class_list":["post-4931","post","type-post","status-publish","format-standard","hentry","category-egna-verk","category-galleri-t-2","category-konst","category-kultur","category-medier","category-okategoriserade","category-utstallning","tag-c-o-t-c","tag-curse-of-the-crows","tag-galleri-t","tag-heidi-hemmila","tag-ingemar-strandh","tag-ruotsinsuomalainen","tag-ruotsinsuomalainen-lehti","tag-sylvia-rhedin"],"_links":{"self":[{"href":"http:\/\/www.susannavaris.com\/blogg\/wp-json\/wp\/v2\/posts\/4931","targetHints":{"allow":["GET"]}}],"collection":[{"href":"http:\/\/www.susannavaris.com\/blogg\/wp-json\/wp\/v2\/posts"}],"about":[{"href":"http:\/\/www.susannavaris.com\/blogg\/wp-json\/wp\/v2\/types\/post"}],"author":[{"embeddable":true,"href":"http:\/\/www.susannavaris.com\/blogg\/wp-json\/wp\/v2\/users\/1"}],"replies":[{"embeddable":true,"href":"http:\/\/www.susannavaris.com\/blogg\/wp-json\/wp\/v2\/comments?post=4931"}],"version-history":[{"count":2,"href":"http:\/\/www.susannavaris.com\/blogg\/wp-json\/wp\/v2\/posts\/4931\/revisions"}],"predecessor-version":[{"id":4942,"href":"http:\/\/www.susannavaris.com\/blogg\/wp-json\/wp\/v2\/posts\/4931\/revisions\/4942"}],"wp:attachment":[{"href":"http:\/\/www.susannavaris.com\/blogg\/wp-json\/wp\/v2\/media?parent=4931"}],"wp:term":[{"taxonomy":"category","embeddable":true,"href":"http:\/\/www.susannavaris.com\/blogg\/wp-json\/wp\/v2\/categories?post=4931"},{"taxonomy":"post_tag","embeddable":true,"href":"http:\/\/www.susannavaris.com\/blogg\/wp-json\/wp\/v2\/tags?post=4931"}],"curies":[{"name":"wp","href":"https:\/\/api.w.org\/{rel}","templated":true}]}}