{"id":4946,"date":"2012-04-03T21:37:59","date_gmt":"2012-04-03T19:37:59","guid":{"rendered":"http:\/\/www.susannavaris.com\/blogg\/?p=4946"},"modified":"2012-04-03T21:37:59","modified_gmt":"2012-04-03T19:37:59","slug":"spoken-pa-galleri-t","status":"publish","type":"post","link":"http:\/\/www.susannavaris.com\/blogg\/2012\/04\/spoken-pa-galleri-t\/","title":{"rendered":"Sp\u00f6ken p\u00e5 Galleri T"},"content":{"rendered":"<p style=\"text-align: center;\">Efter en stressig dag stack jag ut p\u00e5 en v\u00e4lbeh\u00f6vlig promenad p\u00e5 kv\u00e4llen.<\/p>\n<p style=\"text-align: center;\"><a href=\"http:\/\/www.susannavaris.com\/blogg\/wp-content\/uploads\/2012\/04\/IMAG0184.jpg\"><img loading=\"lazy\" decoding=\"async\" class=\"aligncenter size-full wp-image-4947\" title=\"IMAG0184\" src=\"http:\/\/www.susannavaris.com\/blogg\/wp-content\/uploads\/2012\/04\/IMAG0184.jpg\" alt=\"\" width=\"640\" height=\"384\" srcset=\"http:\/\/www.susannavaris.com\/blogg\/wp-content\/uploads\/2012\/04\/IMAG0184.jpg 640w, http:\/\/www.susannavaris.com\/blogg\/wp-content\/uploads\/2012\/04\/IMAG0184-300x180.jpg 300w\" sizes=\"auto, (max-width: 640px) 100vw, 640px\" \/><\/a>\u00a0<em>Vackert vid kanalen&#8230;<\/em><\/p>\n<p style=\"text-align: left;\">Sp\u00f6ket fr\u00e5n huset i Finland tycks ha flyttat med hit. Inte nog med att jag aldrig lyckades skriva in min pappas bok p\u00e5 en dator utan att dokumentet l\u00e5ste sig sj\u00e4lv och blev oredigerbart tills jag gav upp (p\u00e5 tv\u00e5 olika datorer, tv\u00e5 olika filer), nu r\u00f6r sig tavlorna p\u00e5 galleriet m\u00e4rkligt (vilket jag tror var orsakat av h\u00e4ftmassan p\u00e5 baksidan, men vem vet&#8230;), l\u00e5set blir obrukbart fr\u00e5n ena dagen till den andra och fasadflaggorna befinner sig ute trots att vi best\u00e4mt lade in dem ig\u00e5r&#8230;<\/p>\n<p style=\"text-align: left;\">Moderskan tog hand om galleriet idag och kom inte in sj\u00e4lv med samma nyckel som ig\u00e5r fungerade utan problem. Hon menar best\u00e4mt att flaggorna var ute n\u00e4r hon kom dit, vi \u00e4r \u00e5 v\u00e5r sida helt s\u00e4kra p\u00e5 att vi lade in dem ig\u00e5r kv\u00e4ll&#8230;<\/p>\n<p style=\"text-align: left;\">Min rationella sida tror inte p\u00e5 sp\u00f6ken, men min kreativa sida tycker om dem.<\/p>\n<p style=\"text-align: left;\">Imorgon blir det nog en sv\u00e4ng dit p\u00e5 eftermiddagen&#8230;<\/p>\n","protected":false},"excerpt":{"rendered":"<p>Efter en stressig dag stack jag ut p\u00e5 en v\u00e4lbeh\u00f6vlig promenad p\u00e5 kv\u00e4llen. \u00a0Vackert vid kanalen&#8230; Sp\u00f6ket fr\u00e5n huset i Finland tycks ha flyttat med hit. Inte nog med att jag aldrig lyckades skriva in min pappas bok p\u00e5 en &hellip; <a href=\"http:\/\/www.susannavaris.com\/blogg\/2012\/04\/spoken-pa-galleri-t\/\">Forts\u00e4tt l\u00e4sa <span class=\"meta-nav\">&rarr;<\/span><\/a><\/p>\n","protected":false},"author":1,"featured_media":0,"comment_status":"open","ping_status":"open","sticky":false,"template":"","format":"standard","meta":{"footnotes":""},"categories":[1293,3,1162,1,4],"tags":[1278,313,4896,1233,1571,1570,1569],"class_list":["post-4946","post","type-post","status-publish","format-standard","hentry","category-galleri-t-2","category-konst","category-kultur","category-okategoriserade","category-utstallning","tag-c-o-t-c","tag-curse-of-the-crows","tag-finland","tag-galleri-t","tag-gammelgarden","tag-spoke","tag-spoken"],"_links":{"self":[{"href":"http:\/\/www.susannavaris.com\/blogg\/wp-json\/wp\/v2\/posts\/4946","targetHints":{"allow":["GET"]}}],"collection":[{"href":"http:\/\/www.susannavaris.com\/blogg\/wp-json\/wp\/v2\/posts"}],"about":[{"href":"http:\/\/www.susannavaris.com\/blogg\/wp-json\/wp\/v2\/types\/post"}],"author":[{"embeddable":true,"href":"http:\/\/www.susannavaris.com\/blogg\/wp-json\/wp\/v2\/users\/1"}],"replies":[{"embeddable":true,"href":"http:\/\/www.susannavaris.com\/blogg\/wp-json\/wp\/v2\/comments?post=4946"}],"version-history":[{"count":2,"href":"http:\/\/www.susannavaris.com\/blogg\/wp-json\/wp\/v2\/posts\/4946\/revisions"}],"predecessor-version":[{"id":4949,"href":"http:\/\/www.susannavaris.com\/blogg\/wp-json\/wp\/v2\/posts\/4946\/revisions\/4949"}],"wp:attachment":[{"href":"http:\/\/www.susannavaris.com\/blogg\/wp-json\/wp\/v2\/media?parent=4946"}],"wp:term":[{"taxonomy":"category","embeddable":true,"href":"http:\/\/www.susannavaris.com\/blogg\/wp-json\/wp\/v2\/categories?post=4946"},{"taxonomy":"post_tag","embeddable":true,"href":"http:\/\/www.susannavaris.com\/blogg\/wp-json\/wp\/v2\/tags?post=4946"}],"curies":[{"name":"wp","href":"https:\/\/api.w.org\/{rel}","templated":true}]}}