{"id":4950,"date":"2012-04-04T22:20:54","date_gmt":"2012-04-04T20:20:54","guid":{"rendered":"http:\/\/www.susannavaris.com\/blogg\/?p=4950"},"modified":"2012-04-04T22:20:54","modified_gmt":"2012-04-04T20:20:54","slug":"nastsista-dagen","status":"publish","type":"post","link":"http:\/\/www.susannavaris.com\/blogg\/2012\/04\/nastsista-dagen\/","title":{"rendered":"N\u00e4stsista dagen"},"content":{"rendered":"<p>Klockan \u00e5tta iv\u00e4g till l\u00f6nearbetet, sedan tr\u00e4ning p\u00e5 SATS Stureplan. D\u00e4refter m\u00f6tte jag upp Uffe och vi tog en kort promenad till galleriet&#8230;inte mycket h\u00e4nde d\u00e4r. Moderskan ville g\u00e5 hem och det fick hon, vi tog ett par delikata bitar v\u00e4sterbottenpaj fr\u00e5n granncaf\u00e9et&#8230;helt underbart!<\/p>\n<p style=\"text-align: center;\"><a href=\"http:\/\/www.susannavaris.com\/blogg\/wp-content\/uploads\/2012\/04\/IMAG0185.jpg\"><img loading=\"lazy\" decoding=\"async\" class=\"aligncenter size-full wp-image-4953\" title=\"IMAG0185\" src=\"http:\/\/www.susannavaris.com\/blogg\/wp-content\/uploads\/2012\/04\/IMAG0185.jpg\" alt=\"\" width=\"640\" height=\"384\" srcset=\"http:\/\/www.susannavaris.com\/blogg\/wp-content\/uploads\/2012\/04\/IMAG0185.jpg 640w, http:\/\/www.susannavaris.com\/blogg\/wp-content\/uploads\/2012\/04\/IMAG0185-300x180.jpg 300w\" sizes=\"auto, (max-width: 640px) 100vw, 640px\" \/><\/a><em>\u00a0Uffe \u00e4r sm\u00e5krasslig och jag hoppas verkligen att jag denna g\u00e5ngen klarar mig!<\/em><\/p>\n<p style=\"text-align: center;\"><a href=\"http:\/\/www.susannavaris.com\/blogg\/wp-content\/uploads\/2012\/04\/IMAG0186.jpg\"><img loading=\"lazy\" decoding=\"async\" class=\"aligncenter size-full wp-image-4954\" title=\"IMAG0186\" src=\"http:\/\/www.susannavaris.com\/blogg\/wp-content\/uploads\/2012\/04\/IMAG0186.jpg\" alt=\"\" width=\"288\" height=\"480\" srcset=\"http:\/\/www.susannavaris.com\/blogg\/wp-content\/uploads\/2012\/04\/IMAG0186.jpg 288w, http:\/\/www.susannavaris.com\/blogg\/wp-content\/uploads\/2012\/04\/IMAG0186-180x300.jpg 180w\" sizes=\"auto, (max-width: 288px) 100vw, 288px\" \/><\/a>\u00a0<em>Vi sitter och v\u00e4ntar p\u00e5 pajbitarna&#8230;<\/em><\/p>\n<p style=\"text-align: center;\"><a href=\"http:\/\/www.susannavaris.com\/blogg\/wp-content\/uploads\/2012\/04\/056-crop-50.jpg\"><img loading=\"lazy\" decoding=\"async\" class=\"aligncenter size-large wp-image-4951\" title=\"056-crop-50\" src=\"http:\/\/www.susannavaris.com\/blogg\/wp-content\/uploads\/2012\/04\/056-crop-50-1024x676.jpg\" alt=\"\" width=\"640\" height=\"422\" srcset=\"http:\/\/www.susannavaris.com\/blogg\/wp-content\/uploads\/2012\/04\/056-crop-50-1024x676.jpg 1024w, http:\/\/www.susannavaris.com\/blogg\/wp-content\/uploads\/2012\/04\/056-crop-50-300x198.jpg 300w, http:\/\/www.susannavaris.com\/blogg\/wp-content\/uploads\/2012\/04\/056-crop-50.jpg 1028w\" sizes=\"auto, (max-width: 640px) 100vw, 640px\" \/><\/a>\u00a0<em>V\u00e4sterbottenostpaj med lax och gr\u00e4sl\u00f6kss\u00e5s&#8230;yammy!<\/em><\/p>\n<p style=\"text-align: center;\"><a href=\"http:\/\/www.susannavaris.com\/blogg\/wp-content\/uploads\/2012\/04\/057-50.jpg\"><img loading=\"lazy\" decoding=\"async\" class=\"aligncenter size-large wp-image-4952\" title=\"057-50\" src=\"http:\/\/www.susannavaris.com\/blogg\/wp-content\/uploads\/2012\/04\/057-50-1024x768.jpg\" alt=\"\" width=\"640\" height=\"480\" srcset=\"http:\/\/www.susannavaris.com\/blogg\/wp-content\/uploads\/2012\/04\/057-50-1024x768.jpg 1024w, http:\/\/www.susannavaris.com\/blogg\/wp-content\/uploads\/2012\/04\/057-50-300x225.jpg 300w, http:\/\/www.susannavaris.com\/blogg\/wp-content\/uploads\/2012\/04\/057-50.jpg 1408w\" sizes=\"auto, (max-width: 640px) 100vw, 640px\" \/><\/a><em>\u00a0Lite sallad till&#8230;<\/em><\/p>\n<p style=\"text-align: center;\">N\u00e5gra bes\u00f6kare droppade in men det var v\u00e4ldigt lugnt. Imorgon h\u00e5ller vi \u00f6ppet i tre timmar, sedan plockas utst\u00e4llningen ner och Curse of the Crows \u00e4r slut. Men jag tror att det temat kommer att g\u00e5 igen i en eller annan form i framtiden&#8230;<\/p>\n","protected":false},"excerpt":{"rendered":"<p>Klockan \u00e5tta iv\u00e4g till l\u00f6nearbetet, sedan tr\u00e4ning p\u00e5 SATS Stureplan. D\u00e4refter m\u00f6tte jag upp Uffe och vi tog en kort promenad till galleriet&#8230;inte mycket h\u00e4nde d\u00e4r. Moderskan ville g\u00e5 hem och det fick hon, vi tog ett par delikata bitar &hellip; <a href=\"http:\/\/www.susannavaris.com\/blogg\/2012\/04\/nastsista-dagen\/\">Forts\u00e4tt l\u00e4sa <span class=\"meta-nav\">&rarr;<\/span><\/a><\/p>\n","protected":false},"author":1,"featured_media":0,"comment_status":"open","ping_status":"open","sticky":false,"template":"","format":"standard","meta":{"footnotes":""},"categories":[7,1293,3,1162,1,4],"tags":[1278,313,1233],"class_list":["post-4950","post","type-post","status-publish","format-standard","hentry","category-egna-verk","category-galleri-t-2","category-konst","category-kultur","category-okategoriserade","category-utstallning","tag-c-o-t-c","tag-curse-of-the-crows","tag-galleri-t"],"_links":{"self":[{"href":"http:\/\/www.susannavaris.com\/blogg\/wp-json\/wp\/v2\/posts\/4950","targetHints":{"allow":["GET"]}}],"collection":[{"href":"http:\/\/www.susannavaris.com\/blogg\/wp-json\/wp\/v2\/posts"}],"about":[{"href":"http:\/\/www.susannavaris.com\/blogg\/wp-json\/wp\/v2\/types\/post"}],"author":[{"embeddable":true,"href":"http:\/\/www.susannavaris.com\/blogg\/wp-json\/wp\/v2\/users\/1"}],"replies":[{"embeddable":true,"href":"http:\/\/www.susannavaris.com\/blogg\/wp-json\/wp\/v2\/comments?post=4950"}],"version-history":[{"count":2,"href":"http:\/\/www.susannavaris.com\/blogg\/wp-json\/wp\/v2\/posts\/4950\/revisions"}],"predecessor-version":[{"id":4956,"href":"http:\/\/www.susannavaris.com\/blogg\/wp-json\/wp\/v2\/posts\/4950\/revisions\/4956"}],"wp:attachment":[{"href":"http:\/\/www.susannavaris.com\/blogg\/wp-json\/wp\/v2\/media?parent=4950"}],"wp:term":[{"taxonomy":"category","embeddable":true,"href":"http:\/\/www.susannavaris.com\/blogg\/wp-json\/wp\/v2\/categories?post=4950"},{"taxonomy":"post_tag","embeddable":true,"href":"http:\/\/www.susannavaris.com\/blogg\/wp-json\/wp\/v2\/tags?post=4950"}],"curies":[{"name":"wp","href":"https:\/\/api.w.org\/{rel}","templated":true}]}}