{"id":4958,"date":"2012-04-05T19:41:13","date_gmt":"2012-04-05T17:41:13","guid":{"rendered":"http:\/\/www.susannavaris.com\/blogg\/?p=4958"},"modified":"2012-04-05T19:41:13","modified_gmt":"2012-04-05T17:41:13","slug":"sista-dagen-pa-galleri-t","status":"publish","type":"post","link":"http:\/\/www.susannavaris.com\/blogg\/2012\/04\/sista-dagen-pa-galleri-t\/","title":{"rendered":"Sista dagen p\u00e5 Galleri T"},"content":{"rendered":"<p>S\u00e5 var det dags f\u00f6r sista utst\u00e4llningsdagen. Moderskan hade h\u00e4mtat hyrbilen och vi styrde in kosan mot huvudstaden vid 11-tiden. Str\u00e5lande vackert v\u00e4der! Vi tog lunch p\u00e5 polsk-ryska fiket tv\u00e4rs \u00f6ver gatan och till och med n\u00e5gra bes\u00f6kare kom f\u00f6rbi under de tre timmar vi hade \u00f6ppet.<\/p>\n<p style=\"text-align: center;\"><a href=\"http:\/\/www.susannavaris.com\/blogg\/wp-content\/uploads\/2012\/04\/DSC_0220-50.jpg\"><img loading=\"lazy\" decoding=\"async\" class=\"aligncenter size-large wp-image-4959\" title=\"DSC_0220-50\" src=\"http:\/\/www.susannavaris.com\/blogg\/wp-content\/uploads\/2012\/04\/DSC_0220-50-1024x682.jpg\" alt=\"\" width=\"640\" height=\"426\" srcset=\"http:\/\/www.susannavaris.com\/blogg\/wp-content\/uploads\/2012\/04\/DSC_0220-50-1024x682.jpg 1024w, http:\/\/www.susannavaris.com\/blogg\/wp-content\/uploads\/2012\/04\/DSC_0220-50-300x200.jpg 300w\" sizes=\"auto, (max-width: 640px) 100vw, 640px\" \/><\/a>\u00a0<em>Sen kom Mia! S\u00e5\u00e5 roligt att ses igen!<\/em><\/p>\n<p style=\"text-align: center;\"><a href=\"http:\/\/www.susannavaris.com\/blogg\/wp-content\/uploads\/2012\/04\/DSC_0221-crop.jpg\"><img loading=\"lazy\" decoding=\"async\" class=\"aligncenter size-large wp-image-4960\" title=\"DSC_0221-crop\" src=\"http:\/\/www.susannavaris.com\/blogg\/wp-content\/uploads\/2012\/04\/DSC_0221-crop-440x1024.jpg\" alt=\"\" width=\"440\" height=\"1024\" srcset=\"http:\/\/www.susannavaris.com\/blogg\/wp-content\/uploads\/2012\/04\/DSC_0221-crop-440x1024.jpg 440w, http:\/\/www.susannavaris.com\/blogg\/wp-content\/uploads\/2012\/04\/DSC_0221-crop-129x300.jpg 129w\" sizes=\"auto, (max-width: 440px) 100vw, 440px\" \/><\/a>\u00a0<em>Bara Mia, jag s\u00e5g inte klok ut p\u00e5 den h\u00e4r bilden&#8230;<\/em><\/p>\n<p style=\"text-align: center;\"><a href=\"http:\/\/www.susannavaris.com\/blogg\/wp-content\/uploads\/2012\/04\/DSC_0222-50.jpg\"><img loading=\"lazy\" decoding=\"async\" class=\"aligncenter size-large wp-image-4961\" title=\"DSC_0222-50\" src=\"http:\/\/www.susannavaris.com\/blogg\/wp-content\/uploads\/2012\/04\/DSC_0222-50-682x1024.jpg\" alt=\"\" width=\"640\" height=\"960\" srcset=\"http:\/\/www.susannavaris.com\/blogg\/wp-content\/uploads\/2012\/04\/DSC_0222-50-682x1024.jpg 682w, http:\/\/www.susannavaris.com\/blogg\/wp-content\/uploads\/2012\/04\/DSC_0222-50-200x300.jpg 200w, http:\/\/www.susannavaris.com\/blogg\/wp-content\/uploads\/2012\/04\/DSC_0222-50.jpg 1536w\" sizes=\"auto, (max-width: 640px) 100vw, 640px\" \/><\/a>\u00a0<em>Min idol, inspirationsk\u00e4lla och v\u00e4n, Mia M\u00e4kil\u00e4 och jag.<\/em><\/p>\n<p style=\"text-align: center;\"><a href=\"http:\/\/www.susannavaris.com\/blogg\/wp-content\/uploads\/2012\/04\/DSC_0223-50.jpg\"><img loading=\"lazy\" decoding=\"async\" class=\"aligncenter size-large wp-image-4962\" title=\"DSC_0223-50\" src=\"http:\/\/www.susannavaris.com\/blogg\/wp-content\/uploads\/2012\/04\/DSC_0223-50-682x1024.jpg\" alt=\"\" width=\"640\" height=\"960\" srcset=\"http:\/\/www.susannavaris.com\/blogg\/wp-content\/uploads\/2012\/04\/DSC_0223-50-682x1024.jpg 682w, http:\/\/www.susannavaris.com\/blogg\/wp-content\/uploads\/2012\/04\/DSC_0223-50-200x300.jpg 200w, http:\/\/www.susannavaris.com\/blogg\/wp-content\/uploads\/2012\/04\/DSC_0223-50.jpg 1536w\" sizes=\"auto, (max-width: 640px) 100vw, 640px\" \/><\/a>\u00a0<em>En sm\u00e5krasslig Uffe<\/em><\/p>\n<p style=\"text-align: center;\"><a href=\"http:\/\/www.susannavaris.com\/blogg\/wp-content\/uploads\/2012\/04\/DSC_0224-50.jpg\"><img loading=\"lazy\" decoding=\"async\" class=\"aligncenter size-large wp-image-4963\" title=\"DSC_0224-50\" src=\"http:\/\/www.susannavaris.com\/blogg\/wp-content\/uploads\/2012\/04\/DSC_0224-50-682x1024.jpg\" alt=\"\" width=\"640\" height=\"960\" srcset=\"http:\/\/www.susannavaris.com\/blogg\/wp-content\/uploads\/2012\/04\/DSC_0224-50-682x1024.jpg 682w, http:\/\/www.susannavaris.com\/blogg\/wp-content\/uploads\/2012\/04\/DSC_0224-50-200x300.jpg 200w, http:\/\/www.susannavaris.com\/blogg\/wp-content\/uploads\/2012\/04\/DSC_0224-50.jpg 1536w\" sizes=\"auto, (max-width: 640px) 100vw, 640px\" \/><\/a>\u00a0<em>Mia i f\u00e4rd med att skriva i utst\u00e4llningsboken&#8230;<\/em><\/p>\n<p style=\"text-align: center;\">Nedplockningen och st\u00e4dningen tog en femtio minuter, vi b\u00f6rjar bli riktiga proffs p\u00e5 detta! Sn\u00e4lla Harriet ville dock sj\u00e4lv skura golvet och det tackar vi speciellt f\u00f6r!<\/p>\n<p style=\"text-align: center;\"><a href=\"http:\/\/www.susannavaris.com\/blogg\/wp-content\/uploads\/2012\/04\/DSC_0225-50.jpg\"><img loading=\"lazy\" decoding=\"async\" class=\"aligncenter size-large wp-image-4964\" title=\"DSC_0225-50\" src=\"http:\/\/www.susannavaris.com\/blogg\/wp-content\/uploads\/2012\/04\/DSC_0225-50-1024x682.jpg\" alt=\"\" width=\"640\" height=\"426\" srcset=\"http:\/\/www.susannavaris.com\/blogg\/wp-content\/uploads\/2012\/04\/DSC_0225-50-1024x682.jpg 1024w, http:\/\/www.susannavaris.com\/blogg\/wp-content\/uploads\/2012\/04\/DSC_0225-50-300x200.jpg 300w\" sizes=\"auto, (max-width: 640px) 100vw, 640px\" \/><\/a>\u00a0<em>Avf\u00e4rd<\/em><\/p>\n<p style=\"text-align: center;\"><a href=\"http:\/\/www.susannavaris.com\/blogg\/wp-content\/uploads\/2012\/04\/DSC_0226-50.jpg\"><img loading=\"lazy\" decoding=\"async\" class=\"aligncenter size-large wp-image-4965\" title=\"DSC_0226-50\" src=\"http:\/\/www.susannavaris.com\/blogg\/wp-content\/uploads\/2012\/04\/DSC_0226-50-1024x682.jpg\" alt=\"\" width=\"640\" height=\"426\" srcset=\"http:\/\/www.susannavaris.com\/blogg\/wp-content\/uploads\/2012\/04\/DSC_0226-50-1024x682.jpg 1024w, http:\/\/www.susannavaris.com\/blogg\/wp-content\/uploads\/2012\/04\/DSC_0226-50-300x200.jpg 300w\" sizes=\"auto, (max-width: 640px) 100vw, 640px\" \/><\/a><em>\u00a0S\u00e5 var Curse of the Crows slut! Det har varit roligt, omtumlande, hektiskt, intressant, sp\u00e4nnande, l\u00e4rorikt och givande&#8230;att jag sedan s\u00e5lde ett antal verk var enbart plus. Jag \u00e4r supern\u00f6jd!!<\/em><\/p>\n<p style=\"text-align: center;\"><a href=\"http:\/\/www.susannavaris.com\/blogg\/wp-content\/uploads\/2012\/04\/DSC_0228-50.jpg\"><img loading=\"lazy\" decoding=\"async\" class=\"aligncenter size-large wp-image-4966\" title=\"DSC_0228-50\" src=\"http:\/\/www.susannavaris.com\/blogg\/wp-content\/uploads\/2012\/04\/DSC_0228-50-1024x682.jpg\" alt=\"\" width=\"640\" height=\"426\" srcset=\"http:\/\/www.susannavaris.com\/blogg\/wp-content\/uploads\/2012\/04\/DSC_0228-50-1024x682.jpg 1024w, http:\/\/www.susannavaris.com\/blogg\/wp-content\/uploads\/2012\/04\/DSC_0228-50-300x200.jpg 300w\" sizes=\"auto, (max-width: 640px) 100vw, 640px\" \/><\/a>\u00a0<em>P\u00e5skhelgsk\u00f6er p\u00e5 E4:an mot S\u00f6dert\u00e4lje&#8230;<\/em><\/p>\n<p style=\"text-align: center;\"><a href=\"http:\/\/www.susannavaris.com\/blogg\/wp-content\/uploads\/2012\/04\/DSC_0229-50.jpg\"><img loading=\"lazy\" decoding=\"async\" class=\"aligncenter size-large wp-image-4967\" title=\"DSC_0229-50\" src=\"http:\/\/www.susannavaris.com\/blogg\/wp-content\/uploads\/2012\/04\/DSC_0229-50-682x1024.jpg\" alt=\"\" width=\"640\" height=\"960\" srcset=\"http:\/\/www.susannavaris.com\/blogg\/wp-content\/uploads\/2012\/04\/DSC_0229-50-682x1024.jpg 682w, http:\/\/www.susannavaris.com\/blogg\/wp-content\/uploads\/2012\/04\/DSC_0229-50-200x300.jpg 200w, http:\/\/www.susannavaris.com\/blogg\/wp-content\/uploads\/2012\/04\/DSC_0229-50.jpg 1536w\" sizes=\"auto, (max-width: 640px) 100vw, 640px\" \/><\/a>\u00a0<em>Ingrids vackra blommor h\u00f6ll \u00e4n, s\u00e5 jag tog dem hem och av Mia fick jag den s\u00f6ta lilla buketten och vasen&#8230;<\/em><\/p>\n<p style=\"text-align: center;\"><a href=\"http:\/\/www.susannavaris.com\/blogg\/wp-content\/uploads\/2012\/04\/DSC_0231-50.jpg\"><img loading=\"lazy\" decoding=\"async\" class=\"aligncenter size-large wp-image-4968\" title=\"DSC_0231-50\" src=\"http:\/\/www.susannavaris.com\/blogg\/wp-content\/uploads\/2012\/04\/DSC_0231-50-682x1024.jpg\" alt=\"\" width=\"640\" height=\"960\" srcset=\"http:\/\/www.susannavaris.com\/blogg\/wp-content\/uploads\/2012\/04\/DSC_0231-50-682x1024.jpg 682w, http:\/\/www.susannavaris.com\/blogg\/wp-content\/uploads\/2012\/04\/DSC_0231-50-200x300.jpg 200w, http:\/\/www.susannavaris.com\/blogg\/wp-content\/uploads\/2012\/04\/DSC_0231-50.jpg 1536w\" sizes=\"auto, (max-width: 640px) 100vw, 640px\" \/><\/a><\/p>\n<p style=\"text-align: center;\">N\u00e4sta evenemang blir Konst i Kungstr\u00e4dg\u00e5rden 29. &#8211; 30. april.<\/p>\n<p style=\"text-align: center;\">\n","protected":false},"excerpt":{"rendered":"<p>S\u00e5 var det dags f\u00f6r sista utst\u00e4llningsdagen. Moderskan hade h\u00e4mtat hyrbilen och vi styrde in kosan mot huvudstaden vid 11-tiden. Str\u00e5lande vackert v\u00e4der! Vi tog lunch p\u00e5 polsk-ryska fiket tv\u00e4rs \u00f6ver gatan och till och med n\u00e5gra bes\u00f6kare kom f\u00f6rbi &hellip; <a href=\"http:\/\/www.susannavaris.com\/blogg\/2012\/04\/sista-dagen-pa-galleri-t\/\">Forts\u00e4tt l\u00e4sa <span class=\"meta-nav\">&rarr;<\/span><\/a><\/p>\n","protected":false},"author":1,"featured_media":0,"comment_status":"open","ping_status":"open","sticky":false,"template":"","format":"standard","meta":{"footnotes":""},"categories":[7,1293,13,3,1323,1162,1,4],"tags":[1278,313,1233,95,198,414,1572,1573],"class_list":["post-4958","post","type-post","status-publish","format-standard","hentry","category-egna-verk","category-galleri-t-2","category-inspiration","category-konst","category-konst-i-kungstradgarden","category-kultur","category-okategoriserade","category-utstallning","tag-c-o-t-c","tag-curse-of-the-crows","tag-galleri-t","tag-gamla-stan","tag-kungliga-slottet","tag-mia-makila","tag-slottsbacken","tag-ulf-holmen"],"_links":{"self":[{"href":"http:\/\/www.susannavaris.com\/blogg\/wp-json\/wp\/v2\/posts\/4958","targetHints":{"allow":["GET"]}}],"collection":[{"href":"http:\/\/www.susannavaris.com\/blogg\/wp-json\/wp\/v2\/posts"}],"about":[{"href":"http:\/\/www.susannavaris.com\/blogg\/wp-json\/wp\/v2\/types\/post"}],"author":[{"embeddable":true,"href":"http:\/\/www.susannavaris.com\/blogg\/wp-json\/wp\/v2\/users\/1"}],"replies":[{"embeddable":true,"href":"http:\/\/www.susannavaris.com\/blogg\/wp-json\/wp\/v2\/comments?post=4958"}],"version-history":[{"count":2,"href":"http:\/\/www.susannavaris.com\/blogg\/wp-json\/wp\/v2\/posts\/4958\/revisions"}],"predecessor-version":[{"id":4970,"href":"http:\/\/www.susannavaris.com\/blogg\/wp-json\/wp\/v2\/posts\/4958\/revisions\/4970"}],"wp:attachment":[{"href":"http:\/\/www.susannavaris.com\/blogg\/wp-json\/wp\/v2\/media?parent=4958"}],"wp:term":[{"taxonomy":"category","embeddable":true,"href":"http:\/\/www.susannavaris.com\/blogg\/wp-json\/wp\/v2\/categories?post=4958"},{"taxonomy":"post_tag","embeddable":true,"href":"http:\/\/www.susannavaris.com\/blogg\/wp-json\/wp\/v2\/tags?post=4958"}],"curies":[{"name":"wp","href":"https:\/\/api.w.org\/{rel}","templated":true}]}}