{"id":496,"date":"2011-05-26T22:29:37","date_gmt":"2011-05-26T20:29:37","guid":{"rendered":"http:\/\/www.susannavaris.com\/blogg\/?p=496"},"modified":"2023-02-13T17:03:11","modified_gmt":"2023-02-13T16:03:11","slug":"25-maj-2011","status":"publish","type":"post","link":"http:\/\/www.susannavaris.com\/blogg\/2011\/05\/25-maj-2011\/","title":{"rendered":"25. maj 2011"},"content":{"rendered":"\n<p class=\"has-text-align-center\">Det n\u00e4rmar sig vernissage. Moderskan och jag tog en promenad ner till s\u00f6dert\u00e4ljestan f\u00f6r att inf\u00f6rskaffa \u00e4nnu fler ramar, kolla om det \u00e5terstod n\u00e5gonting av Jade Jaggers kollektion f\u00f6r Indiska, h\u00e4mta nycklarna till galleriet, l\u00e4mna b\u00f6cker p\u00e5 bibblan, laga en s\u00f6m p\u00e5 en promenaddojja&#8230;lite allt m\u00f6jligt.<\/p>\n\n\n\n<p class=\"has-text-align-center\">Skon blev snabbt avklarad p\u00e5 stamskomakaren p\u00e5 J\u00e4rnagatan. Samme man har lagat alla mina skor sedan pumpsen och mormorsk\u00e4ngorna p\u00e5 80-talet. Mina gothiga ankelboots med sp\u00e4nnen, cowboybootsen fr\u00e5n sleaze-perioden i b\u00f6rjan av 90-talet, vinterst\u00f6vlar av alla de slag, handv\u00e4skor&#8230;nu senast t\u00f6jdes tre par Bruno Magli- och Nina Ricci-skor ut n\u00e5gon millimeter (tyv\u00e4rr \u00e4r dom fortfarande f\u00f6r sm\u00e5&#8230;). Moderskans promenadskor tog en minut att laga och kostade hela 30 kronor.<\/p>\n\n\n<div class=\"wp-block-image\">\n<figure class=\"aligncenter\"><a href=\"http:\/\/www.susannavaris.com\/blogg\/wp-content\/uploads\/2011\/05\/TaljeVykort10x.jpg\"><img loading=\"lazy\" decoding=\"async\" width=\"700\" height=\"444\" src=\"http:\/\/www.susannavaris.com\/blogg\/wp-content\/uploads\/2011\/05\/TaljeVykort10x.jpg\" alt=\"\" class=\"wp-image-498\" title=\"TaljeVykort10x\" srcset=\"http:\/\/www.susannavaris.com\/blogg\/wp-content\/uploads\/2011\/05\/TaljeVykort10x.jpg 700w, http:\/\/www.susannavaris.com\/blogg\/wp-content\/uploads\/2011\/05\/TaljeVykort10x-300x190.jpg 300w\" sizes=\"auto, (max-width: 700px) 100vw, 700px\" \/><\/a><\/figure>\n<\/div>\n\n\n<p class=\"has-text-align-center\"><em>H\u00e4r ligger PPS Skomakare och Nyckelservice driven av Halaf Esat.<\/em><\/p>\n\n\n\n<p class=\"has-text-align-center\">Sedan Indiska. Jag hade hoppats p\u00e5 att Jade Jaggers kollektion f\u00f6r Indiska inte skulle vara s\u00e5 m\u00e5stehaig, men givetvis var den det. Precis min dr\u00f6m om Marrakech, lyxhippie, Rolling Stones, Bowie, Anita Pallenberg&#8230;YSL, Cavalli&#8230;<\/p>\n\n\n<div class=\"wp-block-image\">\n<figure class=\"aligncenter size-large\"><img loading=\"lazy\" decoding=\"async\" width=\"1024\" height=\"1024\" src=\"http:\/\/www.susannavaris.com\/blogg\/wp-content\/uploads\/2023\/02\/Bild-borttagen-1024x1024.jpg\" alt=\"\" class=\"wp-image-17619\" title=\"indiska01\" srcset=\"http:\/\/www.susannavaris.com\/blogg\/wp-content\/uploads\/2023\/02\/Bild-borttagen-1024x1024.jpg 1024w, http:\/\/www.susannavaris.com\/blogg\/wp-content\/uploads\/2023\/02\/Bild-borttagen-300x300.jpg 300w, http:\/\/www.susannavaris.com\/blogg\/wp-content\/uploads\/2023\/02\/Bild-borttagen-150x150.jpg 150w, http:\/\/www.susannavaris.com\/blogg\/wp-content\/uploads\/2023\/02\/Bild-borttagen-768x768.jpg 768w, http:\/\/www.susannavaris.com\/blogg\/wp-content\/uploads\/2023\/02\/Bild-borttagen-1536x1536.jpg 1536w, http:\/\/www.susannavaris.com\/blogg\/wp-content\/uploads\/2023\/02\/Bild-borttagen-2048x2048.jpg 2048w\" sizes=\"auto, (max-width: 1024px) 100vw, 1024px\" \/><\/figure>\n<\/div>\n\n\n<p class=\"has-text-align-center\"><em>Jade Jagger personifierar min Marrakech-dr\u00f6m&#8230;<\/em><\/p>\n\n\n\n<p class=\"has-text-align-center\">Turligt nog, eller oturligt, hur man nu ser det, fanns det en hel del plagg och inredningssaker kvar. Jag haffade den gr\u00f6nbl\u00e5m\u00f6nstrade, korta, supersnygga kl\u00e4nningen, en urtjusig sk\u00e5l och en kudde. Sakerna \u00e4r kvar p\u00e5 aff\u00e4ren, d\u00e5 jag hade en hel del ramar att sl\u00e4pa p\u00e5 och imorgon har vi en bil.<\/p>\n\n\n<div class=\"wp-block-image\">\n<figure class=\"aligncenter\"><a href=\"http:\/\/www.susannavaris.com\/blogg\/wp-content\/uploads\/2011\/05\/11052501.jpg\"><img loading=\"lazy\" decoding=\"async\" width=\"1024\" height=\"768\" src=\"http:\/\/www.susannavaris.com\/blogg\/wp-content\/uploads\/2011\/05\/11052501-1024x768.jpg\" alt=\"\" class=\"wp-image-503\" title=\"11052501\" srcset=\"http:\/\/www.susannavaris.com\/blogg\/wp-content\/uploads\/2011\/05\/11052501-1024x768.jpg 1024w, http:\/\/www.susannavaris.com\/blogg\/wp-content\/uploads\/2011\/05\/11052501-300x225.jpg 300w\" sizes=\"auto, (max-width: 1024px) 100vw, 1024px\" \/><\/a><\/figure>\n<\/div>\n\n\n<p class=\"has-text-align-center\"><em>Moderskan omvandlar bilden som ska visa min reklam till en Indiska-reklam ist\u00e4llet&#8230;<\/em><\/p>\n\n\n<div class=\"wp-block-image\">\n<figure class=\"aligncenter\"><a href=\"http:\/\/www.susannavaris.com\/blogg\/wp-content\/uploads\/2011\/05\/11052502.jpg\"><img loading=\"lazy\" decoding=\"async\" width=\"1024\" height=\"768\" src=\"http:\/\/www.susannavaris.com\/blogg\/wp-content\/uploads\/2011\/05\/11052502-1024x768.jpg\" alt=\"\" class=\"wp-image-507\" title=\"11052502\" srcset=\"http:\/\/www.susannavaris.com\/blogg\/wp-content\/uploads\/2011\/05\/11052502-1024x768.jpg 1024w, http:\/\/www.susannavaris.com\/blogg\/wp-content\/uploads\/2011\/05\/11052502-300x225.jpg 300w\" sizes=\"auto, (max-width: 1024px) 100vw, 1024px\" \/><\/a><\/figure>\n<\/div>\n\n\n<p class=\"has-text-align-center\"><em><br><\/em><\/p>\n\n\n<div class=\"wp-block-image\">\n<figure class=\"aligncenter\"><a href=\"http:\/\/www.susannavaris.com\/blogg\/wp-content\/uploads\/2011\/05\/11052504.jpg\"><img loading=\"lazy\" decoding=\"async\" width=\"1024\" height=\"768\" src=\"http:\/\/www.susannavaris.com\/blogg\/wp-content\/uploads\/2011\/05\/11052504-1024x768.jpg\" alt=\"\" class=\"wp-image-504\" title=\"11052504\" srcset=\"http:\/\/www.susannavaris.com\/blogg\/wp-content\/uploads\/2011\/05\/11052504-1024x768.jpg 1024w, http:\/\/www.susannavaris.com\/blogg\/wp-content\/uploads\/2011\/05\/11052504-300x225.jpg 300w\" sizes=\"auto, (max-width: 1024px) 100vw, 1024px\" \/><\/a><\/figure>\n<\/div>\n\n\n<p class=\"has-text-align-center\"><em><br><\/em><\/p>\n\n\n\n<p class=\"has-text-align-center\">P\u00e5 galleriet tr\u00e4ffade vi Monica och inventerade det sista. Jag beh\u00f6ver som tur \u00e4r inte k\u00f6pa in s\u00e5\u00e5 mycket saker till, mest det som ska serveras och lite sm\u00e5krafs. Jag gillar verkligen det lilla galleriet, precis s\u00e5 snygg och funktionell som beh\u00f6vs. Ska g\u00e5 med i Zebragruppen s\u00e5 fort b\u00f6rsen till\u00e5ter.<\/p>\n\n\n<div class=\"wp-block-image\">\n<figure class=\"aligncenter\"><a href=\"http:\/\/www.susannavaris.com\/blogg\/wp-content\/uploads\/2011\/05\/11052503.jpg\"><img loading=\"lazy\" decoding=\"async\" width=\"1024\" height=\"768\" src=\"http:\/\/www.susannavaris.com\/blogg\/wp-content\/uploads\/2011\/05\/11052503-1024x768.jpg\" alt=\"\" class=\"wp-image-505\" title=\"11052503\" srcset=\"http:\/\/www.susannavaris.com\/blogg\/wp-content\/uploads\/2011\/05\/11052503-1024x768.jpg 1024w, http:\/\/www.susannavaris.com\/blogg\/wp-content\/uploads\/2011\/05\/11052503-300x225.jpg 300w\" sizes=\"auto, (max-width: 1024px) 100vw, 1024px\" \/><\/a><\/figure>\n<\/div>\n\n<div class=\"wp-block-image\">\n<figure class=\"aligncenter\"><a href=\"http:\/\/www.susannavaris.com\/blogg\/wp-content\/uploads\/2011\/05\/11052505x.jpg\"><img loading=\"lazy\" decoding=\"async\" width=\"768\" height=\"1024\" src=\"http:\/\/www.susannavaris.com\/blogg\/wp-content\/uploads\/2011\/05\/11052505x-768x1024.jpg\" alt=\"\" class=\"wp-image-506\" title=\"11052505x\" srcset=\"http:\/\/www.susannavaris.com\/blogg\/wp-content\/uploads\/2011\/05\/11052505x-768x1024.jpg 768w, http:\/\/www.susannavaris.com\/blogg\/wp-content\/uploads\/2011\/05\/11052505x-225x300.jpg 225w\" sizes=\"auto, (max-width: 768px) 100vw, 768px\" \/><\/a><\/figure>\n<\/div>\n\n\n<p class=\"has-text-align-center\"><em>Efter galleriet, lunch p\u00e5 Nancy\u00b4s Lounge i Telgegallerian, mezetallrik&#8230;nom nom nom<\/em><\/p>\n","protected":false},"excerpt":{"rendered":"<p>Det n\u00e4rmar sig vernissage. Moderskan och jag tog en promenad ner till s\u00f6dert\u00e4ljestan f\u00f6r att inf\u00f6rskaffa \u00e4nnu fler ramar, kolla om det \u00e5terstod n\u00e5gonting av Jade Jaggers kollektion f\u00f6r Indiska, h\u00e4mta nycklarna till galleriet, l\u00e4mna b\u00f6cker p\u00e5 bibblan, laga en &hellip; <a href=\"http:\/\/www.susannavaris.com\/blogg\/2011\/05\/25-maj-2011\/\">Forts\u00e4tt l\u00e4sa <span class=\"meta-nav\">&rarr;<\/span><\/a><\/p>\n","protected":false},"author":1,"featured_media":504,"comment_status":"open","ping_status":"open","sticky":false,"template":"","format":"standard","meta":{"footnotes":""},"categories":[166,14,1],"tags":[54,168,167,170,169],"class_list":["post-496","post","type-post","status-publish","format-standard","has-post-thumbnail","hentry","category-galleri-zebra-2","category-mode","category-okategoriserade","tag-galleri-zebra","tag-indiska","tag-jade-jagger","tag-lyxhippie","tag-rolling-stones"],"_links":{"self":[{"href":"http:\/\/www.susannavaris.com\/blogg\/wp-json\/wp\/v2\/posts\/496","targetHints":{"allow":["GET"]}}],"collection":[{"href":"http:\/\/www.susannavaris.com\/blogg\/wp-json\/wp\/v2\/posts"}],"about":[{"href":"http:\/\/www.susannavaris.com\/blogg\/wp-json\/wp\/v2\/types\/post"}],"author":[{"embeddable":true,"href":"http:\/\/www.susannavaris.com\/blogg\/wp-json\/wp\/v2\/users\/1"}],"replies":[{"embeddable":true,"href":"http:\/\/www.susannavaris.com\/blogg\/wp-json\/wp\/v2\/comments?post=496"}],"version-history":[{"count":5,"href":"http:\/\/www.susannavaris.com\/blogg\/wp-json\/wp\/v2\/posts\/496\/revisions"}],"predecessor-version":[{"id":17677,"href":"http:\/\/www.susannavaris.com\/blogg\/wp-json\/wp\/v2\/posts\/496\/revisions\/17677"}],"wp:featuredmedia":[{"embeddable":true,"href":"http:\/\/www.susannavaris.com\/blogg\/wp-json\/wp\/v2\/media\/504"}],"wp:attachment":[{"href":"http:\/\/www.susannavaris.com\/blogg\/wp-json\/wp\/v2\/media?parent=496"}],"wp:term":[{"taxonomy":"category","embeddable":true,"href":"http:\/\/www.susannavaris.com\/blogg\/wp-json\/wp\/v2\/categories?post=496"},{"taxonomy":"post_tag","embeddable":true,"href":"http:\/\/www.susannavaris.com\/blogg\/wp-json\/wp\/v2\/tags?post=496"}],"curies":[{"name":"wp","href":"https:\/\/api.w.org\/{rel}","templated":true}]}}