{"id":4993,"date":"2012-04-06T19:18:04","date_gmt":"2012-04-06T17:18:04","guid":{"rendered":"http:\/\/www.susannavaris.com\/blogg\/?p=4993"},"modified":"2012-04-06T19:18:04","modified_gmt":"2012-04-06T17:18:04","slug":"nyhetsvardering","status":"publish","type":"post","link":"http:\/\/www.susannavaris.com\/blogg\/2012\/04\/nyhetsvardering\/","title":{"rendered":"Nyhetsv\u00e4rdering"},"content":{"rendered":"<p style=\"text-align: center;\">Vad \u00e4r v\u00e4l Syrien, franska seriem\u00f6rdare, valet i Egypten, n\u00e5gra vapensmugglardomar eller afrikanska sm\u00e5problem mot detta:<\/p>\n<p style=\"text-align: center;\"><a href=\"http:\/\/www.susannavaris.com\/blogg\/wp-content\/uploads\/2012\/04\/IMAG0187.jpg\"><img loading=\"lazy\" decoding=\"async\" class=\"aligncenter size-full wp-image-4994\" title=\"IMAG0187\" src=\"http:\/\/www.susannavaris.com\/blogg\/wp-content\/uploads\/2012\/04\/IMAG0187.jpg\" alt=\"\" width=\"288\" height=\"480\" srcset=\"http:\/\/www.susannavaris.com\/blogg\/wp-content\/uploads\/2012\/04\/IMAG0187.jpg 288w, http:\/\/www.susannavaris.com\/blogg\/wp-content\/uploads\/2012\/04\/IMAG0187-180x300.jpg 180w\" sizes=\"auto, (max-width: 288px) 100vw, 288px\" \/><\/a><\/p>\n<p style=\"text-align: center;\">Maddes och Jonas tvist om hunden Zorro? N\u00e4, nu \u00e4r ju p\u00e5sken f\u00f6rst\u00f6rd f\u00f6r min del. Ska inte Jonas f\u00e5 tr\u00e4ffa Zorro l\u00e4ngre?<\/p>\n","protected":false},"excerpt":{"rendered":"<p>Vad \u00e4r v\u00e4l Syrien, franska seriem\u00f6rdare, valet i Egypten, n\u00e5gra vapensmugglardomar eller afrikanska sm\u00e5problem mot detta: Maddes och Jonas tvist om hunden Zorro? N\u00e4, nu \u00e4r ju p\u00e5sken f\u00f6rst\u00f6rd f\u00f6r min del. Ska inte Jonas f\u00e5 tr\u00e4ffa Zorro l\u00e4ngre?<\/p>\n","protected":false},"author":1,"featured_media":0,"comment_status":"open","ping_status":"open","sticky":false,"template":"","format":"standard","meta":{"footnotes":""},"categories":[589,1],"tags":[356,1590,487,1585,1588,1587,1586,1589],"class_list":["post-4993","post","type-post","status-publish","format-standard","hentry","category-medier","category-okategoriserade","tag-expressen","tag-hunden-zorro","tag-jonas","tag-lopsedel","tag-madde","tag-madeleine","tag-prinsessan-madeleine","tag-zorro"],"_links":{"self":[{"href":"http:\/\/www.susannavaris.com\/blogg\/wp-json\/wp\/v2\/posts\/4993","targetHints":{"allow":["GET"]}}],"collection":[{"href":"http:\/\/www.susannavaris.com\/blogg\/wp-json\/wp\/v2\/posts"}],"about":[{"href":"http:\/\/www.susannavaris.com\/blogg\/wp-json\/wp\/v2\/types\/post"}],"author":[{"embeddable":true,"href":"http:\/\/www.susannavaris.com\/blogg\/wp-json\/wp\/v2\/users\/1"}],"replies":[{"embeddable":true,"href":"http:\/\/www.susannavaris.com\/blogg\/wp-json\/wp\/v2\/comments?post=4993"}],"version-history":[{"count":2,"href":"http:\/\/www.susannavaris.com\/blogg\/wp-json\/wp\/v2\/posts\/4993\/revisions"}],"predecessor-version":[{"id":4996,"href":"http:\/\/www.susannavaris.com\/blogg\/wp-json\/wp\/v2\/posts\/4993\/revisions\/4996"}],"wp:attachment":[{"href":"http:\/\/www.susannavaris.com\/blogg\/wp-json\/wp\/v2\/media?parent=4993"}],"wp:term":[{"taxonomy":"category","embeddable":true,"href":"http:\/\/www.susannavaris.com\/blogg\/wp-json\/wp\/v2\/categories?post=4993"},{"taxonomy":"post_tag","embeddable":true,"href":"http:\/\/www.susannavaris.com\/blogg\/wp-json\/wp\/v2\/tags?post=4993"}],"curies":[{"name":"wp","href":"https:\/\/api.w.org\/{rel}","templated":true}]}}