{"id":4997,"date":"2012-04-08T20:13:44","date_gmt":"2012-04-08T18:13:44","guid":{"rendered":"http:\/\/www.susannavaris.com\/blogg\/?p=4997"},"modified":"2012-04-08T20:53:20","modified_gmt":"2012-04-08T18:53:20","slug":"massaker-pa-kth-imorgon","status":"publish","type":"post","link":"http:\/\/www.susannavaris.com\/blogg\/2012\/04\/massaker-pa-kth-imorgon\/","title":{"rendered":"Massaker p\u00e5 KTH imorgon?"},"content":{"rendered":"<p style=\"text-align: center;\"><a href=\"http:\/\/www.susannavaris.com\/blogg\/wp-content\/uploads\/2012\/04\/KTH.jpg\"><img loading=\"lazy\" decoding=\"async\" class=\"aligncenter size-full wp-image-4998\" title=\"KTH\" src=\"http:\/\/www.susannavaris.com\/blogg\/wp-content\/uploads\/2012\/04\/KTH.jpg\" alt=\"\" width=\"800\" height=\"600\" srcset=\"http:\/\/www.susannavaris.com\/blogg\/wp-content\/uploads\/2012\/04\/KTH.jpg 800w, http:\/\/www.susannavaris.com\/blogg\/wp-content\/uploads\/2012\/04\/KTH-300x225.jpg 300w\" sizes=\"auto, (max-width: 800px) 100vw, 800px\" \/><\/a>\u00a0<em>Bild fr\u00e5n www.kth.se<\/em><\/p>\n<p>P\u00e5 DN.se l\u00e4ser jag om att min gamla skola, KTH, nu blivit f\u00f6rem\u00e5l f\u00f6r hot om en massaker imorgon. Hotet har kommit in under natten mellan l\u00f6rdag och s\u00f6ndag och s\u00e4gs vara uttalat av en elev, vars flickv\u00e4n gjort slut, p\u00e5 skolan. Jag hoppas verkligen att denne person inte skrider till verket, men skolan har vidtagit f\u00f6rsiktighets\u00e5tg\u00e4rder.<\/p>\n<p>I pendelt\u00e5gstrafiken i Stockholm har vi ca 180 p\u00e5k\u00f6rningar av m\u00e4nniska per \u00e5r. En hel del av de personer som hamnar under t\u00e5gen \u00e4r berusade och jag minns ett fall d\u00e4r en ung tjej som f\u00f6rst hade st\u00e5tt och br\u00e5kat med sin pojkv\u00e4n p\u00e5 plattformen bara rusar iv\u00e4g ut p\u00e5 sp\u00e5ren och hamnar under ett Arlanda Express-t\u00e5g. Hon fick plockas upp i bitar fr\u00e5n sp\u00e5romr\u00e5det.<\/p>\n<p>Det k\u00e4nns s\u00e5 f\u00f6rtvivlat meningsl\u00f6st n\u00e4r tillf\u00e4lliga sinnesst\u00e4mningar, ofta f\u00f6rst\u00e4rkta av alkohol eller andra droger, leder till fullst\u00e4ndigt katastrofala konsekvenser. En tillf\u00e4llig stark k\u00e4nsla och nedsatt impulskontroll och ett eller flera liv kan ta slut.<\/p>\n<p>Jag hoppas att eleven fr\u00e5n l\u00f6rdagnatten antingen sovit ruset av sig eller f\u00e5tt adekvat hj\u00e4lp.<\/p>\n","protected":false},"excerpt":{"rendered":"<p>\u00a0Bild fr\u00e5n www.kth.se P\u00e5 DN.se l\u00e4ser jag om att min gamla skola, KTH, nu blivit f\u00f6rem\u00e5l f\u00f6r hot om en massaker imorgon. Hotet har kommit in under natten mellan l\u00f6rdag och s\u00f6ndag och s\u00e4gs vara uttalat av en elev, vars &hellip; <a href=\"http:\/\/www.susannavaris.com\/blogg\/2012\/04\/massaker-pa-kth-imorgon\/\">Forts\u00e4tt l\u00e4sa <span class=\"meta-nav\">&rarr;<\/span><\/a><\/p>\n","protected":false},"author":1,"featured_media":0,"comment_status":"open","ping_status":"open","sticky":false,"template":"","format":"standard","meta":{"footnotes":""},"categories":[1,889,117],"tags":[28,1592,1594,1593,1591],"class_list":["post-4997","post","type-post","status-publish","format-standard","hentry","category-okategoriserade","category-teknik","category-vetenskap","tag-kth","tag-massaker","tag-pakorning","tag-pendeltag","tag-skolskjutning"],"_links":{"self":[{"href":"http:\/\/www.susannavaris.com\/blogg\/wp-json\/wp\/v2\/posts\/4997","targetHints":{"allow":["GET"]}}],"collection":[{"href":"http:\/\/www.susannavaris.com\/blogg\/wp-json\/wp\/v2\/posts"}],"about":[{"href":"http:\/\/www.susannavaris.com\/blogg\/wp-json\/wp\/v2\/types\/post"}],"author":[{"embeddable":true,"href":"http:\/\/www.susannavaris.com\/blogg\/wp-json\/wp\/v2\/users\/1"}],"replies":[{"embeddable":true,"href":"http:\/\/www.susannavaris.com\/blogg\/wp-json\/wp\/v2\/comments?post=4997"}],"version-history":[{"count":4,"href":"http:\/\/www.susannavaris.com\/blogg\/wp-json\/wp\/v2\/posts\/4997\/revisions"}],"predecessor-version":[{"id":5006,"href":"http:\/\/www.susannavaris.com\/blogg\/wp-json\/wp\/v2\/posts\/4997\/revisions\/5006"}],"wp:attachment":[{"href":"http:\/\/www.susannavaris.com\/blogg\/wp-json\/wp\/v2\/media?parent=4997"}],"wp:term":[{"taxonomy":"category","embeddable":true,"href":"http:\/\/www.susannavaris.com\/blogg\/wp-json\/wp\/v2\/categories?post=4997"},{"taxonomy":"post_tag","embeddable":true,"href":"http:\/\/www.susannavaris.com\/blogg\/wp-json\/wp\/v2\/tags?post=4997"}],"curies":[{"name":"wp","href":"https:\/\/api.w.org\/{rel}","templated":true}]}}