{"id":5008,"date":"2012-04-09T11:46:41","date_gmt":"2012-04-09T09:46:41","guid":{"rendered":"http:\/\/www.susannavaris.com\/blogg\/?p=5008"},"modified":"2012-04-09T12:00:24","modified_gmt":"2012-04-09T10:00:24","slug":"debattlucka","status":"publish","type":"post","link":"http:\/\/www.susannavaris.com\/blogg\/2012\/04\/debattlucka\/","title":{"rendered":"Debattlucka"},"content":{"rendered":"<p style=\"text-align: center;\"><a href=\"http:\/\/www.susannavaris.com\/blogg\/wp-content\/uploads\/2012\/04\/vapensystem.jpg\"><img loading=\"lazy\" decoding=\"async\" class=\"aligncenter size-full wp-image-5009\" title=\"vapensystem\" src=\"http:\/\/www.susannavaris.com\/blogg\/wp-content\/uploads\/2012\/04\/vapensystem.jpg\" alt=\"\" width=\"490\" height=\"325\" srcset=\"http:\/\/www.susannavaris.com\/blogg\/wp-content\/uploads\/2012\/04\/vapensystem.jpg 490w, http:\/\/www.susannavaris.com\/blogg\/wp-content\/uploads\/2012\/04\/vapensystem-300x198.jpg 300w\" sizes=\"auto, (max-width: 490px) 100vw, 490px\" \/><\/a>\u00a0<em>Bild fr\u00e5n Quistbergh.se<\/em><\/p>\n<p>Eftersom jag i f\u00f6rra veckan hade min utst\u00e4llning, har jag inte haft tid att h\u00e5lla mig ajour med vad som h\u00e4nder i allas v\u00e5r debattankdamm. Jag har noterat ett och annat, men inte riktigt hunnit skriva n\u00e5got. Vilket ju kanske \u00e4r bra, det tyder p\u00e5 att jag \u00e4ven har ett liv&#8230; :)<\/p>\n<p>Hur som haver; vapenaff\u00e4rerna med Saudi-Arabien. Det fr\u00e4msta anv\u00e4ndningsomr\u00e5det f\u00f6r vapen \u00e4r att ha ihj\u00e4l m\u00e4nniskor och djur. Till en viss del finns de d\u00e4r f\u00f6r att skr\u00e4mmas. Sverige vill s\u00e4lja vapen till enbart dem som ska skr\u00e4mmas med dem och numera vill man att dessa l\u00e4nder dessutom ha en demokratiskt vald ledning. Den svenska vapenexporten som varum\u00e4rke ska vara f\u00f6rknippad med v\u00e4rderingar som demokrati, r\u00e4ttvisa, oberoende, frihet och trygghet. Leml\u00e4stade soldater eller civilbefolkning finns nog inte med i reklamfilmen. Ty Sverige \u00e4r ett moraliskt f\u00f6red\u00f6me f\u00f6r resten av v\u00e4rlden. (Och s\u00e5 anklagar man amerikaner f\u00f6r att ha dubbelmoral&#8230;)<\/p>\n<p>Min \u00e5sikt om vapenexporten \u00e4r att en teknik s\u00e4llan kan betraktas som entydigt ond eller god, allt h\u00e4nger p\u00e5 hur den anv\u00e4nds, allts\u00e5 p\u00e5 m\u00e4nniskan. De m\u00e4nskliga konflikterna l\u00e4r inte ta slut \u00e4ven om Sverige skulle best\u00e4mma sig f\u00f6r att sluta med vapentillverkning och -export. Visst kan man ha riktlinjer om vem man s\u00e4ljer vapen till, men man b\u00f6r inte vara s\u00e5 v\u00e4rst f\u00f6rv\u00e5nad n\u00e4r vapnen senare dyker upp i olika konflikth\u00e4rdar rumtom i v\u00e4rlden. Sedan finns aspekten med att det fr\u00e5n forskning och utveckling av nya vapensystem ofta kommer biprodukter med civil anv\u00e4ndning till m\u00e4nsklighetens fromma. Det f\u00f6rhoppningsfulla \u00e4r att det tycks som v\u00e4rlden blir en allt fredligare plats. Harvard-professorn Steven Pinker:<\/p>\n<p><a href=\"http:\/\/www.modernpsykologi.se\/amnen\/samhalle\/manniskan-blir-allt-fredligare.htm\">http:\/\/www.modernpsykologi.se\/amnen\/samhalle\/manniskan-blir-allt-fredligare.htm<\/a><\/p>\n<p style=\"text-align: center;\"><a href=\"http:\/\/www.susannavaris.com\/blogg\/wp-content\/uploads\/2012\/04\/steven_pinker1.jpg\"><img loading=\"lazy\" decoding=\"async\" class=\"aligncenter size-full wp-image-5010\" title=\"steven_pinker1\" src=\"http:\/\/www.susannavaris.com\/blogg\/wp-content\/uploads\/2012\/04\/steven_pinker1.jpg\" alt=\"\" width=\"600\" height=\"400\" srcset=\"http:\/\/www.susannavaris.com\/blogg\/wp-content\/uploads\/2012\/04\/steven_pinker1.jpg 600w, http:\/\/www.susannavaris.com\/blogg\/wp-content\/uploads\/2012\/04\/steven_pinker1-300x200.jpg 300w\" sizes=\"auto, (max-width: 600px) 100vw, 600px\" \/><\/a><em>\u00a0Steven Pinker. Bild: Google Images<\/em><\/p>\n<p style=\"text-align: center;\"><a href=\"http:\/\/www.susannavaris.com\/blogg\/wp-content\/uploads\/2012\/04\/sizzla-2-tif-big_.jpg\"><img loading=\"lazy\" decoding=\"async\" class=\"aligncenter size-full wp-image-5011\" title=\"sizzla-2-tif-big_\" src=\"http:\/\/www.susannavaris.com\/blogg\/wp-content\/uploads\/2012\/04\/sizzla-2-tif-big_.jpg\" alt=\"\" width=\"472\" height=\"364\" srcset=\"http:\/\/www.susannavaris.com\/blogg\/wp-content\/uploads\/2012\/04\/sizzla-2-tif-big_.jpg 472w, http:\/\/www.susannavaris.com\/blogg\/wp-content\/uploads\/2012\/04\/sizzla-2-tif-big_-300x231.jpg 300w\" sizes=\"auto, (max-width: 472px) 100vw, 472px\" \/><\/a>\u00a0<em>Sizzla<\/em><\/p>\n<p>Raggaeartisten Sizzla:s konsert i Stockholm stoppades eftersom han bland annat uppmanar till att ha ihj\u00e4l homosexuella i sina l\u00e5ttexter. D\u00e5 \u00e4r vi d\u00e4r igen; konstens frihet. SCUM-manifestet \u00e4r ett konstn\u00e4rligt verk som under obligatorisk n\u00e4rvaro b\u00f6r f\u00f6rmedlas till \u00a0gymnasieungdom, Sizzla f\u00e5r inte upptr\u00e4da. Hatbudskap i konstn\u00e4rliga verk bed\u00f6ms helt efter vem hatet riktar sig mot. Heterosexuella m\u00e4n g\u00e5r bra att hata, homosexuella inte. Om detta och vikten av ett gott martyrskap skriver Lena Andersson i DN ig\u00e5r (ett av de f\u00e5 artiklar som ifr\u00e5gasatt upps\u00e4ttningen av SCUM-manifestet, eller \u00e5tminstone kritiserat den just genom en j\u00e4mf\u00f6relse med Sizzla):<\/p>\n<p><a href=\"http:\/\/www.dn.se\/ledare\/kolumner\/alla-vill-hanga-pa-korset\">http:\/\/www.dn.se\/ledare\/kolumner\/alla-vill-hanga-pa-korset<\/a><\/p>\n<p>Nu ska jag ut p\u00e5 promenad, men det kommer mera retrospektiv p\u00e5 artikelfl\u00f6det snart&#8230;<\/p>\n<p>Andra artiklar:<\/p>\n<p><a href=\"http:\/\/www.svd.se\/kultur\/sizzlas-konsert-installd-efter-facebookuppror_6959901.svd\">http:\/\/www.svd.se\/kultur\/sizzlas-konsert-installd-efter-facebookuppror_6959901.svd<\/a><\/p>\n<p><a href=\"http:\/\/www.aftonbladet.se\/debatt\/debattamnen\/politik\/article14603271.ab\">http:\/\/www.aftonbladet.se\/debatt\/debattamnen\/politik\/article14603271.ab<\/a><\/p>\n<p><a href=\"http:\/\/www.svd.se\/opinion\/ledarsidan\/tolgfors-foll-offer-for-dubbelmoralen_6963397.svd\">http:\/\/www.svd.se\/opinion\/ledarsidan\/tolgfors-foll-offer-for-dubbelmoralen_6963397.svd<\/a><\/p>\n<p><a href=\"http:\/\/www.svd.se\/opinion\/brannpunkt\/tolgfors-avgang-far-inte-tysta-debatten_6962501.svd\">http:\/\/www.svd.se\/opinion\/brannpunkt\/tolgfors-avgang-far-inte-tysta-debatten_6962501.svd<\/a><\/p>\n<p><a href=\"http:\/\/sverigesradio.se\/sida\/artikel.aspx?programid=87&amp;artikel=5046068\">http:\/\/sverigesradio.se\/sida\/artikel.aspx?programid=87&amp;artikel=5046068<\/a><\/p>\n","protected":false},"excerpt":{"rendered":"<p>\u00a0Bild fr\u00e5n Quistbergh.se Eftersom jag i f\u00f6rra veckan hade min utst\u00e4llning, har jag inte haft tid att h\u00e5lla mig ajour med vad som h\u00e4nder i allas v\u00e5r debattankdamm. Jag har noterat ett och annat, men inte riktigt hunnit skriva n\u00e5got. &hellip; <a href=\"http:\/\/www.susannavaris.com\/blogg\/2012\/04\/debattlucka\/\">Forts\u00e4tt l\u00e4sa <span class=\"meta-nav\">&rarr;<\/span><\/a><\/p>\n","protected":false},"author":1,"featured_media":0,"comment_status":"open","ping_status":"open","sticky":false,"template":"","format":"standard","meta":{"footnotes":""},"categories":[259,1321,1419,3,1162,589,994,1,590,889],"tags":[1607,1606,1603,907,908,1604,1601,1600,1602,1605],"class_list":["post-5008","post","type-post","status-publish","format-standard","hentry","category-genusvetenskap","category-jamstalldhet","category-konsert","category-konst","category-kultur","category-medier","category-musik","category-okategoriserade","category-politik","category-teknik","tag-hat","tag-konstnarligt-verk","tag-saudi-arabien","tag-scum","tag-scum-manifestet","tag-sizzla","tag-svensk-vapenexport","tag-vapenexport","tag-vapensystem","tag-yttrandefrihet"],"_links":{"self":[{"href":"http:\/\/www.susannavaris.com\/blogg\/wp-json\/wp\/v2\/posts\/5008","targetHints":{"allow":["GET"]}}],"collection":[{"href":"http:\/\/www.susannavaris.com\/blogg\/wp-json\/wp\/v2\/posts"}],"about":[{"href":"http:\/\/www.susannavaris.com\/blogg\/wp-json\/wp\/v2\/types\/post"}],"author":[{"embeddable":true,"href":"http:\/\/www.susannavaris.com\/blogg\/wp-json\/wp\/v2\/users\/1"}],"replies":[{"embeddable":true,"href":"http:\/\/www.susannavaris.com\/blogg\/wp-json\/wp\/v2\/comments?post=5008"}],"version-history":[{"count":5,"href":"http:\/\/www.susannavaris.com\/blogg\/wp-json\/wp\/v2\/posts\/5008\/revisions"}],"predecessor-version":[{"id":5015,"href":"http:\/\/www.susannavaris.com\/blogg\/wp-json\/wp\/v2\/posts\/5008\/revisions\/5015"}],"wp:attachment":[{"href":"http:\/\/www.susannavaris.com\/blogg\/wp-json\/wp\/v2\/media?parent=5008"}],"wp:term":[{"taxonomy":"category","embeddable":true,"href":"http:\/\/www.susannavaris.com\/blogg\/wp-json\/wp\/v2\/categories?post=5008"},{"taxonomy":"post_tag","embeddable":true,"href":"http:\/\/www.susannavaris.com\/blogg\/wp-json\/wp\/v2\/tags?post=5008"}],"curies":[{"name":"wp","href":"https:\/\/api.w.org\/{rel}","templated":true}]}}