{"id":5031,"date":"2012-04-09T21:51:25","date_gmt":"2012-04-09T19:51:25","guid":{"rendered":"http:\/\/www.susannavaris.com\/blogg\/?p=5031"},"modified":"2012-04-09T21:58:48","modified_gmt":"2012-04-09T19:58:48","slug":"skrap-tv","status":"publish","type":"post","link":"http:\/\/www.susannavaris.com\/blogg\/2012\/04\/skrap-tv\/","title":{"rendered":"Skr\u00e4p-tv"},"content":{"rendered":"<p>Ikv\u00e4ll g\u00e5r den nya bantar-\/mobbars\u00e5pan <em>\u00c4lskling du har blivit en tjockis <\/em>p\u00e5 tv. Men det som skr\u00e4mmer mig mest i kv\u00e4llens avsnitt \u00e4r inte tjockis in spe-mannens extrakilon, utan:<\/p>\n<p style=\"text-align: center;\"><a href=\"http:\/\/www.susannavaris.com\/blogg\/wp-content\/uploads\/2012\/04\/alsklinghanna.jpg\"><img loading=\"lazy\" decoding=\"async\" class=\"aligncenter size-full wp-image-5032\" title=\"alsklinghanna\" src=\"http:\/\/www.susannavaris.com\/blogg\/wp-content\/uploads\/2012\/04\/alsklinghanna.jpg\" alt=\"\" width=\"1004\" height=\"788\" srcset=\"http:\/\/www.susannavaris.com\/blogg\/wp-content\/uploads\/2012\/04\/alsklinghanna.jpg 1004w, http:\/\/www.susannavaris.com\/blogg\/wp-content\/uploads\/2012\/04\/alsklinghanna-300x235.jpg 300w\" sizes=\"auto, (max-width: 1004px) 100vw, 1004px\" \/><\/a>\u00a0<em>\u00c4lskling du har blivit en tjockis-Hanna<\/em><\/p>\n<p style=\"text-align: center;\">Fl\u00e4skl\u00e4ppslooken fr\u00e5n helvetet! Borde inte n\u00e5gon kunna \u00e5talas f\u00f6r vanst\u00e4llande?<\/p>\n<p style=\"text-align: center;\">Jaha. Vips, s\u00e5 var jag ig\u00e5ng och mobbar sj\u00e4lv. S\u00e5dana h\u00e4r program \u00e4r verkligen inte moraliskt uppbyggliga. Fy p\u00e5 mig!<\/p>\n<p style=\"text-align: center;\"><a href=\"http:\/\/www.resume.se\/nyheter\/tv\/2012\/03\/19\/alskling-du-har-blivit-en-tjockis\/\">http:\/\/www.resume.se\/nyheter\/tv\/2012\/03\/19\/alskling-du-har-blivit-en-tjockis\/<\/a><\/p>\n","protected":false},"excerpt":{"rendered":"<p>Ikv\u00e4ll g\u00e5r den nya bantar-\/mobbars\u00e5pan \u00c4lskling du har blivit en tjockis p\u00e5 tv. Men det som skr\u00e4mmer mig mest i kv\u00e4llens avsnitt \u00e4r inte tjockis in spe-mannens extrakilon, utan: \u00a0\u00c4lskling du har blivit en tjockis-Hanna Fl\u00e4skl\u00e4ppslooken fr\u00e5n helvetet! Borde inte &hellip; <a href=\"http:\/\/www.susannavaris.com\/blogg\/2012\/04\/skrap-tv\/\">Forts\u00e4tt l\u00e4sa <span class=\"meta-nav\">&rarr;<\/span><\/a><\/p>\n","protected":false},"author":1,"featured_media":0,"comment_status":"open","ping_status":"open","sticky":false,"template":"","format":"standard","meta":{"footnotes":""},"categories":[10,589,14,1,384],"tags":[278,858,1613,277,772,767],"class_list":["post-5031","post","type-post","status-publish","format-standard","hentry","category-kuriosakabinettet","category-medier","category-mode","category-okategoriserade","category-tv","tag-anknabb","tag-bantning","tag-duck-face","tag-plastikkirurgi","tag-skonhetsoperation","tag-skonhetsoperationer"],"_links":{"self":[{"href":"http:\/\/www.susannavaris.com\/blogg\/wp-json\/wp\/v2\/posts\/5031","targetHints":{"allow":["GET"]}}],"collection":[{"href":"http:\/\/www.susannavaris.com\/blogg\/wp-json\/wp\/v2\/posts"}],"about":[{"href":"http:\/\/www.susannavaris.com\/blogg\/wp-json\/wp\/v2\/types\/post"}],"author":[{"embeddable":true,"href":"http:\/\/www.susannavaris.com\/blogg\/wp-json\/wp\/v2\/users\/1"}],"replies":[{"embeddable":true,"href":"http:\/\/www.susannavaris.com\/blogg\/wp-json\/wp\/v2\/comments?post=5031"}],"version-history":[{"count":3,"href":"http:\/\/www.susannavaris.com\/blogg\/wp-json\/wp\/v2\/posts\/5031\/revisions"}],"predecessor-version":[{"id":5035,"href":"http:\/\/www.susannavaris.com\/blogg\/wp-json\/wp\/v2\/posts\/5031\/revisions\/5035"}],"wp:attachment":[{"href":"http:\/\/www.susannavaris.com\/blogg\/wp-json\/wp\/v2\/media?parent=5031"}],"wp:term":[{"taxonomy":"category","embeddable":true,"href":"http:\/\/www.susannavaris.com\/blogg\/wp-json\/wp\/v2\/categories?post=5031"},{"taxonomy":"post_tag","embeddable":true,"href":"http:\/\/www.susannavaris.com\/blogg\/wp-json\/wp\/v2\/tags?post=5031"}],"curies":[{"name":"wp","href":"https:\/\/api.w.org\/{rel}","templated":true}]}}