{"id":5049,"date":"2012-04-11T20:10:38","date_gmt":"2012-04-11T18:10:38","guid":{"rendered":"http:\/\/www.susannavaris.com\/blogg\/?p=5049"},"modified":"2012-04-11T20:10:38","modified_gmt":"2012-04-11T18:10:38","slug":"den-stora-jakten","status":"publish","type":"post","link":"http:\/\/www.susannavaris.com\/blogg\/2012\/04\/den-stora-jakten\/","title":{"rendered":"Den stora jakten"},"content":{"rendered":"<p><a href=\"http:\/\/www.susannavaris.com\/blogg\/wp-content\/uploads\/2012\/04\/009-crop-50.jpg\"><img loading=\"lazy\" decoding=\"async\" class=\"aligncenter size-large wp-image-5050\" title=\"009-crop-50\" src=\"http:\/\/www.susannavaris.com\/blogg\/wp-content\/uploads\/2012\/04\/009-crop-50-692x1024.jpg\" alt=\"\" width=\"640\" height=\"947\" srcset=\"http:\/\/www.susannavaris.com\/blogg\/wp-content\/uploads\/2012\/04\/009-crop-50-692x1024.jpg 692w, http:\/\/www.susannavaris.com\/blogg\/wp-content\/uploads\/2012\/04\/009-crop-50-202x300.jpg 202w, http:\/\/www.susannavaris.com\/blogg\/wp-content\/uploads\/2012\/04\/009-crop-50.jpg 940w\" sizes=\"auto, (max-width: 640px) 100vw, 640px\" \/><\/a><\/p>\n<p>Den stora jakten p\u00e5 k\u00e4llan till mitt illam\u00e5ende \u00e4r nu inledd. Jag startade hos doktor Sebastyen f\u00f6r att utr\u00f6na om det kan r\u00f6ra sig om hormoner. Troligen inte. N\u00e4sta steg blir doktor Mossberg, inv\u00e4rtes medicin. Vi f\u00e5r se vad jakten mynnar ut i. Illam\u00e5ende har jag varit mer eller mindre i snart ett halv\u00e5r och det verkar ju inte riktigt normalt. Jag kanske bara har l\u00e4st f\u00f6r mycket uppr\u00f6rande saker p\u00e5 n\u00e4tet? Genusvetenskapen och knasfeministerna kanske har satt sig p\u00e5 min k\u00e4nsliga lekamen?<\/p>\n<p>Annars har inte m\u00e5nga barn blivit gjorda idag. I mitt fall vore ju detta i och f\u00f6r sig en form av mirakel, eftersom jag sedan snart ett \u00e5r tillbaka bedriver mitt liv utan livmoder. Jag skulle f\u00e5 ha mitt foster i en l\u00e5da, som Stan\/Loretta i <em>Life of Brian.<\/em> Undrar hur jag klassas nu enligt t ex de k\u00f6nsfixerade feministerna? Vad g\u00f6r en kvinna? N\u00e4r det g\u00e4ller l\u00f6nestatistik (som man konsekvent v\u00e4ljer att vantolka) r\u00e4knas f\u00f6rmodligen det biologiska k\u00f6net. Samtidigt \u00e4r ju k\u00f6net n\u00e4stan enbart en social konstruktion enligt samma feminister och kan allts\u00e5 medelst postmoderna teorier konstrueras, dekonstrueras och omkonstrueras efter behag. Borde man egentligen d\u00e5 utg\u00e5 fr\u00e5n l\u00f6neskillnader baserade p\u00e5 det upplevda k\u00f6net eller det biologiska? Vikten av att f\u00e5 v\u00e4lja sitt k\u00f6n finns ju bland annat beskriven av Ulrica Engdahl h\u00e4r:<\/p>\n<p><a href=\"http:\/\/www.avhandlingar.se\/avhandling\/12ae5f5761\/\">http:\/\/www.avhandlingar.se\/avhandling\/12ae5f5761\/<\/a><\/p>\n<p>Jag k\u00e4nner inte det minsta att min kvinnlighet eller min k\u00f6nsidentitet som kvinna skulle ha f\u00f6r\u00e4ndrats av att livmodern opererades bort och detta trots att jag inte har n\u00e5gra barn. Det m\u00e5 ha varit s\u00e5 en g\u00e5ng i tiden att en kvinnas v\u00e4rde l\u00e5g i att kunna producera en avkomma och vara en moder, men jag har aldrig k\u00e4nt att det skulle vara s\u00e5 f\u00f6r mig. N\u00e5gonting har alldeles uppenbart h\u00e4nt med kvinnorollen och j\u00e4mst\u00e4lldheten under decenniernas g\u00e5ng, trots att det inte verkar s\u00e5 n\u00e4r man lyssnar p\u00e5 en del moderna feminister. Har det n\u00e5gonsin kommit n\u00e5gon form av p\u00e5tryckningar om moderskap har det uteslutande varit fr\u00e5n andra kvinnor.<\/p>\n<p>Resten av dagen har jag \u00e4gnat \u00e5t att leta efter material och inspiration till tv\u00e5 kommande tavlor. Den ena blir ett artistportr\u00e4tt, den andra en helvetes- eller kanske snarare himmelsbeskrivning i Hieronymus Bosch-anda. N\u00e5gra ledtr\u00e5dar f\u00f6r artistportr\u00e4ttet:<\/p>\n<p>&nbsp;<\/p>\n<p style=\"text-align: center;\"><a href=\"http:\/\/www.susannavaris.com\/blogg\/wp-content\/uploads\/2012\/04\/588px-Dali-photo-outtake-1.jpg\"><img loading=\"lazy\" decoding=\"async\" class=\"aligncenter size-full wp-image-5052\" title=\"588px-Dali-photo-outtake-1\" src=\"http:\/\/www.susannavaris.com\/blogg\/wp-content\/uploads\/2012\/04\/588px-Dali-photo-outtake-1.jpg\" alt=\"\" width=\"588\" height=\"600\" srcset=\"http:\/\/www.susannavaris.com\/blogg\/wp-content\/uploads\/2012\/04\/588px-Dali-photo-outtake-1.jpg 588w, http:\/\/www.susannavaris.com\/blogg\/wp-content\/uploads\/2012\/04\/588px-Dali-photo-outtake-1-294x300.jpg 294w\" sizes=\"auto, (max-width: 588px) 100vw, 588px\" \/><\/a>\u00a0<a href=\"http:\/\/www.susannavaris.com\/blogg\/wp-content\/uploads\/2012\/04\/Salvador-Dali-Painting-012.jpg\"><img loading=\"lazy\" decoding=\"async\" class=\"aligncenter size-full wp-image-5053\" title=\"Salvador-Dali-Painting-012\" src=\"http:\/\/www.susannavaris.com\/blogg\/wp-content\/uploads\/2012\/04\/Salvador-Dali-Painting-012.jpg\" alt=\"\" width=\"650\" height=\"498\" srcset=\"http:\/\/www.susannavaris.com\/blogg\/wp-content\/uploads\/2012\/04\/Salvador-Dali-Painting-012.jpg 650w, http:\/\/www.susannavaris.com\/blogg\/wp-content\/uploads\/2012\/04\/Salvador-Dali-Painting-012-300x229.jpg 300w\" sizes=\"auto, (max-width: 650px) 100vw, 650px\" \/><\/a>\u00a0<em>Salvador Dal\u00ec<\/em><\/p>\n","protected":false},"excerpt":{"rendered":"<p>Den stora jakten p\u00e5 k\u00e4llan till mitt illam\u00e5ende \u00e4r nu inledd. Jag startade hos doktor Sebastyen f\u00f6r att utr\u00f6na om det kan r\u00f6ra sig om hormoner. Troligen inte. N\u00e4sta steg blir doktor Mossberg, inv\u00e4rtes medicin. Vi f\u00e5r se vad jakten &hellip; <a href=\"http:\/\/www.susannavaris.com\/blogg\/2012\/04\/den-stora-jakten\/\">Forts\u00e4tt l\u00e4sa <span class=\"meta-nav\">&rarr;<\/span><\/a><\/p>\n","protected":false},"author":1,"featured_media":0,"comment_status":"open","ping_status":"open","sticky":false,"template":"","format":"standard","meta":{"footnotes":""},"categories":[7,181,110,259,674,13,1321,3,1162,10,1,590,403],"tags":[4900,4899,4903,1332,745,161,567,1597],"class_list":["post-5049","post","type-post","status-publish","format-standard","hentry","category-egna-verk","category-feminism","category-foto","category-genusvetenskap","category-historia","category-inspiration","category-jamstalldhet","category-konst","category-kultur","category-kuriosakabinettet","category-okategoriserade","category-politik","category-pseudovetenskap","tag-feminism","tag-genus","tag-genusvetenskap","tag-hen","tag-hieronymus-bosch","tag-hysterektomi","tag-salvador-dali","tag-trans"],"_links":{"self":[{"href":"http:\/\/www.susannavaris.com\/blogg\/wp-json\/wp\/v2\/posts\/5049","targetHints":{"allow":["GET"]}}],"collection":[{"href":"http:\/\/www.susannavaris.com\/blogg\/wp-json\/wp\/v2\/posts"}],"about":[{"href":"http:\/\/www.susannavaris.com\/blogg\/wp-json\/wp\/v2\/types\/post"}],"author":[{"embeddable":true,"href":"http:\/\/www.susannavaris.com\/blogg\/wp-json\/wp\/v2\/users\/1"}],"replies":[{"embeddable":true,"href":"http:\/\/www.susannavaris.com\/blogg\/wp-json\/wp\/v2\/comments?post=5049"}],"version-history":[{"count":2,"href":"http:\/\/www.susannavaris.com\/blogg\/wp-json\/wp\/v2\/posts\/5049\/revisions"}],"predecessor-version":[{"id":5055,"href":"http:\/\/www.susannavaris.com\/blogg\/wp-json\/wp\/v2\/posts\/5049\/revisions\/5055"}],"wp:attachment":[{"href":"http:\/\/www.susannavaris.com\/blogg\/wp-json\/wp\/v2\/media?parent=5049"}],"wp:term":[{"taxonomy":"category","embeddable":true,"href":"http:\/\/www.susannavaris.com\/blogg\/wp-json\/wp\/v2\/categories?post=5049"},{"taxonomy":"post_tag","embeddable":true,"href":"http:\/\/www.susannavaris.com\/blogg\/wp-json\/wp\/v2\/tags?post=5049"}],"curies":[{"name":"wp","href":"https:\/\/api.w.org\/{rel}","templated":true}]}}