{"id":5092,"date":"2012-04-15T23:52:01","date_gmt":"2012-04-15T21:52:01","guid":{"rendered":"http:\/\/www.susannavaris.com\/blogg\/?p=5092"},"modified":"2012-04-15T23:52:01","modified_gmt":"2012-04-15T21:52:01","slug":"jari-juki-jai-mai-pa-galleri-zebra","status":"publish","type":"post","link":"http:\/\/www.susannavaris.com\/blogg\/2012\/04\/jari-juki-jai-mai-pa-galleri-zebra\/","title":{"rendered":"Jari Juki Jai-Mai p\u00e5 Galleri Zebra"},"content":{"rendered":"<p style=\"text-align: center;\">\u00c4ntligen har jag lyckats f\u00f6ra \u00f6ver den h\u00e4r videon fr\u00e5n utst\u00e4llningen f\u00f6rra \u00e5ret p\u00e5 Galleri Zebra&#8230;<\/p>\n<p style=\"text-align: center;\"><a href=\"http:\/\/www.youtube.com\/watch?v=qsYNTaPNKAc&amp;context=C4777e66ADvjVQa1PpcFPbYF7gp35UxoiVe2f50NV7EautHQhxnao=\">http:\/\/www.youtube.com\/watch?v=qsYNTaPNKAc&amp;context=C4777e66ADvjVQa1PpcFPbYF7gp35UxoiVe2f50NV7EautHQhxnao=<\/a><\/p>\n<p style=\"text-align: center;\">\n","protected":false},"excerpt":{"rendered":"<p>\u00c4ntligen har jag lyckats f\u00f6ra \u00f6ver den h\u00e4r videon fr\u00e5n utst\u00e4llningen f\u00f6rra \u00e5ret p\u00e5 Galleri Zebra&#8230; http:\/\/www.youtube.com\/watch?v=qsYNTaPNKAc&amp;context=C4777e66ADvjVQa1PpcFPbYF7gp35UxoiVe2f50NV7EautHQhxnao=<\/p>\n","protected":false},"author":1,"featured_media":0,"comment_status":"open","ping_status":"open","sticky":false,"template":"","format":"standard","meta":{"footnotes":""},"categories":[7,555,166,3,1162,994,1,4],"tags":[54,1642,1145,171,122,476],"class_list":["post-5092","post","type-post","status-publish","format-standard","hentry","category-egna-verk","category-events","category-galleri-zebra-2","category-konst","category-kultur","category-musik","category-okategoriserade","category-utstallning","tag-galleri-zebra","tag-gitarr","tag-jukijaimais","tag-punk","tag-utstallning-2","tag-vernissage"],"_links":{"self":[{"href":"http:\/\/www.susannavaris.com\/blogg\/wp-json\/wp\/v2\/posts\/5092","targetHints":{"allow":["GET"]}}],"collection":[{"href":"http:\/\/www.susannavaris.com\/blogg\/wp-json\/wp\/v2\/posts"}],"about":[{"href":"http:\/\/www.susannavaris.com\/blogg\/wp-json\/wp\/v2\/types\/post"}],"author":[{"embeddable":true,"href":"http:\/\/www.susannavaris.com\/blogg\/wp-json\/wp\/v2\/users\/1"}],"replies":[{"embeddable":true,"href":"http:\/\/www.susannavaris.com\/blogg\/wp-json\/wp\/v2\/comments?post=5092"}],"version-history":[{"count":2,"href":"http:\/\/www.susannavaris.com\/blogg\/wp-json\/wp\/v2\/posts\/5092\/revisions"}],"predecessor-version":[{"id":5094,"href":"http:\/\/www.susannavaris.com\/blogg\/wp-json\/wp\/v2\/posts\/5092\/revisions\/5094"}],"wp:attachment":[{"href":"http:\/\/www.susannavaris.com\/blogg\/wp-json\/wp\/v2\/media?parent=5092"}],"wp:term":[{"taxonomy":"category","embeddable":true,"href":"http:\/\/www.susannavaris.com\/blogg\/wp-json\/wp\/v2\/categories?post=5092"},{"taxonomy":"post_tag","embeddable":true,"href":"http:\/\/www.susannavaris.com\/blogg\/wp-json\/wp\/v2\/tags?post=5092"}],"curies":[{"name":"wp","href":"https:\/\/api.w.org\/{rel}","templated":true}]}}