{"id":5119,"date":"2012-04-19T23:29:54","date_gmt":"2012-04-19T21:29:54","guid":{"rendered":"http:\/\/www.susannavaris.com\/blogg\/?p=5119"},"modified":"2012-04-22T21:24:55","modified_gmt":"2012-04-22T19:24:55","slug":"veckans-rasistiska-tarta","status":"publish","type":"post","link":"http:\/\/www.susannavaris.com\/blogg\/2012\/04\/veckans-rasistiska-tarta\/","title":{"rendered":"Veckans rasistiska t\u00e5rta"},"content":{"rendered":"<p style=\"text-align: center;\"><a href=\"http:\/\/www.susannavaris.com\/blogg\/wp-content\/uploads\/2012\/04\/makode-linde.jpg\"><img loading=\"lazy\" decoding=\"async\" class=\"aligncenter size-full wp-image-5120\" title=\"makode-linde\" src=\"http:\/\/www.susannavaris.com\/blogg\/wp-content\/uploads\/2012\/04\/makode-linde.jpg\" alt=\"\" width=\"789\" height=\"592\" srcset=\"http:\/\/www.susannavaris.com\/blogg\/wp-content\/uploads\/2012\/04\/makode-linde.jpg 789w, http:\/\/www.susannavaris.com\/blogg\/wp-content\/uploads\/2012\/04\/makode-linde-300x225.jpg 300w\" sizes=\"auto, (max-width: 789px) 100vw, 789px\" \/><\/a>\u00a0<em>Makode Linde och Lena Adelsohn Liljeroth p\u00e5 Moderna Museet.<\/em><\/p>\n<p>Det blev ett herrans liv efter kulturministerns bes\u00f6k Moderna Mus\u00e9et i veckan. Anledningen var att KRO (Konstn\u00e4rernas Riksorganisation) firade 75 \u00e5r och bj\u00f6d bland annat p\u00e5 ett minst sagt \u00f6verraskande t\u00e5rtkalas under evenemanget World Art Day. S\u00e5 h\u00e4r gick det till:<\/p>\n<p><a href=\"http:\/\/www.youtube.com\/watch?v=w4OPDYlvO34\">http:\/\/www.youtube.com\/watch?v=w4OPDYlvO34<\/a><\/p>\n<p>Konstn\u00e4ren Makode Linde, sj\u00e4lv afrosvensk, arbetar bland annat med f\u00f6rdomar, rasism och stereotyper i sin konst. T\u00e5rtan, i form av en grov karikatyr av en svart kvinnokropp med r\u00f6tt inand\u00f6me och med konstn\u00e4rens egna, karikatyrm\u00e5lade huvud sk\u00e4rs upp av bes\u00f6kare och d\u00e5 bland andra av Lena Adelsohn Liljeroth. Konstn\u00e4ren, eller kvinnot\u00e5rtan, skriker varje g\u00e5ng n\u00e5gon sk\u00e4r sig en bit. Vid f\u00f6rsta anblicken tyckte jag att detta verkade vara ett helt fantastiskt verk. Fr\u00e5gor om exploatering, f\u00f6rdomar, karikering av det fr\u00e4mmande, omsk\u00e4relse, krigsbrott&#8230;ja, allt m\u00f6jligt for genom huvudet. Och allt detta p\u00e5 ett burleskt skr\u00e4mmande s\u00e4tt. Jag tyckte det verkade som ett fullst\u00e4ndigt briljant s\u00e4tt att v\u00e4cka just denna slags tankar och starta en diskussion.<\/p>\n<p style=\"text-align: center;\"><a href=\"http:\/\/www.susannavaris.com\/blogg\/wp-content\/uploads\/2012\/04\/n2MsE_thumb.jpeg\"><img loading=\"lazy\" decoding=\"async\" class=\"aligncenter size-full wp-image-5121\" title=\"n2MsE_thumb\" src=\"http:\/\/www.susannavaris.com\/blogg\/wp-content\/uploads\/2012\/04\/n2MsE_thumb.jpeg\" alt=\"\" width=\"471\" height=\"248\" srcset=\"http:\/\/www.susannavaris.com\/blogg\/wp-content\/uploads\/2012\/04\/n2MsE_thumb.jpeg 471w, http:\/\/www.susannavaris.com\/blogg\/wp-content\/uploads\/2012\/04\/n2MsE_thumb-300x157.jpg 300w\" sizes=\"auto, (max-width: 471px) 100vw, 471px\" \/><\/a>\u00a0<em>Makode Linde med andra verk<\/em><\/p>\n<p>Det blev varken s\u00e5 m\u00e5nga tankar eller en diskussion. Det blev ett j\u00e4vla liv. Moderna Museet JO-anm\u00e4ldes, eller om det var konstn\u00e4ren, ingen \u00e4r riktigt s\u00e4ker. Afrosvenska f\u00f6rbundet kr\u00e4ver att Lena Adelsohn Liljeroth ska avg\u00e5. Konstn\u00e4ren Makode Linde beh\u00f6ver knappast s\u00f6ka mycket projektpengar i n\u00e4rmaste famtiden, medier \u00f6ver hela v\u00e4rlden har uppm\u00e4rksammat honom och gallerier och olika institutioner st\u00e5r p\u00e5 k\u00f6. Men samtidigt har h\u00f6gljudda fr\u00e5gor om rasism v\u00e4ckts p\u00e5 olika h\u00e5ll och d\u00e5 ang\u00e5ende Makode Lindes och Adelsohn Liljeroths rasism, inte rasismen i allm\u00e4nhet, allts\u00e5 det som konstverket hade som avsikt att adressera.<\/p>\n<p>Jag \u00e4r inte afrosvensk eller afrikan och det \u00e4r den utsatta som ska definiera vad som \u00e4r rasism. Men debatten \u00e4r ig\u00e5ng och det borde v\u00e4l \u00e4nd\u00e5 vara bra?<\/p>\n<p><a href=\"http:\/\/www.svd.se\/kultur\/tror-hon-forstod-min-konstnarliga-agenda_7065917.svd\">http:\/\/www.svd.se\/kultur\/tror-hon-forstod-min-konstnarliga-agenda_7065917.svd<\/a><\/p>\n<p><a href=\"http:\/\/www.svd.se\/kultur\/afrosvenskar-kraver-ministeravgang_7061217.svd\">http:\/\/www.svd.se\/kultur\/afrosvenskar-kraver-ministeravgang_7061217.svd<\/a><\/p>\n<p><a href=\"http:\/\/www.svd.se\/opinion\/brannpunkt\/en-osmaklig-och-rasistisk-nidbild_7064983.svd\">http:\/\/www.svd.se\/opinion\/brannpunkt\/en-osmaklig-och-rasistisk-nidbild_7064983.svd<\/a><\/p>\n<p><a href=\"http:\/\/svt.se\/2.27170\/1.2777284\/moderna_museet_har_bidragit_till_att_sprida_ett_rasistiskt_budskap\">http:\/\/svt.se\/2.27170\/1.2777284\/moderna_museet_har_bidragit_till_att_sprida_ett_rasistiskt_budskap<\/a><\/p>\n<p><a href=\"http:\/\/www.aftonbladet.se\/nyheter\/article14690952.ab\">http:\/\/www.aftonbladet.se\/nyheter\/article14690952.ab<\/a><\/p>\n<p><a href=\"http:\/\/www.aftonbladet.se\/debatt\/article14700358.ab\">http:\/\/www.aftonbladet.se\/debatt\/article14700358.ab<\/a><\/p>\n<p><a href=\"http:\/\/www.expressen.se\/kultur\/den-storsta-tartbiten\/\">http:\/\/www.expressen.se\/kultur\/den-storsta-tartbiten\/<\/a><\/p>\n<p><a href=\"http:\/\/www.dn.se\/kultur-noje\/tartaffaren-en-varldsnyhet\">http:\/\/www.dn.se\/kultur-noje\/tartaffaren-en-varldsnyhet<\/a><\/p>\n<p><a href=\"http:\/\/www.dn.se\/kultur-noje\/konst-form\/krav-pa-avgang-efter-tartskandal\">http:\/\/www.dn.se\/kultur-noje\/konst-form\/krav-pa-avgang-efter-tartskandal<\/a><\/p>\n<p><a href=\"http:\/\/www.dn.se\/kultur-noje\/konst-form\/kro-i-ett-fritt-samhalle-maste-vi-kunna-hantera-konst-som-kritiserar\">http:\/\/www.dn.se\/kultur-noje\/konst-form\/kro-i-ett-fritt-samhalle-maste-vi-kunna-hantera-konst-som-kritiserar<\/a><\/p>\n<p><a href=\"http:\/\/www.aljazeera.com\/news\/europe\/2012\/04\/201241804049897269.html\">http:\/\/www.aljazeera.com\/news\/europe\/2012\/04\/201241804049897269.html<\/a><\/p>\n<p><a href=\"http:\/\/www.mirror.co.uk\/news\/world-news\/racist-cake-artist-behind-swedish-798491\">http:\/\/www.mirror.co.uk\/news\/world-news\/racist-cake-artist-behind-swedish-798491<\/a><\/p>\n<p><a href=\"http:\/\/www.guardian.co.uk\/commentisfree\/2012\/apr\/18\/racism-becoming-the-norm-sweden\">http:\/\/www.guardian.co.uk\/commentisfree\/2012\/apr\/18\/racism-becoming-the-norm-sweden<\/a><\/p>\n<p><a href=\"http:\/\/www.bbc.co.uk\/news\/world-europe-17749533\">http:\/\/www.bbc.co.uk\/news\/world-europe-17749533<\/a><\/p>\n<p><a href=\"http:\/\/www.blogkeen.com\/view_blog2.aspx?blog=308903&amp;row=1\">http:\/\/www.blogkeen.com\/view_blog2.aspx?blog=308903&amp;row=1<\/a><\/p>\n<p>&nbsp;<\/p>\n<p>&nbsp;<\/p>\n<p>&nbsp;<\/p>\n","protected":false},"excerpt":{"rendered":"<p>\u00a0Makode Linde och Lena Adelsohn Liljeroth p\u00e5 Moderna Museet. Det blev ett herrans liv efter kulturministerns bes\u00f6k Moderna Mus\u00e9et i veckan. Anledningen var att KRO (Konstn\u00e4rernas Riksorganisation) firade 75 \u00e5r och bj\u00f6d bland annat p\u00e5 ett minst sagt \u00f6verraskande t\u00e5rtkalas &hellip; <a href=\"http:\/\/www.susannavaris.com\/blogg\/2012\/04\/veckans-rasistiska-tarta\/\">Forts\u00e4tt l\u00e4sa <span class=\"meta-nav\">&rarr;<\/span><\/a><\/p>\n","protected":false},"author":1,"featured_media":0,"comment_status":"open","ping_status":"open","sticky":false,"template":"","format":"standard","meta":{"footnotes":""},"categories":[674,3,1162,10,589,1,590,11,4],"tags":[1657,1655,1656,1652,1651,234,722,1654,1653],"class_list":["post-5119","post","type-post","status-publish","format-standard","hentry","category-historia","category-konst","category-kultur","category-kuriosakabinettet","category-medier","category-okategoriserade","category-politik","category-say-whaaat","category-utstallning","tag-75ar","tag-cake","tag-kro","tag-lena-adelsohn-liljeroth","tag-makode-linde","tag-moderna-museet","tag-rasism","tag-tarta","tag-world-art-day"],"_links":{"self":[{"href":"http:\/\/www.susannavaris.com\/blogg\/wp-json\/wp\/v2\/posts\/5119","targetHints":{"allow":["GET"]}}],"collection":[{"href":"http:\/\/www.susannavaris.com\/blogg\/wp-json\/wp\/v2\/posts"}],"about":[{"href":"http:\/\/www.susannavaris.com\/blogg\/wp-json\/wp\/v2\/types\/post"}],"author":[{"embeddable":true,"href":"http:\/\/www.susannavaris.com\/blogg\/wp-json\/wp\/v2\/users\/1"}],"replies":[{"embeddable":true,"href":"http:\/\/www.susannavaris.com\/blogg\/wp-json\/wp\/v2\/comments?post=5119"}],"version-history":[{"count":5,"href":"http:\/\/www.susannavaris.com\/blogg\/wp-json\/wp\/v2\/posts\/5119\/revisions"}],"predecessor-version":[{"id":5147,"href":"http:\/\/www.susannavaris.com\/blogg\/wp-json\/wp\/v2\/posts\/5119\/revisions\/5147"}],"wp:attachment":[{"href":"http:\/\/www.susannavaris.com\/blogg\/wp-json\/wp\/v2\/media?parent=5119"}],"wp:term":[{"taxonomy":"category","embeddable":true,"href":"http:\/\/www.susannavaris.com\/blogg\/wp-json\/wp\/v2\/categories?post=5119"},{"taxonomy":"post_tag","embeddable":true,"href":"http:\/\/www.susannavaris.com\/blogg\/wp-json\/wp\/v2\/tags?post=5119"}],"curies":[{"name":"wp","href":"https:\/\/api.w.org\/{rel}","templated":true}]}}