{"id":5126,"date":"2012-04-20T13:14:01","date_gmt":"2012-04-20T11:14:01","guid":{"rendered":"http:\/\/www.susannavaris.com\/blogg\/?p=5126"},"modified":"2012-05-07T20:30:49","modified_gmt":"2012-05-07T18:30:49","slug":"artikel-om-mig-i-ruotsin-suomalainen-16","status":"publish","type":"post","link":"http:\/\/www.susannavaris.com\/blogg\/2012\/04\/artikel-om-mig-i-ruotsin-suomalainen-16\/","title":{"rendered":"Artikel om mig i Ruotsin Suomalainen # 16"},"content":{"rendered":"<p>Tidningen Ruotsin Suomalainen som v\u00e4nder sig till finl\u00e4ndare och finsk\u00e4ttade i Sverige, gjorde ju en intervju med mig n\u00e4r jag hade Curse of the Crows-utst\u00e4llningen p\u00e5 Galleri T. H\u00e4r \u00e4r resultatet:<\/p>\n<p style=\"text-align: center;\"><a href=\"http:\/\/www.susannavaris.com\/blogg\/wp-content\/uploads\/2012\/04\/DSC_0276-50.jpg\"><img loading=\"lazy\" decoding=\"async\" class=\"aligncenter size-large wp-image-5127\" title=\"DSC_0276-50\" src=\"http:\/\/www.susannavaris.com\/blogg\/wp-content\/uploads\/2012\/04\/DSC_0276-50-730x1024.jpg\" alt=\"\" width=\"640\" height=\"897\" srcset=\"http:\/\/www.susannavaris.com\/blogg\/wp-content\/uploads\/2012\/04\/DSC_0276-50-730x1024.jpg 730w, http:\/\/www.susannavaris.com\/blogg\/wp-content\/uploads\/2012\/04\/DSC_0276-50-213x300.jpg 213w, http:\/\/www.susannavaris.com\/blogg\/wp-content\/uploads\/2012\/04\/DSC_0276-50.jpg 1329w\" sizes=\"auto, (max-width: 640px) 100vw, 640px\" \/><\/a>\u00a0<em>Reporter: Heidi Himmel\u00e4<\/em><\/p>\n<p style=\"text-align: center;\"><a href=\"http:\/\/www.susannavaris.com\/blogg\/wp-content\/uploads\/2012\/04\/DSC_0277-50.jpg\"><img loading=\"lazy\" decoding=\"async\" class=\"aligncenter size-large wp-image-5128\" title=\"DSC_0277-50\" src=\"http:\/\/www.susannavaris.com\/blogg\/wp-content\/uploads\/2012\/04\/DSC_0277-50-1024x682.jpg\" alt=\"\" width=\"640\" height=\"426\" srcset=\"http:\/\/www.susannavaris.com\/blogg\/wp-content\/uploads\/2012\/04\/DSC_0277-50-1024x682.jpg 1024w, http:\/\/www.susannavaris.com\/blogg\/wp-content\/uploads\/2012\/04\/DSC_0277-50-300x200.jpg 300w\" sizes=\"auto, (max-width: 640px) 100vw, 640px\" \/><\/a>\u00a0<a href=\"http:\/\/www.susannavaris.com\/blogg\/wp-content\/uploads\/2012\/04\/IMG_8620variss4heidihimmel\u00e4ruotsinsuomalainen03-text-50.jpg\"><img loading=\"lazy\" decoding=\"async\" class=\"aligncenter size-large wp-image-5129\" title=\"IMG_8620variss4heidihimmel\u00e4ruotsinsuomalainen03-text-50\" src=\"http:\/\/www.susannavaris.com\/blogg\/wp-content\/uploads\/2012\/04\/IMG_8620variss4heidihimmel\u00e4ruotsinsuomalainen03-text-50-1024x606.jpg\" alt=\"\" width=\"640\" height=\"378\" srcset=\"http:\/\/www.susannavaris.com\/blogg\/wp-content\/uploads\/2012\/04\/IMG_8620variss4heidihimmel\u00e4ruotsinsuomalainen03-text-50-1024x606.jpg 1024w, http:\/\/www.susannavaris.com\/blogg\/wp-content\/uploads\/2012\/04\/IMG_8620variss4heidihimmel\u00e4ruotsinsuomalainen03-text-50-300x177.jpg 300w, http:\/\/www.susannavaris.com\/blogg\/wp-content\/uploads\/2012\/04\/IMG_8620variss4heidihimmel\u00e4ruotsinsuomalainen03-text-50.jpg 1630w\" sizes=\"auto, (max-width: 640px) 100vw, 640px\" \/><\/a>\u00a0<em>Fler bilder fr\u00e5n fotosessionen&#8230;<\/em><\/p>\n<p style=\"text-align: center;\"><a href=\"http:\/\/www.susannavaris.com\/blogg\/wp-content\/uploads\/2012\/04\/IMG_8643variss2heidihimmel\u00e4ruotsinsuomalainen02-text-50.jpg\"><img loading=\"lazy\" decoding=\"async\" class=\"aligncenter size-large wp-image-5130\" title=\"IMG_8643variss2heidihimmel\u00e4ruotsinsuomalainen02-text-50\" src=\"http:\/\/www.susannavaris.com\/blogg\/wp-content\/uploads\/2012\/04\/IMG_8643variss2heidihimmel\u00e4ruotsinsuomalainen02-text-50-1024x683.jpg\" alt=\"\" width=\"640\" height=\"426\" srcset=\"http:\/\/www.susannavaris.com\/blogg\/wp-content\/uploads\/2012\/04\/IMG_8643variss2heidihimmel\u00e4ruotsinsuomalainen02-text-50-1024x683.jpg 1024w, http:\/\/www.susannavaris.com\/blogg\/wp-content\/uploads\/2012\/04\/IMG_8643variss2heidihimmel\u00e4ruotsinsuomalainen02-text-50-300x200.jpg 300w, http:\/\/www.susannavaris.com\/blogg\/wp-content\/uploads\/2012\/04\/IMG_8643variss2heidihimmel\u00e4ruotsinsuomalainen02-text-50.jpg 1775w\" sizes=\"auto, (max-width: 640px) 100vw, 640px\" \/><\/a>\u00a0<a href=\"http:\/\/www.susannavaris.com\/blogg\/wp-content\/uploads\/2012\/04\/IMG_8679varissheidihimmel\u00e4ruotsinsuomalainen01-50-text.jpg\"><img loading=\"lazy\" decoding=\"async\" class=\"aligncenter size-large wp-image-5131\" title=\"IMG_8679varissheidihimmel\u00e4ruotsinsuomalainen01-50-text\" src=\"http:\/\/www.susannavaris.com\/blogg\/wp-content\/uploads\/2012\/04\/IMG_8679varissheidihimmel\u00e4ruotsinsuomalainen01-50-text-1024x682.jpg\" alt=\"\" width=\"640\" height=\"426\" srcset=\"http:\/\/www.susannavaris.com\/blogg\/wp-content\/uploads\/2012\/04\/IMG_8679varissheidihimmel\u00e4ruotsinsuomalainen01-50-text-1024x682.jpg 1024w, http:\/\/www.susannavaris.com\/blogg\/wp-content\/uploads\/2012\/04\/IMG_8679varissheidihimmel\u00e4ruotsinsuomalainen01-50-text-300x200.jpg 300w\" sizes=\"auto, (max-width: 640px) 100vw, 640px\" \/><\/a><\/p>\n<p style=\"text-align: center;\">\u00d6vers\u00e4ttning av artikeln:<\/p>\n<p align=\"CENTER\"><strong>RUOTSIN SUOMALAINEN\/Kulttuuri<\/strong><\/p>\n<p align=\"CENTER\"><strong>nr. 16 19.4.2012<\/strong><\/p>\n<p align=\"CENTER\">\n<p align=\"CENTER\"><strong>FAMILJEN \u00c4R V\u00c4RST<\/strong><\/p>\n<p align=\"CENTER\">\n<p align=\"CENTER\">\n<p align=\"LEFT\"><strong>Stockholm. Enligt konstn\u00e4ren Susanna Varis bor r\u00e4dslan i m\u00e4nniskans sinne.<\/strong><\/p>\n<p align=\"LEFT\">\n<p align=\"LEFT\">Ett sp\u00f6klikt h\u00e4stekipage k\u00f6r genom vardagsrummet i en bondg\u00e5rd. Ett sp\u00f6ke njuter av husets lugn i en gungstol. I Susanna Varis\u00b4 verk m\u00f6ter det \u00f6vernaturliga vardagen.<\/p>\n<p align=\"LEFT\">\n<p align=\"LEFT\">\u201dR\u00e4dslor och mardr\u00f6mmar avsl\u00f6jar en hel del av av m\u00e4nniskans natur. Genom dem kan man l\u00e4ra sig om sig sj\u00e4lv och om andra\u201d , konstaterar Susanna Varis.<\/p>\n<p align=\"LEFT\">\n<p align=\"LEFT\">Verken grundar sig i Varis\u00b4 erfarenheter och i ber\u00e4ttelser som hon h\u00f6rt om sin sl\u00e4kt. I sl\u00e4ktens historia ryms bland annat psykiska problem. Varis behandlar i sina verk hur problem i sl\u00e4kten tycks \u00e5terkomma likt en f\u00f6rbannelse fr\u00e5n en generation till en annan.<\/p>\n<p align=\"LEFT\">\n<p align=\"LEFT\">\u201dVanligtvis vill man inte ber\u00e4tta om problem inom familjen eller sl\u00e4kten, det brukar snarare talas tyst om. Jag \u00e5 min sida vill snarare lyfta upp katten p\u00e5 bordet, s\u00e5 att man kan ha en m\u00f6jlighet att behandla problemen.\u201d<\/p>\n<p align=\"LEFT\">\n<p align=\"LEFT\">Enligt Varis har alla sl\u00e4kter skelett i garderoben och livets m\u00f6rka sidor \u00e4r inga ovanligheter.<\/p>\n<p align=\"LEFT\">\n<p align=\"LEFT\">\u201dJag vill med min konst skapa en m\u00f6jlighet till igenk\u00e4nning i de m\u00f6rka sidorna.\u201d<\/p>\n<p align=\"LEFT\">\n<p align=\"LEFT\">I sin konst behandlar Varis olika teman p\u00e5 ett surrealistiskt och skr\u00e4ckfilmsartat s\u00e4tt.<\/p>\n<p align=\"LEFT\">\n<p align=\"LEFT\"><strong>Bland <\/strong>legenderna i Susanna Varis\u00b4 sl\u00e4kt ryms \u00e4ven ber\u00e4ttelser om sp\u00f6ken. Den skr\u00e4ckber\u00e4ttelse\u00e4lskande konstn\u00e4ren tror inte p\u00e5 sp\u00f6ken, men ber\u00e4ttelserna i sig \u00e4r saftiga k\u00e4llor f\u00f6r inspiration. En del av verken grundar sig i h\u00e4ndelser som utspelats i sl\u00e4ktens bondg\u00e5rd i Egentliga Finland.<\/p>\n<p align=\"LEFT\">\n<p align=\"LEFT\">\u201dI huset har man bland annat h\u00f6rt steg efter att alla redan har lagt sig. Jag har varit d\u00e4r sj\u00e4lv och kan s\u00e4ga att k\u00e4nslan i huset \u00e4r inte angen\u00e4m.\u201d<\/p>\n<p align=\"LEFT\">\n<p align=\"LEFT\">I tavlorna skymtar, vid sidan av sl\u00e4ktingar och kr\u00e5kf\u00e5glar, bland andra sk\u00e5despelarikonen Marilyn Monroe och den amerikanska skr\u00e4ckkonstn\u00e4ren och -rockaren Marilyn Manson.<\/p>\n<p align=\"LEFT\">\n<p align=\"LEFT\">\u201dManson v\u00e4ckte \u00e5r 2007 min sedan \u00f6ver tio \u00e5r insomnade kreativitet. Sedan dess har jag m\u00e5lat hans portr\u00e4tt. Han representerar f\u00f6r mig en multitalang inom skr\u00e4ck.\u201d<\/p>\n<p align=\"LEFT\">\n<p align=\"LEFT\">Enligt Susanna Varis f\u00f6ds hennes inspiration ur popul\u00e4rkultur, men ocks\u00e5 ur att betrakta andras konst. Varis\u00b4 hj\u00e4rta bankar f\u00f6r ren\u00e4ssanskonstn\u00e4rer och s\u00e4rskilt f\u00f6r den f\u00f6r lowbrow- eller den humoristiska skr\u00e4ckkonsten k\u00e4nda v\u00e4ninnan Mia M\u00e4kil\u00e4s arbeten.<\/p>\n<p align=\"LEFT\">\n<p align=\"LEFT\">\u201dVid sidan av Manson p\u00e5verkades min lust att m\u00e5la av M\u00e4kil\u00e4s humoristiska skr\u00e4ckbilder, vilka slog mig med h\u00e4pnad.\u201d<\/p>\n<p align=\"LEFT\">\n<p align=\"LEFT\">Varis dr\u00f6mmer om t ex en helvetestriptyk i Hieronymus Bosch:s anda.<\/p>\n<p align=\"LEFT\">\n<p align=\"LEFT\">\u201dDet vore roligt att bygga ett s\u00e5dant detaljrikt v\u00e4ggarbete, ett som skulle vara min egen bild av helvetet idag. Figurerna som kommer att hittas d\u00e4r \u00e4r fortfarande en g\u00e5ta.\u201d<\/p>\n<p align=\"LEFT\">\n<p align=\"LEFT\"><strong>Susanna Varis <\/strong>klassar inte sina verk som v\u00e5ldsf\u00f6rh\u00e4rligande. Underh\u00e5llning, spel eller popul\u00e4rkultur g\u00f6r inte m\u00e4nniskan v\u00e5ldsben\u00e4gen, det \u00e4r fr\u00e5ga om en inneboende problematik hos individen. Enligt konstn\u00e4ren \u00e4r underh\u00e5llning en l\u00e4tt syndabock att ta till, eftersom individen, familjen eller sl\u00e4kten p\u00e5 det s\u00e4ttet inte beh\u00f6ver ta n\u00e5got ansvar. Samh\u00e4llet kan enligt Varis aldrig skydda individen helt.<\/p>\n<p align=\"LEFT\">\n<p align=\"LEFT\">\u201dExempelvis en person som Breivik hittar inspiration f\u00f6r sina d\u00e5d var som helst. Ett \u00f6verdrivet beskyddande leder till att man i slut\u00e4ndan f\u00e5r f\u00f6rbjuda alla slags ideologier, religioner och till och med \u00e5sikter.\u201d<\/p>\n<p align=\"LEFT\">\n<p align=\"LEFT\"><strong>Susanna Varis <\/strong>f\u00e5r best\u00e4llningar \u00e4ven fr\u00e5n utlandet. Konstn\u00e4ren dr\u00f6mmer om en utst\u00e4llning i London eller i Wien. Den dagligdags som t\u00e5gv\u00e4rd i Stockholm arbetande Varis t\u00e4nker inte sluta med sitt arbete \u00e4n.<\/p>\n<p align=\"LEFT\">\n<p align=\"LEFT\">\u201dEn dr\u00f6m vore ju sj\u00e4lvklart att kunna f\u00f6rs\u00f6rja sig p\u00e5 sin konst, men dit \u00e4r det en bit kvar.\u201d<\/p>\n<p align=\"LEFT\">\n<p align=\"LEFT\">H\u00e4rn\u00e4st kan Varis\u00b4 konst besk\u00e5das i Kungstr\u00e4dg\u00e5rden, i utst\u00e4llningen Konst i Kungstr\u00e4dg\u00e5rden, sista helgen i april.<\/p>\n<p align=\"LEFT\">\n<p align=\"LEFT\"><strong>HEIDI HIMMEL\u00c4 <\/strong><\/p>\n<p align=\"LEFT\">\n<p align=\"LEFT\"><strong>(\u00f6vers. Susanna Varis)<\/strong><\/p>\n<p align=\"LEFT\">\n","protected":false},"excerpt":{"rendered":"<p>Tidningen Ruotsin Suomalainen som v\u00e4nder sig till finl\u00e4ndare och finsk\u00e4ttade i Sverige, gjorde ju en intervju med mig n\u00e4r jag hade Curse of the Crows-utst\u00e4llningen p\u00e5 Galleri T. H\u00e4r \u00e4r resultatet: \u00a0Reporter: Heidi Himmel\u00e4 \u00a0\u00a0Fler bilder fr\u00e5n fotosessionen&#8230; \u00a0 \u00d6vers\u00e4ttning &hellip; <a href=\"http:\/\/www.susannavaris.com\/blogg\/2012\/04\/artikel-om-mig-i-ruotsin-suomalainen-16\/\">Forts\u00e4tt l\u00e4sa <span class=\"meta-nav\">&rarr;<\/span><\/a><\/p>\n","protected":false},"author":1,"featured_media":0,"comment_status":"open","ping_status":"open","sticky":false,"template":"","format":"standard","meta":{"footnotes":""},"categories":[7,1293,3,1162,589,1,4],"tags":[1662,1278,313,1233,1659,1660,1658,1566,1661],"class_list":["post-5126","post","type-post","status-publish","format-standard","hentry","category-egna-verk","category-galleri-t-2","category-konst","category-kultur","category-medier","category-okategoriserade","category-utstallning","tag-artikel","tag-c-o-t-c","tag-curse-of-the-crows","tag-galleri-t","tag-heidi-himmela","tag-reportage","tag-ruotsin-suomalainen","tag-ruotsinsuomalainen","tag-tidningsartikel"],"_links":{"self":[{"href":"http:\/\/www.susannavaris.com\/blogg\/wp-json\/wp\/v2\/posts\/5126","targetHints":{"allow":["GET"]}}],"collection":[{"href":"http:\/\/www.susannavaris.com\/blogg\/wp-json\/wp\/v2\/posts"}],"about":[{"href":"http:\/\/www.susannavaris.com\/blogg\/wp-json\/wp\/v2\/types\/post"}],"author":[{"embeddable":true,"href":"http:\/\/www.susannavaris.com\/blogg\/wp-json\/wp\/v2\/users\/1"}],"replies":[{"embeddable":true,"href":"http:\/\/www.susannavaris.com\/blogg\/wp-json\/wp\/v2\/comments?post=5126"}],"version-history":[{"count":3,"href":"http:\/\/www.susannavaris.com\/blogg\/wp-json\/wp\/v2\/posts\/5126\/revisions"}],"predecessor-version":[{"id":5417,"href":"http:\/\/www.susannavaris.com\/blogg\/wp-json\/wp\/v2\/posts\/5126\/revisions\/5417"}],"wp:attachment":[{"href":"http:\/\/www.susannavaris.com\/blogg\/wp-json\/wp\/v2\/media?parent=5126"}],"wp:term":[{"taxonomy":"category","embeddable":true,"href":"http:\/\/www.susannavaris.com\/blogg\/wp-json\/wp\/v2\/categories?post=5126"},{"taxonomy":"post_tag","embeddable":true,"href":"http:\/\/www.susannavaris.com\/blogg\/wp-json\/wp\/v2\/tags?post=5126"}],"curies":[{"name":"wp","href":"https:\/\/api.w.org\/{rel}","templated":true}]}}