{"id":5157,"date":"2012-04-24T00:38:56","date_gmt":"2012-04-23T22:38:56","guid":{"rendered":"http:\/\/www.susannavaris.com\/blogg\/?p=5157"},"modified":"2012-04-24T22:59:56","modified_gmt":"2012-04-24T20:59:56","slug":"liderborg-co-hjarntvatt-ab","status":"publish","type":"post","link":"http:\/\/www.susannavaris.com\/blogg\/2012\/04\/liderborg-co-hjarntvatt-ab\/","title":{"rendered":"Liderborg &#038; Co Hj\u00e4rntv\u00e4tt AB"},"content":{"rendered":"<p style=\"text-align: center;\"><a href=\"http:\/\/www.susannavaris.com\/blogg\/wp-content\/uploads\/2012\/04\/267060_366_250.jpg\"><img loading=\"lazy\" decoding=\"async\" class=\"aligncenter size-full wp-image-5158\" title=\"267060_366_250\" src=\"http:\/\/www.susannavaris.com\/blogg\/wp-content\/uploads\/2012\/04\/267060_366_250.jpg\" alt=\"\" width=\"366\" height=\"250\" srcset=\"http:\/\/www.susannavaris.com\/blogg\/wp-content\/uploads\/2012\/04\/267060_366_250.jpg 366w, http:\/\/www.susannavaris.com\/blogg\/wp-content\/uploads\/2012\/04\/267060_366_250-300x204.jpg 300w\" sizes=\"auto, (max-width: 366px) 100vw, 366px\" \/><\/a><em>\u00a0Foto: Sveriges Radio<\/em><\/p>\n<p>Aftonbladet i allm\u00e4nhet och Kultursidan i synnerhet forts\u00e4tter sitt inpr\u00e4ntande av budskapet Breivik-h\u00f6gerextremism-h\u00f6gern-Access-h\u00f6gerbloggare, eller Breivik-h\u00f6gerextremism-antifeminism-anti-islam-h\u00f6gern-h\u00f6ger\u00e5sikter. Dagens artikel i f\u00f6ljetongen (H\u00e5kan Blomqvist \u00e4r medlem i Socialistiska partiet och har varit m\u00e5ng\u00e5rig chefredakt\u00f6r f\u00f6r tidningen Internationalen. Kjell \u00d6stberg \u00e4r ansvarig utgivare f\u00f6r Socialistiska tidskriften Tidsingnal):<\/p>\n<p><a href=\"http:\/\/www.aftonbladet.se\/kultur\/article14718897.ab\">http:\/\/www.aftonbladet.se\/kultur\/article14718897.ab<\/a><\/p>\n<p>Man kan fr\u00e5ga sig vad denna sorts smutskastningskampanj syftar till? \u00c4r m\u00e5let att f\u00f6rs\u00f6ka sv\u00e4rta ner alla slags meningsmotst\u00e5ndare med att deras \u00e5sikter bygger p\u00e5 samma stoff som den norske massm\u00f6rdaren byggt sin extrema v\u00e4rldsbild kring? Resonemangen bygger hela tiden p\u00e5 en slags guilt-by-association-tema, allehanda meningsmotst\u00e5ndare f\u00f6rknippas med extremism och i slut\u00e4ndan en st\u00f6rd individ och massm\u00f6rdare. Hur intellektuellt hederligt \u00e4r detta? Hur ser Linderborgs uppfattning om demokratin (den som hon givetvis hela tiden i dessa associeranden f\u00f6rknippar med v\u00e4nstern) ut egentligen? Att meningsmotst\u00e5ndare ska tystas med vilka medel som helst?<\/p>\n<p>Terrorister och st\u00f6rda individer som tar till v\u00e5ld finns i alla kretsar och i alla ideologiska milj\u00f6er. Med lite kreativ associering \u00e0 la Linderborg &amp; Co kunde man lika g\u00e4rna f\u00e5 WWF att framst\u00e5 som en tveksam organisation eftersom vissa djuraktivister v\u00e4ljer att ta till v\u00e5ld. Dessutom v\u00e4ljer man l\u00e4gligt nog att bortse fr\u00e5n t ex b\u00e5de Baader-Mainhof (som man fortfarande glorifierar i vissa v\u00e4nsterkretsar) och Valerie Solanas, som sk\u00f6t tre m\u00e4nniskor, men vars manifest unisont hyllades av kulturkritiker i h\u00f6stas n\u00e4r det sattes upp p\u00e5 Turteatern.<\/p>\n<p>En individ som v\u00e4ljer att bli terrorist eller att ta till v\u00e5ld h\u00e4mtar sin ideologi eller v\u00e4rldsbild fr\u00e5n precis samma k\u00e4llor som vi alla andra, fr\u00e5n det som finns omkring oss. Ska vi b\u00f6rja f\u00f6rbjuda religioner, ideologier, eller kanske till och med \u00e5sikter f\u00f6r att inbilla oss sj\u00e4lva att vi kan vara skyddade fr\u00e5n framtida terrord\u00e5d? (F\u00f6r Linderborg skulle kanske inte detta vara s\u00e5 bekymmersamt, hon undrade ju f\u00f6r en tid sedan vilka \u00e5sikter som borde vara till\u00e5tna i en artikel p\u00e5 sin hemsida, urs\u00e4kta, kultursidan, i Aftonbladet.)<\/p>\n<p>Att hon nu lyckats skaka fram tv\u00e5 historiker som \u00e4r beredda att sl\u00e4ppa ifr\u00e5n sig en s\u00e5 pass ideologibest\u00e4nkt artikel i egenskap av historiker vid S\u00f6dert\u00f6rns H\u00f6gskola \u00e4r bekl\u00e4mmande. Enligt min \u00e5sikt \u00e4r god vetenskap s\u00e5 l\u00e5ngt som m\u00f6jligt befriat fr\u00e5n ideologi.<\/p>\n<p>Nej, syftet med den f\u00f6rda kampanjen \u00e4r att s\u00e5 gott som hj\u00e4rntv\u00e4tta l\u00e4sarna till att automatiskt g\u00f6ra kopplingen h\u00f6ger=Breivik. Budskapet ska nu trummas in tills det sitter. L\u00e4ser man kommentarer till artiklarna verkar projektet hittills vara ganska lyckat. Skr\u00e4mmande. Mycket skr\u00e4mmande.<\/p>\n<p>Mitt tidigare inl\u00e4gg p\u00e5 samma tema:<\/p>\n<p><a href=\"http:\/\/www.susannavaris.com\/blogg\/2012\/04\/kampen-om-symbolerna\/\">http:\/\/www.susannavaris.com\/blogg\/2012\/04\/kampen-om-symbolerna\/<\/a><\/p>\n<p style=\"text-align: center;\">&#8211; : &#8211; : &#8211; : &#8211;<\/p>\n<p>Lars Adaktusson i Metro 24. mars 2012:<\/p>\n<p><a href=\"http:\/\/www.metro.se\/kolumner\/fel-koppla-brevik-till-borgerlig-politik\/EVHldw!ACrS9X0Wouqs6\/\">http:\/\/www.metro.se\/kolumner\/fel-koppla-brevik-till-borgerlig-politik\/EVHldw!ACrS9X0Wouqs6\/<\/a><\/p>\n<p>Roland Poirier Martinsson, vd f\u00f6r Timbro f\u00f6rklarar vad v\u00e4rdekonservatism betyder f\u00f6r honom och m\u00e5nga andra:<\/p>\n<p><a href=\"http:\/\/www.svd.se\/opinion\/ledarsidan\/den-konservative-och-invandringen_7077109.svd\">http:\/\/www.svd.se\/opinion\/ledarsidan\/den-konservative-och-invandringen_7077109.svd<\/a><\/p>\n<p>Poirier Martinsson i DN 24. mars 2012:<\/p>\n<p><a href=\"http:\/\/www.dn.se\/kultur-noje\/debatt-essa\/hogern-maste-forsta-att-breivik-agerade-politiskt\">http:\/\/www.dn.se\/kultur-noje\/debatt-essa\/hogern-maste-forsta-att-breivik-agerade-politiskt<\/a><\/p>\n<p>Johan Lundberg sammanfattar l\u00e4get p\u00e5 ett mycket bra s\u00e4tt i Axess:<\/p>\n<p><a href=\"http:\/\/www.axess.se\/magasin\/default.aspx?article=1246\">http:\/\/www.axess.se\/magasin\/default.aspx?article=1246<\/a><\/p>\n<p>Claes Wargskog i en lysande artikel p\u00e5 Newsmill:<\/p>\n<p><a href=\"http:\/\/www.newsmill.se\/artikel\/2012\/03\/30\/v-nstern-breivik-och-feminismen\">http:\/\/www.newsmill.se\/artikel\/2012\/03\/30\/v-nstern-breivik-och-feminismen<\/a><\/p>\n","protected":false},"excerpt":{"rendered":"<p>\u00a0Foto: Sveriges Radio Aftonbladet i allm\u00e4nhet och Kultursidan i synnerhet forts\u00e4tter sitt inpr\u00e4ntande av budskapet Breivik-h\u00f6gerextremism-h\u00f6gern-Access-h\u00f6gerbloggare, eller Breivik-h\u00f6gerextremism-antifeminism-anti-islam-h\u00f6gern-h\u00f6ger\u00e5sikter. Dagens artikel i f\u00f6ljetongen (H\u00e5kan Blomqvist \u00e4r medlem i Socialistiska partiet och har varit m\u00e5ng\u00e5rig chefredakt\u00f6r f\u00f6r tidningen Internationalen. Kjell \u00d6stberg \u00e4r &hellip; <a href=\"http:\/\/www.susannavaris.com\/blogg\/2012\/04\/liderborg-co-hjarntvatt-ab\/\">Forts\u00e4tt l\u00e4sa <span class=\"meta-nav\">&rarr;<\/span><\/a><\/p>\n","protected":false},"author":1,"featured_media":0,"comment_status":"open","ping_status":"open","sticky":false,"template":"","format":"standard","meta":{"footnotes":""},"categories":[178,674,1162,589,1,590,403],"tags":[149,225,1014,1684,1676,4911,1681,1675,1680,1674,1678,1685,684,907,1677,322,1679,911],"class_list":["post-5157","post","type-post","status-publish","format-standard","hentry","category-blodtryckshojare","category-historia","category-kultur","category-medier","category-okategoriserade","category-politik","category-pseudovetenskap","tag-aftonbladet","tag-asa-linderborg","tag-axess","tag-claes-wargskog","tag-hakan-blomqvist","tag-historia","tag-johan-lunberg","tag-kjell-ostberg","tag-kulturkonservatism","tag-kultursida","tag-lars-adaktusson","tag-newsmill","tag-roland-poirier-martinsson","tag-scum","tag-socialism","tag-sodertorns-hogskola","tag-timbro","tag-valerie-solanas"],"_links":{"self":[{"href":"http:\/\/www.susannavaris.com\/blogg\/wp-json\/wp\/v2\/posts\/5157","targetHints":{"allow":["GET"]}}],"collection":[{"href":"http:\/\/www.susannavaris.com\/blogg\/wp-json\/wp\/v2\/posts"}],"about":[{"href":"http:\/\/www.susannavaris.com\/blogg\/wp-json\/wp\/v2\/types\/post"}],"author":[{"embeddable":true,"href":"http:\/\/www.susannavaris.com\/blogg\/wp-json\/wp\/v2\/users\/1"}],"replies":[{"embeddable":true,"href":"http:\/\/www.susannavaris.com\/blogg\/wp-json\/wp\/v2\/comments?post=5157"}],"version-history":[{"count":17,"href":"http:\/\/www.susannavaris.com\/blogg\/wp-json\/wp\/v2\/posts\/5157\/revisions"}],"predecessor-version":[{"id":5166,"href":"http:\/\/www.susannavaris.com\/blogg\/wp-json\/wp\/v2\/posts\/5157\/revisions\/5166"}],"wp:attachment":[{"href":"http:\/\/www.susannavaris.com\/blogg\/wp-json\/wp\/v2\/media?parent=5157"}],"wp:term":[{"taxonomy":"category","embeddable":true,"href":"http:\/\/www.susannavaris.com\/blogg\/wp-json\/wp\/v2\/categories?post=5157"},{"taxonomy":"post_tag","embeddable":true,"href":"http:\/\/www.susannavaris.com\/blogg\/wp-json\/wp\/v2\/tags?post=5157"}],"curies":[{"name":"wp","href":"https:\/\/api.w.org\/{rel}","templated":true}]}}