{"id":5206,"date":"2012-04-26T21:57:13","date_gmt":"2012-04-26T19:57:13","guid":{"rendered":"http:\/\/www.susannavaris.com\/blogg\/?p=5206"},"modified":"2012-04-26T21:58:20","modified_gmt":"2012-04-26T19:58:20","slug":"asa-linderborg-co-hjarntvatt-ab-del-2","status":"publish","type":"post","link":"http:\/\/www.susannavaris.com\/blogg\/2012\/04\/asa-linderborg-co-hjarntvatt-ab-del-2\/","title":{"rendered":"\u00c5sa Linderborg &#038; Co Hj\u00e4rntv\u00e4tt AB del 2"},"content":{"rendered":"<p style=\"text-align: center;\"><a href=\"http:\/\/www.susannavaris.com\/blogg\/wp-content\/uploads\/2012\/04\/athena.jpg\"><img loading=\"lazy\" decoding=\"async\" class=\"aligncenter size-full wp-image-5207\" title=\"athena\" src=\"http:\/\/www.susannavaris.com\/blogg\/wp-content\/uploads\/2012\/04\/athena.jpg\" alt=\"\" width=\"230\" height=\"200\" \/><\/a>\u00a0<em>Athena Farrokhzad<\/em><\/p>\n<p>Athena Farrokhzad drar sitt str\u00e5 till stacken f\u00f6r ett balanserat och fruktsamt debattklimat i \u00a0svensk media. (Obs! Sarkasm.) Vulg\u00e4rdebattens l\u00e4gsta vattenm\u00e4rke verkar nu vara n\u00e5dd, men med Aftonbladets kultursida kan man inte vara s\u00e5 s\u00e4ker. Jag noterar hennes inl\u00e4gg enbart f\u00f6r att uppm\u00e4rksamma Aftonbladets (fr\u00e4mst kultursidans) p\u00e5g\u00e5ende kampanj vars m\u00e5ls\u00e4ttning \u00e4r att svartm\u00e5la alla som tycker annorlunda \u00e4n ytterv\u00e4nstern. Metodiken \u00e4r att bunta ihop allt till h\u00f6ger om denna ytterv\u00e4nster med massm\u00f6rdaren Breivik. Smakl\u00f6st \u00e4r bara f\u00f6rordet.<\/p>\n<p><a href=\"http:\/\/www.aftonbladet.se\/kultur\/article14736038.ab\">http:\/\/www.aftonbladet.se\/kultur\/article14736038.ab<\/a><\/p>\n<p>Tidigare inl\u00e4gg:<\/p>\n<p><a href=\"http:\/\/www.susannavaris.com\/blogg\/2012\/04\/liderborg-co-hjarntvatt-ab\/\">http:\/\/www.susannavaris.com\/blogg\/2012\/04\/liderborg-co-hjarntvatt-ab\/<\/a><\/p>\n","protected":false},"excerpt":{"rendered":"<p>\u00a0Athena Farrokhzad Athena Farrokhzad drar sitt str\u00e5 till stacken f\u00f6r ett balanserat och fruktsamt debattklimat i \u00a0svensk media. (Obs! Sarkasm.) Vulg\u00e4rdebattens l\u00e4gsta vattenm\u00e4rke verkar nu vara n\u00e5dd, men med Aftonbladets kultursida kan man inte vara s\u00e5 s\u00e4ker. Jag noterar hennes &hellip; <a href=\"http:\/\/www.susannavaris.com\/blogg\/2012\/04\/asa-linderborg-co-hjarntvatt-ab-del-2\/\">Forts\u00e4tt l\u00e4sa <span class=\"meta-nav\">&rarr;<\/span><\/a><\/p>\n","protected":false},"author":1,"featured_media":0,"comment_status":"open","ping_status":"open","sticky":false,"template":"","format":"standard","meta":{"footnotes":""},"categories":[178,181,259,1321,589,1,590],"tags":[149,913,1353,1667],"class_list":["post-5206","post","type-post","status-publish","format-standard","hentry","category-blodtryckshojare","category-feminism","category-genusvetenskap","category-jamstalldhet","category-medier","category-okategoriserade","category-politik","tag-aftonbladet","tag-athena-farrokhzad","tag-breivik","tag-hogern"],"_links":{"self":[{"href":"http:\/\/www.susannavaris.com\/blogg\/wp-json\/wp\/v2\/posts\/5206","targetHints":{"allow":["GET"]}}],"collection":[{"href":"http:\/\/www.susannavaris.com\/blogg\/wp-json\/wp\/v2\/posts"}],"about":[{"href":"http:\/\/www.susannavaris.com\/blogg\/wp-json\/wp\/v2\/types\/post"}],"author":[{"embeddable":true,"href":"http:\/\/www.susannavaris.com\/blogg\/wp-json\/wp\/v2\/users\/1"}],"replies":[{"embeddable":true,"href":"http:\/\/www.susannavaris.com\/blogg\/wp-json\/wp\/v2\/comments?post=5206"}],"version-history":[{"count":5,"href":"http:\/\/www.susannavaris.com\/blogg\/wp-json\/wp\/v2\/posts\/5206\/revisions"}],"predecessor-version":[{"id":5211,"href":"http:\/\/www.susannavaris.com\/blogg\/wp-json\/wp\/v2\/posts\/5206\/revisions\/5211"}],"wp:attachment":[{"href":"http:\/\/www.susannavaris.com\/blogg\/wp-json\/wp\/v2\/media?parent=5206"}],"wp:term":[{"taxonomy":"category","embeddable":true,"href":"http:\/\/www.susannavaris.com\/blogg\/wp-json\/wp\/v2\/categories?post=5206"},{"taxonomy":"post_tag","embeddable":true,"href":"http:\/\/www.susannavaris.com\/blogg\/wp-json\/wp\/v2\/tags?post=5206"}],"curies":[{"name":"wp","href":"https:\/\/api.w.org\/{rel}","templated":true}]}}