{"id":5213,"date":"2012-04-26T22:09:10","date_gmt":"2012-04-26T20:09:10","guid":{"rendered":"http:\/\/www.susannavaris.com\/blogg\/?p=5213"},"modified":"2012-04-26T22:09:10","modified_gmt":"2012-04-26T20:09:10","slug":"en-mindre-ledig-dag","status":"publish","type":"post","link":"http:\/\/www.susannavaris.com\/blogg\/2012\/04\/en-mindre-ledig-dag\/","title":{"rendered":"En mindre ledig dag"},"content":{"rendered":"<p>Jag \u00e4r helt slut. Igen. det \u00e4r mycket arbete med utst\u00e4llningen i Kungstr\u00e4dg\u00e5rden i helgen. Som tur \u00e4r har jag Uffe till hj\u00e4lp&#8230;(han s\u00e4tter fast \u00f6glor nedtill p\u00e5 tavlorna f\u00f6r att kunna f\u00e4sta dem d\u00e4r ocks\u00e5 eftersom det kan komma att bl\u00e5sa&#8230;)<\/p>\n<p><a href=\"http:\/\/www.susannavaris.com\/blogg\/wp-content\/uploads\/2012\/04\/IMAG0197.jpg\"><img loading=\"lazy\" decoding=\"async\" class=\"aligncenter size-full wp-image-5214\" title=\"IMAG0197\" src=\"http:\/\/www.susannavaris.com\/blogg\/wp-content\/uploads\/2012\/04\/IMAG0197.jpg\" alt=\"\" width=\"288\" height=\"480\" srcset=\"http:\/\/www.susannavaris.com\/blogg\/wp-content\/uploads\/2012\/04\/IMAG0197.jpg 288w, http:\/\/www.susannavaris.com\/blogg\/wp-content\/uploads\/2012\/04\/IMAG0197-180x300.jpg 180w\" sizes=\"auto, (max-width: 288px) 100vw, 288px\" \/><\/a><\/p>\n<p style=\"text-align: center;\">Jag \u00e5kte in i morse f\u00f6r att \u00e4ntligen bli av med min r\u00e5ttsvans till h\u00e5r&#8230;<\/p>\n<p style=\"text-align: center;\"><a href=\"http:\/\/www.susannavaris.com\/blogg\/wp-content\/uploads\/2012\/04\/IMAG0204.jpg\"><img loading=\"lazy\" decoding=\"async\" class=\"aligncenter size-full wp-image-5215\" title=\"IMAG0204\" src=\"http:\/\/www.susannavaris.com\/blogg\/wp-content\/uploads\/2012\/04\/IMAG0204.jpg\" alt=\"\" width=\"288\" height=\"480\" srcset=\"http:\/\/www.susannavaris.com\/blogg\/wp-content\/uploads\/2012\/04\/IMAG0204.jpg 288w, http:\/\/www.susannavaris.com\/blogg\/wp-content\/uploads\/2012\/04\/IMAG0204-180x300.jpg 180w\" sizes=\"auto, (max-width: 288px) 100vw, 288px\" \/><\/a>\u00a0<em>P\u00e5 salong CU p\u00e5 Luntmakargatan hos Ingela&#8230;\u00a0<\/em><\/p>\n<p style=\"text-align: center;\">&#8230;sedan var det lunch och ett viktigt m\u00f6te. Efter m\u00f6tet str\u00e5lade vi samman med Uffe och shoppade en del f\u00f6rn\u00f6denheter till utst\u00e4llningen bland annat. Vi hann ta en liten middag p\u00e5 Vapiano innan hemf\u00e4rd och mera pyssel med krokar och annat. Och nu \u00e4r jag f\u00e4rdig. Packning f\u00e5r bli imorgon. Jag vill ha mys och kanske lite godsaker.<\/p>\n","protected":false},"excerpt":{"rendered":"<p>Jag \u00e4r helt slut. Igen. det \u00e4r mycket arbete med utst\u00e4llningen i Kungstr\u00e4dg\u00e5rden i helgen. Som tur \u00e4r har jag Uffe till hj\u00e4lp&#8230;(han s\u00e4tter fast \u00f6glor nedtill p\u00e5 tavlorna f\u00f6r att kunna f\u00e4sta dem d\u00e4r ocks\u00e5 eftersom det kan komma &hellip; <a href=\"http:\/\/www.susannavaris.com\/blogg\/2012\/04\/en-mindre-ledig-dag\/\">Forts\u00e4tt l\u00e4sa <span class=\"meta-nav\">&rarr;<\/span><\/a><\/p>\n","protected":false},"author":1,"featured_media":0,"comment_status":"open","ping_status":"open","sticky":false,"template":"","format":"standard","meta":{"footnotes":""},"categories":[3,1323,1162,1,4],"tags":[1699,1700,1345],"class_list":["post-5213","post","type-post","status-publish","format-standard","hentry","category-konst","category-konst-i-kungstradgarden","category-kultur","category-okategoriserade","category-utstallning","tag-cu","tag-frisor","tag-frissa"],"_links":{"self":[{"href":"http:\/\/www.susannavaris.com\/blogg\/wp-json\/wp\/v2\/posts\/5213","targetHints":{"allow":["GET"]}}],"collection":[{"href":"http:\/\/www.susannavaris.com\/blogg\/wp-json\/wp\/v2\/posts"}],"about":[{"href":"http:\/\/www.susannavaris.com\/blogg\/wp-json\/wp\/v2\/types\/post"}],"author":[{"embeddable":true,"href":"http:\/\/www.susannavaris.com\/blogg\/wp-json\/wp\/v2\/users\/1"}],"replies":[{"embeddable":true,"href":"http:\/\/www.susannavaris.com\/blogg\/wp-json\/wp\/v2\/comments?post=5213"}],"version-history":[{"count":2,"href":"http:\/\/www.susannavaris.com\/blogg\/wp-json\/wp\/v2\/posts\/5213\/revisions"}],"predecessor-version":[{"id":5217,"href":"http:\/\/www.susannavaris.com\/blogg\/wp-json\/wp\/v2\/posts\/5213\/revisions\/5217"}],"wp:attachment":[{"href":"http:\/\/www.susannavaris.com\/blogg\/wp-json\/wp\/v2\/media?parent=5213"}],"wp:term":[{"taxonomy":"category","embeddable":true,"href":"http:\/\/www.susannavaris.com\/blogg\/wp-json\/wp\/v2\/categories?post=5213"},{"taxonomy":"post_tag","embeddable":true,"href":"http:\/\/www.susannavaris.com\/blogg\/wp-json\/wp\/v2\/tags?post=5213"}],"curies":[{"name":"wp","href":"https:\/\/api.w.org\/{rel}","templated":true}]}}