{"id":5218,"date":"2012-04-27T21:19:13","date_gmt":"2012-04-27T19:19:13","guid":{"rendered":"http:\/\/www.susannavaris.com\/blogg\/?p=5218"},"modified":"2012-04-27T21:19:13","modified_gmt":"2012-04-27T19:19:13","slug":"27-april-2012","status":"publish","type":"post","link":"http:\/\/www.susannavaris.com\/blogg\/2012\/04\/27-april-2012\/","title":{"rendered":"27. april 2012"},"content":{"rendered":"<p>Skyddsombudsm\u00f6te idag. Det tog kanske \u00e5tta minuter f\u00f6r mig att f\u00f6rst\u00e5 att jag skulle vakna p\u00e5 morgonen, jag hade g\u00e4rna velat sova n\u00e5gra fyra timmar till&#8230;<\/p>\n<p style=\"text-align: center;\"><a href=\"http:\/\/www.susannavaris.com\/blogg\/wp-content\/uploads\/2012\/04\/12042701.jpg\"><img loading=\"lazy\" decoding=\"async\" class=\"aligncenter size-large wp-image-5219\" title=\"12042701\" src=\"http:\/\/www.susannavaris.com\/blogg\/wp-content\/uploads\/2012\/04\/12042701-1024x768.jpg\" alt=\"\" width=\"640\" height=\"480\" srcset=\"http:\/\/www.susannavaris.com\/blogg\/wp-content\/uploads\/2012\/04\/12042701-1024x768.jpg 1024w, http:\/\/www.susannavaris.com\/blogg\/wp-content\/uploads\/2012\/04\/12042701-300x225.jpg 300w\" sizes=\"auto, (max-width: 640px) 100vw, 640px\" \/><\/a>\u00a0<em>Vattenverket eller Torshof och lunch. V\u00e4ldigt vacker lokal&#8230;<\/em><\/p>\n<p style=\"text-align: center;\"><a href=\"http:\/\/www.susannavaris.com\/blogg\/wp-content\/uploads\/2012\/04\/12042702.jpg\"><img loading=\"lazy\" decoding=\"async\" class=\"aligncenter size-large wp-image-5220\" title=\"12042702\" src=\"http:\/\/www.susannavaris.com\/blogg\/wp-content\/uploads\/2012\/04\/12042702-1024x768.jpg\" alt=\"\" width=\"640\" height=\"480\" srcset=\"http:\/\/www.susannavaris.com\/blogg\/wp-content\/uploads\/2012\/04\/12042702-1024x768.jpg 1024w, http:\/\/www.susannavaris.com\/blogg\/wp-content\/uploads\/2012\/04\/12042702-300x225.jpg 300w\" sizes=\"auto, (max-width: 640px) 100vw, 640px\" \/><\/a>\u00a0<em>Intensivt samtalande under lunchen&#8230;<\/em><\/p>\n<p style=\"text-align: center;\"><a href=\"http:\/\/www.susannavaris.com\/blogg\/wp-content\/uploads\/2012\/04\/12042703.jpg\"><img loading=\"lazy\" decoding=\"async\" class=\"aligncenter size-large wp-image-5221\" title=\"12042703\" src=\"http:\/\/www.susannavaris.com\/blogg\/wp-content\/uploads\/2012\/04\/12042703-1024x768.jpg\" alt=\"\" width=\"640\" height=\"480\" srcset=\"http:\/\/www.susannavaris.com\/blogg\/wp-content\/uploads\/2012\/04\/12042703-1024x768.jpg 1024w, http:\/\/www.susannavaris.com\/blogg\/wp-content\/uploads\/2012\/04\/12042703-300x225.jpg 300w\" sizes=\"auto, (max-width: 640px) 100vw, 640px\" \/><\/a>\u00a0<em>Fina dekorationer i porten till gamla Stockholm Vatten-huset&#8230;<\/em><\/p>\n<p style=\"text-align: center;\"><a href=\"http:\/\/www.susannavaris.com\/blogg\/wp-content\/uploads\/2012\/04\/12042706.jpg\"><img loading=\"lazy\" decoding=\"async\" class=\"aligncenter size-large wp-image-5222\" title=\"12042706\" src=\"http:\/\/www.susannavaris.com\/blogg\/wp-content\/uploads\/2012\/04\/12042706-1024x768.jpg\" alt=\"\" width=\"640\" height=\"480\" srcset=\"http:\/\/www.susannavaris.com\/blogg\/wp-content\/uploads\/2012\/04\/12042706-1024x768.jpg 1024w, http:\/\/www.susannavaris.com\/blogg\/wp-content\/uploads\/2012\/04\/12042706-300x225.jpg 300w\" sizes=\"auto, (max-width: 640px) 100vw, 640px\" \/><\/a>\u00a0<a href=\"http:\/\/www.susannavaris.com\/blogg\/wp-content\/uploads\/2012\/04\/12042707.jpg\"><img loading=\"lazy\" decoding=\"async\" class=\"aligncenter size-large wp-image-5223\" title=\"12042707\" src=\"http:\/\/www.susannavaris.com\/blogg\/wp-content\/uploads\/2012\/04\/12042707-768x1024.jpg\" alt=\"\" width=\"640\" height=\"853\" srcset=\"http:\/\/www.susannavaris.com\/blogg\/wp-content\/uploads\/2012\/04\/12042707-768x1024.jpg 768w, http:\/\/www.susannavaris.com\/blogg\/wp-content\/uploads\/2012\/04\/12042707-225x300.jpg 225w\" sizes=\"auto, (max-width: 640px) 100vw, 640px\" \/><\/a>\u00a0<em>Lunch till humana priser i en gammaldags, charmig lokal&#8230;rekommenderas!<\/em><\/p>\n<p style=\"text-align: center;\">Nu \u00e4r jag inte bara slut, jag \u00e4r ledbruten ocks\u00e5. Hur \u00e4r det m\u00f6jligt att bli s\u00e5 h\u00e4r ledbruten av att sitta p\u00e5 m\u00f6te en hel dag? Efter m\u00f6tet h\u00e4mtade vi banderoller och trycksaker till helgens utst\u00e4llning fr\u00e5n ABA&#8230;allt blev supersnyggt som vanligt! Tack Patrik!<\/p>\n<p style=\"text-align: center;\">Sedan hem och packning av tavlor, vykortstavlor, affischer och annat&#8230;jag blev klar kring halv nio. Uffe h\u00e5ller p\u00e5 att laga en h\u00e4rlig fruktsallad till oss&#8230;kesella \u00e4r gott till. Tidigare tillverkade han de goda varma mackorna med dijonsenap och dragon. Vad skulle jag g\u00f6ra utan honom? Imorgon f\u00f6ljer han s\u00e5 klart med och hj\u00e4lper till&#8230;stackars karln f\u00e5r sl\u00e4pa upp sig i ottan en ledig dag, allt f\u00f6r mina konstn\u00e4rsambitioners skull&#8230;<\/p>\n<p style=\"text-align: center;\">Jag \u00e4r helt ledbruten och j\u00e4ttetr\u00f6tt, men det ska bli s\u00e5\u00e5\u00e5 roligt imorgon!! Vackert v\u00e4der \u00e4r h\u00e4rmed best\u00e4llt. och s\u00e5 kommer ni alla till Kungstr\u00e4dg\u00e5rden imorgon, d\u00e4r jag och 39 andra konstn\u00e4rer st\u00e4ller ut v\u00e5ra verk. Massor med fin konst till salu! Klockan 11 &#8211; 18 imorgon, 12 -18 p\u00e5 s\u00f6ndag! Be there or be square :)<\/p>\n","protected":false},"excerpt":{"rendered":"<p>Skyddsombudsm\u00f6te idag. Det tog kanske \u00e5tta minuter f\u00f6r mig att f\u00f6rst\u00e5 att jag skulle vakna p\u00e5 morgonen, jag hade g\u00e4rna velat sova n\u00e5gra fyra timmar till&#8230; \u00a0Vattenverket eller Torshof och lunch. V\u00e4ldigt vacker lokal&#8230; \u00a0Intensivt samtalande under lunchen&#8230; \u00a0Fina dekorationer &hellip; <a href=\"http:\/\/www.susannavaris.com\/blogg\/2012\/04\/27-april-2012\/\">Forts\u00e4tt l\u00e4sa <span class=\"meta-nav\">&rarr;<\/span><\/a><\/p>\n","protected":false},"author":1,"featured_media":0,"comment_status":"open","ping_status":"open","sticky":false,"template":"","format":"standard","meta":{"footnotes":""},"categories":[7,114,3,1323,1162,1,4],"tags":[1325,1524,1525,1701,1702],"class_list":["post-5218","post","type-post","status-publish","format-standard","hentry","category-egna-verk","category-en-vanlig-dag-pa-jobbet","category-konst","category-konst-i-kungstradgarden","category-kultur","category-okategoriserade","category-utstallning","tag-konst-i-kungstradgarden-2","tag-skyddsombud","tag-skyddsombudsmote","tag-stockholm-vatten","tag-torshof"],"_links":{"self":[{"href":"http:\/\/www.susannavaris.com\/blogg\/wp-json\/wp\/v2\/posts\/5218","targetHints":{"allow":["GET"]}}],"collection":[{"href":"http:\/\/www.susannavaris.com\/blogg\/wp-json\/wp\/v2\/posts"}],"about":[{"href":"http:\/\/www.susannavaris.com\/blogg\/wp-json\/wp\/v2\/types\/post"}],"author":[{"embeddable":true,"href":"http:\/\/www.susannavaris.com\/blogg\/wp-json\/wp\/v2\/users\/1"}],"replies":[{"embeddable":true,"href":"http:\/\/www.susannavaris.com\/blogg\/wp-json\/wp\/v2\/comments?post=5218"}],"version-history":[{"count":3,"href":"http:\/\/www.susannavaris.com\/blogg\/wp-json\/wp\/v2\/posts\/5218\/revisions"}],"predecessor-version":[{"id":5226,"href":"http:\/\/www.susannavaris.com\/blogg\/wp-json\/wp\/v2\/posts\/5218\/revisions\/5226"}],"wp:attachment":[{"href":"http:\/\/www.susannavaris.com\/blogg\/wp-json\/wp\/v2\/media?parent=5218"}],"wp:term":[{"taxonomy":"category","embeddable":true,"href":"http:\/\/www.susannavaris.com\/blogg\/wp-json\/wp\/v2\/categories?post=5218"},{"taxonomy":"post_tag","embeddable":true,"href":"http:\/\/www.susannavaris.com\/blogg\/wp-json\/wp\/v2\/tags?post=5218"}],"curies":[{"name":"wp","href":"https:\/\/api.w.org\/{rel}","templated":true}]}}