{"id":5227,"date":"2012-04-27T22:31:05","date_gmt":"2012-04-27T20:31:05","guid":{"rendered":"http:\/\/www.susannavaris.com\/blogg\/?p=5227"},"modified":"2012-04-27T22:31:05","modified_gmt":"2012-04-27T20:31:05","slug":"asa-linderborg-co-hjarntvatt-ab-del-iii","status":"publish","type":"post","link":"http:\/\/www.susannavaris.com\/blogg\/2012\/04\/asa-linderborg-co-hjarntvatt-ab-del-iii\/","title":{"rendered":"\u00c5sa Linderborg &#038; Co Hj\u00e4rntv\u00e4tt AB del III"},"content":{"rendered":"<p style=\"text-align: center;\"><a href=\"http:\/\/www.susannavaris.com\/blogg\/wp-content\/uploads\/2012\/04\/karinpettersson200.jpg\"><img loading=\"lazy\" decoding=\"async\" class=\"aligncenter size-full wp-image-5228\" title=\"karinpettersson200\" src=\"http:\/\/www.susannavaris.com\/blogg\/wp-content\/uploads\/2012\/04\/karinpettersson200.jpg\" alt=\"\" width=\"200\" height=\"280\" \/><\/a>\u00a0<em>Karin Pettersson<\/em><\/p>\n<p>Dagens bidrag i frambringandet av pavlovska reflexen h\u00f6gern = Breivik i v\u00e4larnas hj\u00e4rnor kommer fr\u00e5n Karin Pettersson, politisk chefredakt\u00f6r p\u00e5 Aftonbladet, som varken verkar ha l\u00e4st (eller l\u00e5tsas som att hon inte har gjort det) Roland Poirier Martinssons eller Johan Lundbergs kommentarer till artiklarna p\u00e5 temat:<\/p>\n<p><a href=\"http:\/\/www.aftonbladet.se\/ledare\/ledarkronika\/karinpettersson\/article14741402.ab\">http:\/\/www.aftonbladet.se\/ledare\/ledarkronika\/karinpettersson\/article14741402.ab<\/a><\/p>\n<p>Roland Poirier Martinsson:<\/p>\n<p><a href=\"http:\/\/www.svd.se\/opinion\/ledarsidan\/den-konservative-och-invandringen_7077109.svd\">http:\/\/www.svd.se\/opinion\/ledarsidan\/den-konservative-och-invandringen_7077109.svd<\/a><\/p>\n<p>Johan Lundberg:<\/p>\n<p><a href=\"http:\/\/www.axess.se\/magasin\/default.aspx?article=1246\">http:\/\/www.axess.se\/magasin\/default.aspx?article=1246<\/a><\/p>\n<p>Mina tidigare inl\u00e4gg:<\/p>\n<p><a href=\"http:\/\/www.susannavaris.com\/blogg\/2012\/04\/asa-linderborg-co-hjarntvatt-ab-del-2\/\">http:\/\/www.susannavaris.com\/blogg\/2012\/04\/asa-linderborg-co-hjarntvatt-ab-del-2\/<\/a><\/p>\n<p><a href=\"http:\/\/www.susannavaris.com\/blogg\/2012\/04\/liderborg-co-hjarntvatt-ab\/\">http:\/\/www.susannavaris.com\/blogg\/2012\/04\/liderborg-co-hjarntvatt-ab\/<\/a><\/p>\n","protected":false},"excerpt":{"rendered":"<p>\u00a0Karin Pettersson Dagens bidrag i frambringandet av pavlovska reflexen h\u00f6gern = Breivik i v\u00e4larnas hj\u00e4rnor kommer fr\u00e5n Karin Pettersson, politisk chefredakt\u00f6r p\u00e5 Aftonbladet, som varken verkar ha l\u00e4st (eller l\u00e5tsas som att hon inte har gjort det) Roland Poirier Martinssons &hellip; <a href=\"http:\/\/www.susannavaris.com\/blogg\/2012\/04\/asa-linderborg-co-hjarntvatt-ab-del-iii\/\">Forts\u00e4tt l\u00e4sa <span class=\"meta-nav\">&rarr;<\/span><\/a><\/p>\n","protected":false},"author":1,"featured_media":0,"comment_status":"open","ping_status":"open","sticky":false,"template":"","format":"standard","meta":{"footnotes":""},"categories":[1],"tags":[],"class_list":["post-5227","post","type-post","status-publish","format-standard","hentry","category-okategoriserade"],"_links":{"self":[{"href":"http:\/\/www.susannavaris.com\/blogg\/wp-json\/wp\/v2\/posts\/5227","targetHints":{"allow":["GET"]}}],"collection":[{"href":"http:\/\/www.susannavaris.com\/blogg\/wp-json\/wp\/v2\/posts"}],"about":[{"href":"http:\/\/www.susannavaris.com\/blogg\/wp-json\/wp\/v2\/types\/post"}],"author":[{"embeddable":true,"href":"http:\/\/www.susannavaris.com\/blogg\/wp-json\/wp\/v2\/users\/1"}],"replies":[{"embeddable":true,"href":"http:\/\/www.susannavaris.com\/blogg\/wp-json\/wp\/v2\/comments?post=5227"}],"version-history":[{"count":1,"href":"http:\/\/www.susannavaris.com\/blogg\/wp-json\/wp\/v2\/posts\/5227\/revisions"}],"predecessor-version":[{"id":5229,"href":"http:\/\/www.susannavaris.com\/blogg\/wp-json\/wp\/v2\/posts\/5227\/revisions\/5229"}],"wp:attachment":[{"href":"http:\/\/www.susannavaris.com\/blogg\/wp-json\/wp\/v2\/media?parent=5227"}],"wp:term":[{"taxonomy":"category","embeddable":true,"href":"http:\/\/www.susannavaris.com\/blogg\/wp-json\/wp\/v2\/categories?post=5227"},{"taxonomy":"post_tag","embeddable":true,"href":"http:\/\/www.susannavaris.com\/blogg\/wp-json\/wp\/v2\/tags?post=5227"}],"curies":[{"name":"wp","href":"https:\/\/api.w.org\/{rel}","templated":true}]}}