{"id":5292,"date":"2012-04-30T18:21:51","date_gmt":"2012-04-30T16:21:51","guid":{"rendered":"http:\/\/www.susannavaris.com\/blogg\/?p=5292"},"modified":"2012-04-30T18:33:47","modified_gmt":"2012-04-30T16:33:47","slug":"valborgsmassoafton-2012","status":"publish","type":"post","link":"http:\/\/www.susannavaris.com\/blogg\/2012\/04\/valborgsmassoafton-2012\/","title":{"rendered":"Valborgsm\u00e4ssoafton 2012"},"content":{"rendered":"<p style=\"text-align: center;\"><a href=\"http:\/\/www.susannavaris.com\/blogg\/wp-content\/uploads\/2012\/04\/Praetorius_Blocksberg.jpg\"><img loading=\"lazy\" decoding=\"async\" class=\"aligncenter size-full wp-image-5293\" title=\"Praetorius_Blocksberg\" src=\"http:\/\/www.susannavaris.com\/blogg\/wp-content\/uploads\/2012\/04\/Praetorius_Blocksberg.jpg\" alt=\"\" width=\"356\" height=\"467\" srcset=\"http:\/\/www.susannavaris.com\/blogg\/wp-content\/uploads\/2012\/04\/Praetorius_Blocksberg.jpg 356w, http:\/\/www.susannavaris.com\/blogg\/wp-content\/uploads\/2012\/04\/Praetorius_Blocksberg-228x300.jpg 228w\" sizes=\"auto, (max-width: 356px) 100vw, 356px\" \/><\/a>\u00a0<em>Johannes Praetorius Bloks Bergs Verrichtung, Leipzig 1668.<br \/>\nK\u00e4lla Wikipedia<\/em><\/p>\n<p style=\"text-align: center;\">Denna text \u00e4r l\u00e5nad fr\u00e5n Historiebloggen\/Mats Karlsson:<\/p>\n<p style=\"text-align: center;\"><a href=\"http:\/\/blogg.passagen.se\/historiebloggen\/entry\/valborgsm%C3%A4ssoafton2\">http:\/\/blogg.passagen.se\/historiebloggen\/entry\/valborgsm%C3%A4ssoafton2<\/a><\/p>\n<p><em>&#8221;Den forntyska abbedissan Walburgis blev helgonf\u00f6rklarad den 1 maj. D\u00e4rf\u00f6r blev hennes namn associerat med v\u00e5rfesten man firar i de germanska l\u00e4nderna.<\/em><\/p>\n<p><em>Valborg \u00e4r en v\u00e5rfest av hedniskt ursprung med eldar, danser och m\u00e5nga hyss. Vid slutet av medeltiden och b\u00f6rjan av den nya tiden var h\u00e4xtron vida utbredd. Valborgsm\u00e4ssoaftonen blev d\u00e5, framf\u00f6r allt i tysk folktro, en sp\u00f6knatt d\u00e5 h\u00e4xor red \u00f6ver himlen till Bl\u00e5kulla f\u00f6r att tr\u00e4ffa \u201dhin h\u00e5le\u201d sj\u00e4lv.<\/em><\/p>\n<p><em>G\u00f6thes Faust f\u00f6ljer Mefistofeles till en s\u00e5dan sammankomst, just p\u00e5 \u201dWalpurgisnacht\u201d. Eldar och skott trodde man skulle oskadligg\u00f6ra otygen eller i varje fall skr\u00e4mma bort dem.<\/em><\/p>\n<p><em>Denna h\u00e4xornas sabbatsdag motsvarar sk\u00e4rtorsdagen i nordisk folktro.&#8221;\u00a0<\/em><\/p>\n<p>En trevlig afton av allt att d\u00f6ma! H\u00e4r i den moderna v\u00e4rlden g\u00e5r v\u00e4l valborg mest ut p\u00e5 ett hejdl\u00f6st supande, s\u00e4rskilt hos Fy fan vad vi \u00e4r bra-folket med de nyink\u00f6pta m\u00f6ssorna. Eldar finns till besk\u00e5dan h\u00e4r och d\u00e4r, gamla skr\u00e4pet ska bort inf\u00f6r det nya och spirande. Sj\u00e4lv tillbringar jag denna Walpurgis under t\u00e4cke och pl\u00e4d i soffan, avnjutandes skr\u00e4pprogram och godsaker. Jag kurerar min 83-\u00e5riga lekamen s\u00e5 att jag \u00e5ter imorgon ska orka till l\u00f6nearbetet. T\u00e5gen g\u00e5r ju (eller inte, beroende p\u00e5 hur man ser det) alla dagar.<\/p>\n<p>Glad valborg p\u00e5 er alla!<\/p>\n<p style=\"text-align: center;\"><a href=\"http:\/\/www.susannavaris.com\/blogg\/wp-content\/uploads\/2012\/04\/76012_French_Witches_detail1_1000_122_420lo_122_420lo.jpg\"><img loading=\"lazy\" decoding=\"async\" class=\"aligncenter size-full wp-image-5297\" title=\"76012_French_Witches_detail1_1000_122_420lo_122_420lo\" src=\"http:\/\/www.susannavaris.com\/blogg\/wp-content\/uploads\/2012\/04\/76012_French_Witches_detail1_1000_122_420lo_122_420lo.jpg\" alt=\"\" width=\"1000\" height=\"713\" srcset=\"http:\/\/www.susannavaris.com\/blogg\/wp-content\/uploads\/2012\/04\/76012_French_Witches_detail1_1000_122_420lo_122_420lo.jpg 1000w, http:\/\/www.susannavaris.com\/blogg\/wp-content\/uploads\/2012\/04\/76012_French_Witches_detail1_1000_122_420lo_122_420lo-300x213.jpg 300w\" sizes=\"auto, (max-width: 1000px) 100vw, 1000px\" \/><\/a>\u00a0<em>French witches, detail<\/em><\/p>\n<p style=\"text-align: center;\"><a href=\"http:\/\/www.susannavaris.com\/blogg\/wp-content\/uploads\/2012\/04\/walpurgis2.jpg\"><img loading=\"lazy\" decoding=\"async\" class=\"aligncenter size-full wp-image-5298\" title=\"Walpurgisnacht oder das &quot;gottlose und verfluchte Zauberfest&quot;\" src=\"http:\/\/www.susannavaris.com\/blogg\/wp-content\/uploads\/2012\/04\/walpurgis2.jpg\" alt=\"\" width=\"580\" height=\"414\" srcset=\"http:\/\/www.susannavaris.com\/blogg\/wp-content\/uploads\/2012\/04\/walpurgis2.jpg 580w, http:\/\/www.susannavaris.com\/blogg\/wp-content\/uploads\/2012\/04\/walpurgis2-300x214.jpg 300w\" sizes=\"auto, (max-width: 580px) 100vw, 580px\" \/><\/a>\u00a0<a href=\"http:\/\/www.susannavaris.com\/blogg\/wp-content\/uploads\/2012\/04\/walpurgisnacht.jpg\"><img loading=\"lazy\" decoding=\"async\" class=\"aligncenter size-full wp-image-5299\" title=\"walpurgisnacht\" src=\"http:\/\/www.susannavaris.com\/blogg\/wp-content\/uploads\/2012\/04\/walpurgisnacht.jpg\" alt=\"\" width=\"404\" height=\"547\" srcset=\"http:\/\/www.susannavaris.com\/blogg\/wp-content\/uploads\/2012\/04\/walpurgisnacht.jpg 404w, http:\/\/www.susannavaris.com\/blogg\/wp-content\/uploads\/2012\/04\/walpurgisnacht-221x300.jpg 221w\" sizes=\"auto, (max-width: 404px) 100vw, 404px\" \/><\/a><em>\u00a0Walpurgisnacht<\/em><\/p>\n<p style=\"text-align: center;\"><a href=\"http:\/\/www.susannavaris.com\/blogg\/wp-content\/uploads\/2012\/04\/walpurgisnacht_the_vision_of_faust_1878_by_falero.jpg\"><img loading=\"lazy\" decoding=\"async\" class=\"aligncenter size-full wp-image-5300\" title=\"walpurgisnacht_the_vision_of_faust_1878_by_falero\" src=\"http:\/\/www.susannavaris.com\/blogg\/wp-content\/uploads\/2012\/04\/walpurgisnacht_the_vision_of_faust_1878_by_falero.jpg\" alt=\"\" width=\"395\" height=\"500\" srcset=\"http:\/\/www.susannavaris.com\/blogg\/wp-content\/uploads\/2012\/04\/walpurgisnacht_the_vision_of_faust_1878_by_falero.jpg 395w, http:\/\/www.susannavaris.com\/blogg\/wp-content\/uploads\/2012\/04\/walpurgisnacht_the_vision_of_faust_1878_by_falero-237x300.jpg 237w\" sizes=\"auto, (max-width: 395px) 100vw, 395px\" \/><\/a>\u00a0<em>Walpurgisnacht by Falero<\/em><\/p>\n<p>&nbsp;<\/p>\n","protected":false},"excerpt":{"rendered":"<p>\u00a0Johannes Praetorius Bloks Bergs Verrichtung, Leipzig 1668. K\u00e4lla Wikipedia Denna text \u00e4r l\u00e5nad fr\u00e5n Historiebloggen\/Mats Karlsson: http:\/\/blogg.passagen.se\/historiebloggen\/entry\/valborgsm%C3%A4ssoafton2 &#8221;Den forntyska abbedissan Walburgis blev helgonf\u00f6rklarad den 1 maj. D\u00e4rf\u00f6r blev hennes namn associerat med v\u00e5rfesten man firar i de germanska l\u00e4nderna. Valborg &hellip; <a href=\"http:\/\/www.susannavaris.com\/blogg\/2012\/04\/valborgsmassoafton-2012\/\">Forts\u00e4tt l\u00e4sa <span class=\"meta-nav\">&rarr;<\/span><\/a><\/p>\n","protected":false},"author":1,"featured_media":0,"comment_status":"open","ping_status":"open","sticky":false,"template":"","format":"standard","meta":{"footnotes":""},"categories":[674,13,1162,1,303],"tags":[1724,1719,1720,1721,1722,1723,1718,1717],"class_list":["post-5292","post","type-post","status-publish","format-standard","hentry","category-historia","category-inspiration","category-kultur","category-okategoriserade","category-religion","tag-falero","tag-faust","tag-goethe","tag-haxor","tag-historiebloggen","tag-mats-karlsson","tag-valborg","tag-walpurgis"],"_links":{"self":[{"href":"http:\/\/www.susannavaris.com\/blogg\/wp-json\/wp\/v2\/posts\/5292","targetHints":{"allow":["GET"]}}],"collection":[{"href":"http:\/\/www.susannavaris.com\/blogg\/wp-json\/wp\/v2\/posts"}],"about":[{"href":"http:\/\/www.susannavaris.com\/blogg\/wp-json\/wp\/v2\/types\/post"}],"author":[{"embeddable":true,"href":"http:\/\/www.susannavaris.com\/blogg\/wp-json\/wp\/v2\/users\/1"}],"replies":[{"embeddable":true,"href":"http:\/\/www.susannavaris.com\/blogg\/wp-json\/wp\/v2\/comments?post=5292"}],"version-history":[{"count":5,"href":"http:\/\/www.susannavaris.com\/blogg\/wp-json\/wp\/v2\/posts\/5292\/revisions"}],"predecessor-version":[{"id":5301,"href":"http:\/\/www.susannavaris.com\/blogg\/wp-json\/wp\/v2\/posts\/5292\/revisions\/5301"}],"wp:attachment":[{"href":"http:\/\/www.susannavaris.com\/blogg\/wp-json\/wp\/v2\/media?parent=5292"}],"wp:term":[{"taxonomy":"category","embeddable":true,"href":"http:\/\/www.susannavaris.com\/blogg\/wp-json\/wp\/v2\/categories?post=5292"},{"taxonomy":"post_tag","embeddable":true,"href":"http:\/\/www.susannavaris.com\/blogg\/wp-json\/wp\/v2\/tags?post=5292"}],"curies":[{"name":"wp","href":"https:\/\/api.w.org\/{rel}","templated":true}]}}