{"id":5324,"date":"2012-04-30T23:22:27","date_gmt":"2012-04-30T21:22:27","guid":{"rendered":"http:\/\/www.susannavaris.com\/blogg\/?p=5324"},"modified":"2012-04-30T23:22:27","modified_gmt":"2012-04-30T21:22:27","slug":"strypa-hundvalpar-for-konstens-skull","status":"publish","type":"post","link":"http:\/\/www.susannavaris.com\/blogg\/2012\/04\/strypa-hundvalpar-for-konstens-skull\/","title":{"rendered":"Strypa hundvalpar f\u00f6r konstens skull?"},"content":{"rendered":"<p style=\"text-align: center;\"><a href=\"http:\/\/www.susannavaris.com\/blogg\/wp-content\/uploads\/2012\/04\/valpar2_76495034.jpg\"><img loading=\"lazy\" decoding=\"async\" class=\"aligncenter size-full wp-image-5325\" title=\"valpar2_76495034\" src=\"http:\/\/www.susannavaris.com\/blogg\/wp-content\/uploads\/2012\/04\/valpar2_76495034.jpg\" alt=\"\" width=\"400\" height=\"265\" srcset=\"http:\/\/www.susannavaris.com\/blogg\/wp-content\/uploads\/2012\/04\/valpar2_76495034.jpg 400w, http:\/\/www.susannavaris.com\/blogg\/wp-content\/uploads\/2012\/04\/valpar2_76495034-300x198.jpg 300w\" sizes=\"auto, (max-width: 400px) 100vw, 400px\" \/><\/a><em>\u00a0Valparna p\u00e5 bilden har inget med artikeln att g\u00f6ra.<\/em><\/p>\n<p>F\u00f6r en tid sedan diskuterade vi marknadsf\u00f6ring med Uffe. Det var nog inf\u00f6r utst\u00e4llningen p\u00e5 Galleri T. Vi sp\u00e5nade om att man numera m\u00e5ste vara extrem f\u00f6r att finnas i mediebruset och Anna Odell, Nug och resten av sk\u00e5pmaten var p\u00e5 tapeten. Senaste lyckade marknadsf\u00f6ringen \u00e4r ju sj\u00e4lvklart Makode Lindes \u00f6k\u00e4nda <em>T\u00e5rta med Kulturminister<\/em>. Jag minns att jag sa att jag kanske skulle ta och ha ihj\u00e4l s\u00f6ta hundvalpar, d\u00e5 skulle nog medierna bli intresserade. P\u00e5 sk\u00e4mt s\u00e5 klart, riktigt s\u00e5 galen \u00e4r inte ens jag. Nu har \u00e4ven den id\u00e9n poppat upp annanstans&#8230;<\/p>\n<p><a href=\"http:\/\/blog.svd.se\/kultur\/2012\/04\/30\/konstnar-skulle-strypa-hundvalpar\/\">http:\/\/blog.svd.se\/kultur\/2012\/04\/30\/konstnar-skulle-strypa-hundvalpar\/<\/a><\/p>\n<p>Att strypa hundvalpar som protest mot djurpl\u00e5geri och kalla det f\u00f6r konst g\u00f6r mig v\u00e4ldigt tr\u00f6tt i sinnet.<\/p>\n","protected":false},"excerpt":{"rendered":"<p>\u00a0Valparna p\u00e5 bilden har inget med artikeln att g\u00f6ra. F\u00f6r en tid sedan diskuterade vi marknadsf\u00f6ring med Uffe. Det var nog inf\u00f6r utst\u00e4llningen p\u00e5 Galleri T. Vi sp\u00e5nade om att man numera m\u00e5ste vara extrem f\u00f6r att finnas i mediebruset &hellip; <a href=\"http:\/\/www.susannavaris.com\/blogg\/2012\/04\/strypa-hundvalpar-for-konstens-skull\/\">Forts\u00e4tt l\u00e4sa <span class=\"meta-nav\">&rarr;<\/span><\/a><\/p>\n","protected":false},"author":1,"featured_media":0,"comment_status":"open","ping_status":"open","sticky":false,"template":"","format":"standard","meta":{"footnotes":""},"categories":[178,3,1162,589,1],"tags":[1731,17,1651,1185,1729,1654,1730],"class_list":["post-5324","post","type-post","status-publish","format-standard","hentry","category-blodtryckshojare","category-konst","category-kultur","category-medier","category-okategoriserade","tag-anna-odell","tag-konst-2","tag-makode-linde","tag-nug","tag-strypa-hundvalpar","tag-tarta","tag-tyskland"],"_links":{"self":[{"href":"http:\/\/www.susannavaris.com\/blogg\/wp-json\/wp\/v2\/posts\/5324","targetHints":{"allow":["GET"]}}],"collection":[{"href":"http:\/\/www.susannavaris.com\/blogg\/wp-json\/wp\/v2\/posts"}],"about":[{"href":"http:\/\/www.susannavaris.com\/blogg\/wp-json\/wp\/v2\/types\/post"}],"author":[{"embeddable":true,"href":"http:\/\/www.susannavaris.com\/blogg\/wp-json\/wp\/v2\/users\/1"}],"replies":[{"embeddable":true,"href":"http:\/\/www.susannavaris.com\/blogg\/wp-json\/wp\/v2\/comments?post=5324"}],"version-history":[{"count":2,"href":"http:\/\/www.susannavaris.com\/blogg\/wp-json\/wp\/v2\/posts\/5324\/revisions"}],"predecessor-version":[{"id":5327,"href":"http:\/\/www.susannavaris.com\/blogg\/wp-json\/wp\/v2\/posts\/5324\/revisions\/5327"}],"wp:attachment":[{"href":"http:\/\/www.susannavaris.com\/blogg\/wp-json\/wp\/v2\/media?parent=5324"}],"wp:term":[{"taxonomy":"category","embeddable":true,"href":"http:\/\/www.susannavaris.com\/blogg\/wp-json\/wp\/v2\/categories?post=5324"},{"taxonomy":"post_tag","embeddable":true,"href":"http:\/\/www.susannavaris.com\/blogg\/wp-json\/wp\/v2\/tags?post=5324"}],"curies":[{"name":"wp","href":"https:\/\/api.w.org\/{rel}","templated":true}]}}