{"id":5332,"date":"2012-05-01T09:52:42","date_gmt":"2012-05-01T07:52:42","guid":{"rendered":"http:\/\/www.susannavaris.com\/blogg\/?p=5332"},"modified":"2012-05-02T15:42:01","modified_gmt":"2012-05-02T13:42:01","slug":"1-maj-2012","status":"publish","type":"post","link":"http:\/\/www.susannavaris.com\/blogg\/2012\/05\/1-maj-2012\/","title":{"rendered":"1. maj 2012"},"content":{"rendered":"<p><a href=\"http:\/\/www.susannavaris.com\/blogg\/wp-content\/uploads\/2012\/05\/1maj_jpgmid.jpg\"><img loading=\"lazy\" decoding=\"async\" class=\"aligncenter size-full wp-image-5333\" title=\"1maj_jpgmid\" src=\"http:\/\/www.susannavaris.com\/blogg\/wp-content\/uploads\/2012\/05\/1maj_jpgmid.jpg\" alt=\"\" width=\"460\" height=\"640\" srcset=\"http:\/\/www.susannavaris.com\/blogg\/wp-content\/uploads\/2012\/05\/1maj_jpgmid.jpg 460w, http:\/\/www.susannavaris.com\/blogg\/wp-content\/uploads\/2012\/05\/1maj_jpgmid-215x300.jpg 215w\" sizes=\"auto, (max-width: 460px) 100vw, 460px\" \/><\/a><\/p>\n<p>Ylva Johansson och \u00c5sa Linderborg sitter p\u00e5 TV 4:s Nyhetsmorgon och f\u00f6rs\u00f6ker inh\u00e4gna arbetarklassen. Linderborg tjatar om att man f\u00f6ds in till en klass och d\u00e4rmed goda eller d\u00e5liga f\u00f6ruts\u00e4ttningar. Hon sj\u00e4lv definierar sig dock inte som arbetarklass, hon tj\u00e4nar bra och \u00e4r akademiker. Men hon f\u00f6ddes v\u00e4l in i dessa f\u00f6rutbest\u00e4mda f\u00f6ruts\u00e4ttningar med en fabriksarbetare till far som v\u00e5rdnadshavare? F\u00f6rmodligen g\u00e4ller den klassm\u00e4ssiga tv\u00e5ngstr\u00f6jan enbart andra.<\/p>\n<p>Ylva Johansson definierar arbetarklassen som alla som har ett LO-yrke. Jag har ett LO-yrke, jag \u00e4r tom medlem i ett LO-f\u00f6rbund. Jag \u00e4r ocks\u00e5 medlem i Sveriges Ingenj\u00f6rer och har en akademisk examen.<\/p>\n<p>Linderborg forts\u00e4tter med att arbetare \u00e4r alla som inte kan styra sitt arbete och sina tider. Mjah&#8230;jooh, i mitt arbete \u00e4r det visserligen sv\u00e5rt att sj\u00e4lv best\u00e4mma \u00f6ver n\u00e4r t\u00e5gen ska g\u00e5, men ledigheter och scheman g\u00e5r hyfsat v\u00e4l att p\u00e5verka. Dessutom har jag \u00e4ven ett annat, kreativt arbete som konstn\u00e4r. Den h\u00e4r tv\u00e5ngstr\u00f6jan som \u00f6det som en arbetare enligt henne \u00e4r ger mig i sj\u00e4lva verket m\u00f6jlighet att arbeta med det som \u00e4r min passion. Utan att beh\u00f6va tigga efter skattefinansierade bidrag.<\/p>\n<p>Enligt Linderborg studerar ju inte m\u00e4nniskor ur arbetarklassen p\u00e5 h\u00f6gre niv\u00e5. Jag har tv\u00e5 tjejkompisar, en \u00e4r h\u00f6gskoleingenj\u00f6r fr\u00e5n KTH och den andra \u00e4r ekonomie magister fr\u00e5n S\u00f6dert\u00f6rns H\u00f6gskola\/KTH som b\u00e5da kommer fr\u00e5n finska familjer d\u00e4r f\u00f6r\u00e4ldrarna har haft traditionella arbetaryrken i S\u00f6dert\u00e4lje.<\/p>\n<p>Men visst, har man arbetarklassen som aff\u00e4rsid\u00e9 vill man ju g\u00e4rna att den ska vara s\u00e5 omfattande som m\u00f6jligt. Dessa arbetets d\u00f6ttrar som bor p\u00e5 lukrativa adresser och tar lilla segelb\u00e5ten till Almedalen med p\u00e4rlorna runt halsen \u00f6vertygar mig inte. Socialdemokratin \u00e4r huvudsakligen en maktorganisation (som blivit av med sin maktposition och d\u00e4rav befinner sig i kris) numera och Linderborgs politiska id\u00e9er betackar jag mig f\u00f6r. Lycka till med fanorna. Jag ska iv\u00e4g till arbetet.<\/p>\n<p style=\"text-align: center;\">&#8211; : &#8211; : &#8211; : &#8211;<\/p>\n<p style=\"text-align: left;\">Jag gl\u00f6mde en sak; p\u00e5 alla mina arbetsplatser har vi genom kollektivavtal haft precis samma l\u00f6n f\u00f6r samma arbete oavsett k\u00f6n. (Kollektivavtalen och de rimliga\/goda f\u00f6rh\u00e5llandena p\u00e5 v\u00e5ra arbetsplatser finns d\u00e4r tack vare fackf\u00f6reningarna och det ska de ha all \u00e4ra f\u00f6r.) Talet om att kvinnor tj\u00e4nar 84 % av m\u00e4nnens l\u00f6n st\u00e4mmer helt enkelt inte om man korrigerar f\u00f6r faktorer som utbildning, yrke, antal \u00e5r i yrket och andra kvalifikationer, d\u00e5 \u00e4r skillnaden 6 %. En f\u00f6rklaring till det kan t\u00e4nkas vara att kvinnor tenderar att underv\u00e4rdera sig vid l\u00f6nef\u00f6rhandlingar och m\u00e4n tenderar att \u00f6verv\u00e4rdera sig. F\u00f6r \u00f6vrigt handlar skillnaderna fr\u00e4mst om yrkesval och inte n\u00e5gon diffus k\u00f6nsmaktsordning eller n\u00e5got ondsint patriarkat.<\/p>\n<p>\u00a0Fotnot: Min fars sl\u00e4kt kan p\u00e5 goda grunder kallas f\u00f6r \u00f6verklass; en jord\u00e4gande sl\u00e4kt av akademiker, gods\u00e4gare och finansm\u00e4n. Min morfar kom fr\u00e5n ett p\u00e5vert hem men studerade teologi och blev pr\u00e4st samt l\u00e4rare, mormor var dotter till en v\u00e4lbest\u00e4lld handelsman.<\/p>\n","protected":false},"excerpt":{"rendered":"<p>Ylva Johansson och \u00c5sa Linderborg sitter p\u00e5 TV 4:s Nyhetsmorgon och f\u00f6rs\u00f6ker inh\u00e4gna arbetarklassen. Linderborg tjatar om att man f\u00f6ds in till en klass och d\u00e4rmed goda eller d\u00e5liga f\u00f6ruts\u00e4ttningar. Hon sj\u00e4lv definierar sig dock inte som arbetarklass, hon tj\u00e4nar &hellip; <a href=\"http:\/\/www.susannavaris.com\/blogg\/2012\/05\/1-maj-2012\/\">Forts\u00e4tt l\u00e4sa <span class=\"meta-nav\">&rarr;<\/span><\/a><\/p>\n","protected":false},"author":1,"featured_media":0,"comment_status":"open","ping_status":"open","sticky":false,"template":"","format":"standard","meta":{"footnotes":""},"categories":[181,259,674,1321,1,590],"tags":[1734,1733,225,1732,774,1735,1399,1736],"class_list":["post-5332","post","type-post","status-publish","format-standard","hentry","category-feminism","category-genusvetenskap","category-historia","category-jamstalldhet","category-okategoriserade","category-politik","tag-1-maj-demonstration","tag-arbetarrorelse","tag-asa-linderborg","tag-i-maj","tag-socialdemokrati","tag-tal","tag-vanster","tag-ylva-johansson"],"_links":{"self":[{"href":"http:\/\/www.susannavaris.com\/blogg\/wp-json\/wp\/v2\/posts\/5332","targetHints":{"allow":["GET"]}}],"collection":[{"href":"http:\/\/www.susannavaris.com\/blogg\/wp-json\/wp\/v2\/posts"}],"about":[{"href":"http:\/\/www.susannavaris.com\/blogg\/wp-json\/wp\/v2\/types\/post"}],"author":[{"embeddable":true,"href":"http:\/\/www.susannavaris.com\/blogg\/wp-json\/wp\/v2\/users\/1"}],"replies":[{"embeddable":true,"href":"http:\/\/www.susannavaris.com\/blogg\/wp-json\/wp\/v2\/comments?post=5332"}],"version-history":[{"count":8,"href":"http:\/\/www.susannavaris.com\/blogg\/wp-json\/wp\/v2\/posts\/5332\/revisions"}],"predecessor-version":[{"id":5345,"href":"http:\/\/www.susannavaris.com\/blogg\/wp-json\/wp\/v2\/posts\/5332\/revisions\/5345"}],"wp:attachment":[{"href":"http:\/\/www.susannavaris.com\/blogg\/wp-json\/wp\/v2\/media?parent=5332"}],"wp:term":[{"taxonomy":"category","embeddable":true,"href":"http:\/\/www.susannavaris.com\/blogg\/wp-json\/wp\/v2\/categories?post=5332"},{"taxonomy":"post_tag","embeddable":true,"href":"http:\/\/www.susannavaris.com\/blogg\/wp-json\/wp\/v2\/tags?post=5332"}],"curies":[{"name":"wp","href":"https:\/\/api.w.org\/{rel}","templated":true}]}}