{"id":5365,"date":"2012-05-05T15:11:18","date_gmt":"2012-05-05T13:11:18","guid":{"rendered":"http:\/\/www.susannavaris.com\/blogg\/?p=5365"},"modified":"2012-05-05T15:11:18","modified_gmt":"2012-05-05T13:11:18","slug":"bloggen-1-ar","status":"publish","type":"post","link":"http:\/\/www.susannavaris.com\/blogg\/2012\/05\/bloggen-1-ar\/","title":{"rendered":"Bloggen 1 \u00e5r!!"},"content":{"rendered":"<p style=\"text-align: center;\"><a href=\"http:\/\/www.susannavaris.com\/blogg\/wp-content\/uploads\/2012\/05\/blogg1ar01.jpg\"><img loading=\"lazy\" decoding=\"async\" class=\"aligncenter size-full wp-image-5366\" title=\"blogg1ar01\" src=\"http:\/\/www.susannavaris.com\/blogg\/wp-content\/uploads\/2012\/05\/blogg1ar01.jpg\" alt=\"\" width=\"499\" height=\"383\" srcset=\"http:\/\/www.susannavaris.com\/blogg\/wp-content\/uploads\/2012\/05\/blogg1ar01.jpg 499w, http:\/\/www.susannavaris.com\/blogg\/wp-content\/uploads\/2012\/05\/blogg1ar01-300x230.jpg 300w\" sizes=\"auto, (max-width: 499px) 100vw, 499px\" \/><\/a>\u00a0<em>Bloggen 1 \u00e5r&#8230;tjohoo!!!<\/em><\/p>\n<p>Idag fyller bloggen ett \u00e5r!!! Det har varit fantastiskt roligt, riktningen har \u00e4ndrats en del genom m\u00e5naderna och samh\u00e4llsreflektionerna och politiken har tagit st\u00f6rre plats \u00e4n det var t\u00e4nkt fr\u00e5n b\u00f6rjan. S\u00e5 kommer det att f\u00f6rbli, jag har ingen s\u00e4rskild bloggstrategi och f\u00f6rs\u00f6ker inte skapa n\u00e5gon s\u00e4rskild image \u00e5t mig sj\u00e4lv, jag skriver om det som ber\u00f6r mig och det p\u00e5 ett ganska rakt s\u00e4tt. Ibland har mera personliga saker dykt upp och s\u00e5dant kommer det ocks\u00e5 i forts\u00e4ttningen att bli. S\u00e5 forts\u00e4tt g\u00e4rna f\u00f6lja mina funderingar och mitt liv och tack f\u00f6r alla trevliga och mindre trevliga kommentarer!<\/p>\n<p>Jag sj\u00e4lv kommer att forts\u00e4tta kurera min f\u00f6rkylning, bedriva konst-rea och fira, just nu, med lite mat!<\/p>\n<p><a href=\"http:\/\/www.susannavaris.com\/blogg\/wp-content\/uploads\/2012\/05\/blog1ar02.jpg\"><img loading=\"lazy\" decoding=\"async\" class=\"aligncenter size-full wp-image-5367\" title=\"blog1ar02\" src=\"http:\/\/www.susannavaris.com\/blogg\/wp-content\/uploads\/2012\/05\/blog1ar02.jpg\" alt=\"\" width=\"399\" height=\"204\" srcset=\"http:\/\/www.susannavaris.com\/blogg\/wp-content\/uploads\/2012\/05\/blog1ar02.jpg 399w, http:\/\/www.susannavaris.com\/blogg\/wp-content\/uploads\/2012\/05\/blog1ar02-300x153.jpg 300w\" sizes=\"auto, (max-width: 399px) 100vw, 399px\" \/><\/a><\/p>\n<p style=\"text-align: center;\"><em>&#8230;men jag h\u00e5ller denna st\u00e4llning.<\/em><\/p>\n<p>&nbsp;<\/p>\n","protected":false},"excerpt":{"rendered":"<p>\u00a0Bloggen 1 \u00e5r&#8230;tjohoo!!! Idag fyller bloggen ett \u00e5r!!! Det har varit fantastiskt roligt, riktningen har \u00e4ndrats en del genom m\u00e5naderna och samh\u00e4llsreflektionerna och politiken har tagit st\u00f6rre plats \u00e4n det var t\u00e4nkt fr\u00e5n b\u00f6rjan. S\u00e5 kommer det att f\u00f6rbli, jag &hellip; <a href=\"http:\/\/www.susannavaris.com\/blogg\/2012\/05\/bloggen-1-ar\/\">Forts\u00e4tt l\u00e4sa <span class=\"meta-nav\">&rarr;<\/span><\/a><\/p>\n","protected":false},"author":1,"featured_media":0,"comment_status":"open","ping_status":"open","sticky":false,"template":"","format":"standard","meta":{"footnotes":""},"categories":[341,10,1,11],"tags":[284,1747,1748,1750,1749,292],"class_list":["post-5365","post","type-post","status-publish","format-standard","hentry","category-cyberspace-oddities","category-kuriosakabinettet","category-okategoriserade","category-say-whaaat","tag-blogg","tag-bloggen","tag-ett-ar","tag-firande","tag-party","tag-wtf"],"_links":{"self":[{"href":"http:\/\/www.susannavaris.com\/blogg\/wp-json\/wp\/v2\/posts\/5365","targetHints":{"allow":["GET"]}}],"collection":[{"href":"http:\/\/www.susannavaris.com\/blogg\/wp-json\/wp\/v2\/posts"}],"about":[{"href":"http:\/\/www.susannavaris.com\/blogg\/wp-json\/wp\/v2\/types\/post"}],"author":[{"embeddable":true,"href":"http:\/\/www.susannavaris.com\/blogg\/wp-json\/wp\/v2\/users\/1"}],"replies":[{"embeddable":true,"href":"http:\/\/www.susannavaris.com\/blogg\/wp-json\/wp\/v2\/comments?post=5365"}],"version-history":[{"count":2,"href":"http:\/\/www.susannavaris.com\/blogg\/wp-json\/wp\/v2\/posts\/5365\/revisions"}],"predecessor-version":[{"id":5369,"href":"http:\/\/www.susannavaris.com\/blogg\/wp-json\/wp\/v2\/posts\/5365\/revisions\/5369"}],"wp:attachment":[{"href":"http:\/\/www.susannavaris.com\/blogg\/wp-json\/wp\/v2\/media?parent=5365"}],"wp:term":[{"taxonomy":"category","embeddable":true,"href":"http:\/\/www.susannavaris.com\/blogg\/wp-json\/wp\/v2\/categories?post=5365"},{"taxonomy":"post_tag","embeddable":true,"href":"http:\/\/www.susannavaris.com\/blogg\/wp-json\/wp\/v2\/tags?post=5365"}],"curies":[{"name":"wp","href":"https:\/\/api.w.org\/{rel}","templated":true}]}}