{"id":538,"date":"2011-06-03T23:45:28","date_gmt":"2011-06-03T21:45:28","guid":{"rendered":"http:\/\/www.susannavaris.com\/blogg\/?p=538"},"modified":"2011-06-03T23:45:28","modified_gmt":"2011-06-03T21:45:28","slug":"galleri-zebra","status":"publish","type":"post","link":"http:\/\/www.susannavaris.com\/blogg\/2011\/06\/galleri-zebra\/","title":{"rendered":"Galleri Zebra"},"content":{"rendered":"<p>Ok. Jag bloggar d\u00e5. Motvilligt. Jag gillar inte alls det h\u00e4r utseendet p\u00e5 bloggen. Hoppas att det snart l\u00f6ser sig. har fortfarande ingen aning om varf\u00f6r det blev s\u00e5 h\u00e4r och om n\u00e5got ens h\u00e4nder f\u00f6r att det ska bli som det ska igen&#8230;<\/p>\n<p>Utst\u00e4llningen \u00e4r nu f\u00f6rbi, tack alla som kom!<\/p>\n<p>Jag f\u00e5r s\u00e4ga att jag \u00e4r n\u00f6jd. Jag gick trots allt med plus, hade en j\u00e4tterolig vecka med nya upplevelser och fick en hel del nya, intressanta kontakter. F\u00f6rra veckan var v\u00e4ldigt turbulent och jag \u00e4r fortfarande ganska slut efter allt som h\u00e4nt och allt arbete med utst\u00e4llningen. Min f\u00f6rsta soloutst\u00e4llning! Galleri Zebra skulle jag kunna husera i varje dag om jag kunde leva p\u00e5 det&#8230;<\/p>\n<p>Idag var f\u00f6rsta dagen tillbaka p\u00e5 l\u00f6nearbetet och tack vare en rej\u00e4l satsning fr\u00e5n polisen och alla inblandade p\u00e5 v\u00e5rt f\u00f6retag, blev dagen bra. Det \u00e5terst\u00e5r att se hur situationen utvecklas under sommaren.<\/p>\n<p>Tillbaka till utst\u00e4llningen, h\u00e4r kommer n\u00e5gra bilder:<\/p>\n<p><a href=\"http:\/\/www.susannavaris.com\/blogg\/wp-content\/uploads\/2011\/06\/01x.jpg\"><img decoding=\"async\" class=\"aligncenter size-full wp-image-539\" title=\"01x\" src=\"http:\/\/www.susannavaris.com\/blogg\/wp-content\/uploads\/2011\/06\/01x.jpg\" alt=\"\" \/><\/a><em>Uffe k\u00e4mpar med upph\u00e4ngningen&#8230;<\/em><\/p>\n<p><em><a href=\"http:\/\/www.susannavaris.com\/blogg\/wp-content\/uploads\/2011\/06\/02x.jpg\"><img decoding=\"async\" class=\"aligncenter size-full wp-image-540\" title=\"02x\" src=\"http:\/\/www.susannavaris.com\/blogg\/wp-content\/uploads\/2011\/06\/02x.jpg\" alt=\"\" \/><\/a><a href=\"http:\/\/www.susannavaris.com\/blogg\/wp-content\/uploads\/2011\/06\/03x.jpg\"><img decoding=\"async\" class=\"aligncenter size-full wp-image-541\" title=\"03x\" src=\"http:\/\/www.susannavaris.com\/blogg\/wp-content\/uploads\/2011\/06\/03x.jpg\" alt=\"\" \/><\/a><a href=\"http:\/\/www.susannavaris.com\/blogg\/wp-content\/uploads\/2011\/06\/05x.jpg\"><img decoding=\"async\" class=\"aligncenter size-full wp-image-543\" title=\"05x\" src=\"http:\/\/www.susannavaris.com\/blogg\/wp-content\/uploads\/2011\/06\/05x.jpg\" alt=\"\" \/><\/a>Upph\u00e4ngt och klart. Vernissagen kan b\u00f6rja&#8230;<\/em><\/p>\n<p><em><a href=\"http:\/\/www.susannavaris.com\/blogg\/wp-content\/uploads\/2011\/06\/06x.jpg\"><img loading=\"lazy\" decoding=\"async\" class=\"aligncenter size-large wp-image-544\" title=\"06x\" src=\"http:\/\/www.susannavaris.com\/blogg\/wp-content\/uploads\/2011\/06\/06x-1024x581.jpg\" alt=\"\" width=\"640\" height=\"363\" srcset=\"http:\/\/www.susannavaris.com\/blogg\/wp-content\/uploads\/2011\/06\/06x-1024x581.jpg 1024w, http:\/\/www.susannavaris.com\/blogg\/wp-content\/uploads\/2011\/06\/06x-300x170.jpg 300w, http:\/\/www.susannavaris.com\/blogg\/wp-content\/uploads\/2011\/06\/06x.jpg 1923w\" sizes=\"auto, (max-width: 640px) 100vw, 640px\" \/><\/a>Jag, en god v\u00e4n fr\u00e5n l\u00e4nge sedan, Doris Blomster och mor.<\/em><\/p>\n<p><em><a href=\"http:\/\/www.susannavaris.com\/blogg\/wp-content\/uploads\/2011\/06\/07x.jpg\"><img decoding=\"async\" class=\"aligncenter size-full wp-image-545\" title=\"07x\" src=\"http:\/\/www.susannavaris.com\/blogg\/wp-content\/uploads\/2011\/06\/07x.jpg\" alt=\"\" \/><\/a>Jari fr\u00e5n Jukijaimais kom och musicerade.<\/em><\/p>\n<p><em><a href=\"http:\/\/www.susannavaris.com\/blogg\/wp-content\/uploads\/2011\/06\/10x.jpg\"><img decoding=\"async\" class=\"aligncenter size-full wp-image-546\" title=\"10x\" src=\"http:\/\/www.susannavaris.com\/blogg\/wp-content\/uploads\/2011\/06\/10x.jpg\" alt=\"\" \/><\/a><a href=\"http:\/\/www.susannavaris.com\/blogg\/wp-content\/uploads\/2011\/06\/11x.jpg\"><img decoding=\"async\" class=\"aligncenter size-full wp-image-547\" title=\"11x\" src=\"http:\/\/www.susannavaris.com\/blogg\/wp-content\/uploads\/2011\/06\/11x.jpg\" alt=\"\" \/><\/a>Varde ljus! Monica Karlzon h\u00e4nger uppe vid taket, Berndt Noelle l\u00e4ngst till h\u00f6ger.<\/em><\/p>\n<p><em><a href=\"http:\/\/www.susannavaris.com\/blogg\/wp-content\/uploads\/2011\/06\/14x.jpg\"><img decoding=\"async\" class=\"aligncenter size-full wp-image-548\" title=\"14x\" src=\"http:\/\/www.susannavaris.com\/blogg\/wp-content\/uploads\/2011\/06\/14x.jpg\" alt=\"\" \/><\/a><\/em><\/p>\n<p>Nu b\u00f6rjar bilduppladdningen sagga, trots att jag minskat ner fotona till 75 %, s\u00e5 jag forts\u00e4tter p\u00e5 n\u00e4sta inl\u00e4gg&#8230;om det ska h\u00e5lla p\u00e5 s\u00e5 h\u00e4r och efter att bloggen tog sin lilla tid att f\u00e5 upp s\u00e5 blir det snart Blogger, here I come!<\/p>\n<p><em><br \/>\n<\/em><\/p>\n","protected":false},"excerpt":{"rendered":"<p>Ok. Jag bloggar d\u00e5. Motvilligt. Jag gillar inte alls det h\u00e4r utseendet p\u00e5 bloggen. Hoppas att det snart l\u00f6ser sig. har fortfarande ingen aning om varf\u00f6r det blev s\u00e5 h\u00e4r och om n\u00e5got ens h\u00e4nder f\u00f6r att det ska bli &hellip; <a href=\"http:\/\/www.susannavaris.com\/blogg\/2011\/06\/galleri-zebra\/\">Forts\u00e4tt l\u00e4sa <span class=\"meta-nav\">&rarr;<\/span><\/a><\/p>\n","protected":false},"author":1,"featured_media":540,"comment_status":"open","ping_status":"open","sticky":false,"template":"","format":"standard","meta":{"footnotes":""},"categories":[7,166,1,4],"tags":[54,122],"class_list":["post-538","post","type-post","status-publish","format-standard","has-post-thumbnail","hentry","category-egna-verk","category-galleri-zebra-2","category-okategoriserade","category-utstallning","tag-galleri-zebra","tag-utstallning-2"],"_links":{"self":[{"href":"http:\/\/www.susannavaris.com\/blogg\/wp-json\/wp\/v2\/posts\/538","targetHints":{"allow":["GET"]}}],"collection":[{"href":"http:\/\/www.susannavaris.com\/blogg\/wp-json\/wp\/v2\/posts"}],"about":[{"href":"http:\/\/www.susannavaris.com\/blogg\/wp-json\/wp\/v2\/types\/post"}],"author":[{"embeddable":true,"href":"http:\/\/www.susannavaris.com\/blogg\/wp-json\/wp\/v2\/users\/1"}],"replies":[{"embeddable":true,"href":"http:\/\/www.susannavaris.com\/blogg\/wp-json\/wp\/v2\/comments?post=538"}],"version-history":[{"count":3,"href":"http:\/\/www.susannavaris.com\/blogg\/wp-json\/wp\/v2\/posts\/538\/revisions"}],"predecessor-version":[{"id":550,"href":"http:\/\/www.susannavaris.com\/blogg\/wp-json\/wp\/v2\/posts\/538\/revisions\/550"}],"wp:featuredmedia":[{"embeddable":true,"href":"http:\/\/www.susannavaris.com\/blogg\/wp-json\/wp\/v2\/media\/540"}],"wp:attachment":[{"href":"http:\/\/www.susannavaris.com\/blogg\/wp-json\/wp\/v2\/media?parent=538"}],"wp:term":[{"taxonomy":"category","embeddable":true,"href":"http:\/\/www.susannavaris.com\/blogg\/wp-json\/wp\/v2\/categories?post=538"},{"taxonomy":"post_tag","embeddable":true,"href":"http:\/\/www.susannavaris.com\/blogg\/wp-json\/wp\/v2\/tags?post=538"}],"curies":[{"name":"wp","href":"https:\/\/api.w.org\/{rel}","templated":true}]}}