{"id":5386,"date":"2012-05-06T17:03:31","date_gmt":"2012-05-06T15:03:31","guid":{"rendered":"http:\/\/www.susannavaris.com\/blogg\/?p=5386"},"modified":"2012-05-06T17:03:31","modified_gmt":"2012-05-06T15:03:31","slug":"ska-jag-salja-mig-sjalv","status":"publish","type":"post","link":"http:\/\/www.susannavaris.com\/blogg\/2012\/05\/ska-jag-salja-mig-sjalv\/","title":{"rendered":"Ska jag s\u00e4lja mig sj\u00e4lv?"},"content":{"rendered":"<p>Det vill s\u00e4ga: ska jag s\u00e4lja min sj\u00e4l till kommersens demon och b\u00f6rja skapa lite mera publikfriande konst? Jag funderar p\u00e5 att \u00e5tminstone starta en lite mindre provokativ och fr\u00e5nst\u00f6tande linje vid sidan av det vanliga. D\u00e5 f\u00e5r jag nog leva med att bli anklagad f\u00f6r att s\u00e4lja mig. Men alla vill v\u00e4l s\u00e4lja sina verk? Hur ska man ens ha ambitionen att \u00f6verleva p\u00e5 sin konst om man inte vill s\u00e4lja den? \u00c4r det b\u00e4ttre och finare att sv\u00e4lta ihj\u00e4l och aldrig vilja bredda sin publik? Att bara forts\u00e4tta skapa f\u00f6r det f\u00e5tal som f\u00f6rst\u00e5r och uppskattar det man g\u00f6r? Eviga fr\u00e5gor, s\u00e5 klart.<\/p>\n<p>F\u00f6rresten har jag redan ett g\u00e4ng mera publikfriande verk, s\u00e4rskilt bland artistportr\u00e4tten. F\u00f6r att inte tala om best\u00e4llningarna. Jag har nog redan s\u00e5lt mig och \u00e4r en sk\u00f6ka i konstk\u00f6parnas tj\u00e4nst.<\/p>\n<p style=\"text-align: center;\">Med dagens publikfrieri gick det lite s\u00e5d\u00e4r&#8230;<\/p>\n<p style=\"text-align: center;\"><a href=\"http:\/\/www.susannavaris.com\/blogg\/wp-content\/uploads\/2012\/05\/Sister-Styx-turkos-text.jpg\"><img loading=\"lazy\" decoding=\"async\" class=\"aligncenter size-large wp-image-5387\" title=\"Sister Styx turkos text\" src=\"http:\/\/www.susannavaris.com\/blogg\/wp-content\/uploads\/2012\/05\/Sister-Styx-turkos-text-729x1024.jpg\" alt=\"\" width=\"640\" height=\"898\" srcset=\"http:\/\/www.susannavaris.com\/blogg\/wp-content\/uploads\/2012\/05\/Sister-Styx-turkos-text-729x1024.jpg 729w, http:\/\/www.susannavaris.com\/blogg\/wp-content\/uploads\/2012\/05\/Sister-Styx-turkos-text-213x300.jpg 213w, http:\/\/www.susannavaris.com\/blogg\/wp-content\/uploads\/2012\/05\/Sister-Styx-turkos-text.jpg 1188w\" sizes=\"auto, (max-width: 640px) 100vw, 640px\" \/><\/a>\u00a0<em>Sister Styx, mixed media 2012. Susanna Varis<\/em><\/p>\n<p style=\"text-align: center;\">Ibland vill m\u00e4nniskor veta hur jag har t\u00e4nkt. Den h\u00e4r beskrivningen gav jag en v\u00e4n i en konversation p\u00e5 Facebook:<\/p>\n<p style=\"text-align: center;\"><em>&#8221;This one is actually about fear of hospitals&#8230;and then I thought about how nurses spend their time among people who are dying and also people who are coming to this world&#8230;it\u00b4s so very dramatic. I imagined a nurse&#8230;if she would let all her feelings just out.&#8221;<\/em><\/p>\n","protected":false},"excerpt":{"rendered":"<p>Det vill s\u00e4ga: ska jag s\u00e4lja min sj\u00e4l till kommersens demon och b\u00f6rja skapa lite mera publikfriande konst? Jag funderar p\u00e5 att \u00e5tminstone starta en lite mindre provokativ och fr\u00e5nst\u00f6tande linje vid sidan av det vanliga. D\u00e5 f\u00e5r jag nog &hellip; <a href=\"http:\/\/www.susannavaris.com\/blogg\/2012\/05\/ska-jag-salja-mig-sjalv\/\">Forts\u00e4tt l\u00e4sa <span class=\"meta-nav\">&rarr;<\/span><\/a><\/p>\n","protected":false},"author":1,"featured_media":0,"comment_status":"open","ping_status":"open","sticky":false,"template":"","format":"standard","meta":{"footnotes":""},"categories":[7,3,1162,1],"tags":[1758,4905,402,314,4907,1756,1634,1757,1694],"class_list":["post-5386","post","type-post","status-publish","format-standard","hentry","category-egna-verk","category-konst","category-kultur","category-okategoriserade","tag-burlesque","tag-goth","tag-horror","tag-horror-art","tag-lowbrow","tag-nurse","tag-pop-art","tag-sister-styx","tag-sjukskoterska"],"_links":{"self":[{"href":"http:\/\/www.susannavaris.com\/blogg\/wp-json\/wp\/v2\/posts\/5386","targetHints":{"allow":["GET"]}}],"collection":[{"href":"http:\/\/www.susannavaris.com\/blogg\/wp-json\/wp\/v2\/posts"}],"about":[{"href":"http:\/\/www.susannavaris.com\/blogg\/wp-json\/wp\/v2\/types\/post"}],"author":[{"embeddable":true,"href":"http:\/\/www.susannavaris.com\/blogg\/wp-json\/wp\/v2\/users\/1"}],"replies":[{"embeddable":true,"href":"http:\/\/www.susannavaris.com\/blogg\/wp-json\/wp\/v2\/comments?post=5386"}],"version-history":[{"count":2,"href":"http:\/\/www.susannavaris.com\/blogg\/wp-json\/wp\/v2\/posts\/5386\/revisions"}],"predecessor-version":[{"id":5389,"href":"http:\/\/www.susannavaris.com\/blogg\/wp-json\/wp\/v2\/posts\/5386\/revisions\/5389"}],"wp:attachment":[{"href":"http:\/\/www.susannavaris.com\/blogg\/wp-json\/wp\/v2\/media?parent=5386"}],"wp:term":[{"taxonomy":"category","embeddable":true,"href":"http:\/\/www.susannavaris.com\/blogg\/wp-json\/wp\/v2\/categories?post=5386"},{"taxonomy":"post_tag","embeddable":true,"href":"http:\/\/www.susannavaris.com\/blogg\/wp-json\/wp\/v2\/tags?post=5386"}],"curies":[{"name":"wp","href":"https:\/\/api.w.org\/{rel}","templated":true}]}}