{"id":5428,"date":"2012-05-10T12:16:03","date_gmt":"2012-05-10T10:16:03","guid":{"rendered":"http:\/\/www.susannavaris.com\/blogg\/?p=5428"},"modified":"2012-05-10T12:16:30","modified_gmt":"2012-05-10T10:16:30","slug":"allt-ar-forlatet","status":"publish","type":"post","link":"http:\/\/www.susannavaris.com\/blogg\/2012\/05\/allt-ar-forlatet\/","title":{"rendered":"Allt \u00e4r f\u00f6rl\u00e5tet"},"content":{"rendered":"<p><a href=\"http:\/\/www.susannavaris.com\/blogg\/wp-content\/uploads\/2012\/05\/vivian_westwood_300x400.jpg\"><img loading=\"lazy\" decoding=\"async\" class=\"aligncenter size-full wp-image-5429\" title=\"vivian_westwood_300x400\" src=\"http:\/\/www.susannavaris.com\/blogg\/wp-content\/uploads\/2012\/05\/vivian_westwood_300x400.jpg\" alt=\"\" width=\"300\" height=\"400\" srcset=\"http:\/\/www.susannavaris.com\/blogg\/wp-content\/uploads\/2012\/05\/vivian_westwood_300x400.jpg 300w, http:\/\/www.susannavaris.com\/blogg\/wp-content\/uploads\/2012\/05\/vivian_westwood_300x400-225x300.jpg 225w\" sizes=\"auto, (max-width: 300px) 100vw, 300px\" \/><\/a><\/p>\n<p>Pl\u00f6tsligt, som en blixt fr\u00e5n en klar himmel, som en champagnekork som flyger ut, small en f\u00f6r\u00e4lskelse till Vivienne Westwood till. Westwood har i min v\u00e4rld f\u00e5tt i 30 \u00e5rs tid h\u00e4nga med p\u00e5 min avoga inst\u00e4llning till Malcolm McLaren. McLaren, det onda geniet som visserligen var en briljant marknadsf\u00f6rare, men ocks\u00e5 en dubi\u00f6s manager \u00e5t bland andra Sex Pistols, The New York Dolls, Adam and the Ants och Bow Wow Wow. Under punktiden var v\u00e5rt f\u00f6rh\u00e5llande till honom minst sagt kylslaget och allt sedan dess har McLaren och p\u00e5 kuppen \u00e4ven hans tidigare fru Vivienne Westwood f\u00e5tt dras med imagen av h\u00e4nsynsl\u00f6sa exploat\u00f6rer av andras talang. Vilket i fallet Vivienne Westwood inte kunde vara mera fel.<\/p>\n<p>Men nu har korken flugit ur och jag fullkomligen \u00e4lskar Vivienne Westwood fr\u00e5n mitt hj\u00e4rta! Jag tar tillbaka allt mitt tidigare grundl\u00f6sa och felaktiga agg.<\/p>\n<p style=\"text-align: center;\"><a href=\"http:\/\/www.susannavaris.com\/blogg\/wp-content\/uploads\/2012\/05\/vivienne52913198.jpg\"><img loading=\"lazy\" decoding=\"async\" class=\"aligncenter size-full wp-image-5430\" title=\"vivienne52913198\" src=\"http:\/\/www.susannavaris.com\/blogg\/wp-content\/uploads\/2012\/05\/vivienne52913198.jpg\" alt=\"\" width=\"580\" height=\"411\" srcset=\"http:\/\/www.susannavaris.com\/blogg\/wp-content\/uploads\/2012\/05\/vivienne52913198.jpg 580w, http:\/\/www.susannavaris.com\/blogg\/wp-content\/uploads\/2012\/05\/vivienne52913198-300x212.jpg 300w\" sizes=\"auto, (max-width: 580px) 100vw, 580px\" \/><\/a>\u00a0<em>Vivienne Westwood<\/em><\/p>\n<p>Dame Westwood har under 40 \u00e5r beg\u00e5vat v\u00e4rlden med sin unika designkonst d\u00e4r det mest engelska; punken, kungahuset och skotskrutorna blandas i en maka- och tidl\u00f6s, rebellisk och elegant stil. Urrebellen, provokat\u00f6ren och punkaren blev adlad, bara en s\u00e5n sak! Vissa punkpuritaner menar s\u00e4kert att hon borde inte ha tagit emot adelstiteln, men jag menar att det \u00e4r precis vad hon borde! All \u00e4ra \u00e5t rebellen!<\/p>\n<p style=\"text-align: center;\"><a href=\"http:\/\/www.susannavaris.com\/blogg\/wp-content\/uploads\/2012\/05\/vivienne_westwood_at_times_of_sex_pistols_growing_ppopularity.jpg\"><img loading=\"lazy\" decoding=\"async\" class=\"aligncenter size-full wp-image-5431\" title=\"vivienne_westwood_at_times_of_sex_pistols_growing_ppopularity\" src=\"http:\/\/www.susannavaris.com\/blogg\/wp-content\/uploads\/2012\/05\/vivienne_westwood_at_times_of_sex_pistols_growing_ppopularity.jpg\" alt=\"\" width=\"550\" height=\"410\" srcset=\"http:\/\/www.susannavaris.com\/blogg\/wp-content\/uploads\/2012\/05\/vivienne_westwood_at_times_of_sex_pistols_growing_ppopularity.jpg 550w, http:\/\/www.susannavaris.com\/blogg\/wp-content\/uploads\/2012\/05\/vivienne_westwood_at_times_of_sex_pistols_growing_ppopularity-300x223.jpg 300w\" sizes=\"auto, (max-width: 550px) 100vw, 550px\" \/><\/a>\u00a0<em>Those were the days&#8230;en ung Vivienne Westwood stod f\u00f6r det stilm\u00e4ssiga i punken och utvecklade en egen stil som sprang ur bondagestassar och gatumode.<\/em><\/p>\n<p style=\"text-align: center;\"><a href=\"http:\/\/www.susannavaris.com\/blogg\/wp-content\/uploads\/2012\/05\/viviennegod-save-the-queen.jpg\"><img loading=\"lazy\" decoding=\"async\" class=\"aligncenter size-full wp-image-5432\" title=\"viviennegod save the queen\" src=\"http:\/\/www.susannavaris.com\/blogg\/wp-content\/uploads\/2012\/05\/viviennegod-save-the-queen.jpg\" alt=\"\" width=\"249\" height=\"335\" srcset=\"http:\/\/www.susannavaris.com\/blogg\/wp-content\/uploads\/2012\/05\/viviennegod-save-the-queen.jpg 249w, http:\/\/www.susannavaris.com\/blogg\/wp-content\/uploads\/2012\/05\/viviennegod-save-the-queen-222x300.jpg 222w\" sizes=\"auto, (max-width: 249px) 100vw, 249px\" \/><\/a>\u00a0<em>Sex Pistols-eran<\/em><\/p>\n<p style=\"text-align: center;\"><a href=\"http:\/\/www.susannavaris.com\/blogg\/wp-content\/uploads\/2012\/05\/vivienne-westwood-sex-2.jpg\"><img loading=\"lazy\" decoding=\"async\" class=\"aligncenter size-full wp-image-5433\" title=\"vivienne-westwood-sex-2\" src=\"http:\/\/www.susannavaris.com\/blogg\/wp-content\/uploads\/2012\/05\/vivienne-westwood-sex-2.jpg\" alt=\"\" width=\"467\" height=\"650\" srcset=\"http:\/\/www.susannavaris.com\/blogg\/wp-content\/uploads\/2012\/05\/vivienne-westwood-sex-2.jpg 467w, http:\/\/www.susannavaris.com\/blogg\/wp-content\/uploads\/2012\/05\/vivienne-westwood-sex-2-215x300.jpg 215w\" sizes=\"auto, (max-width: 467px) 100vw, 467px\" \/><\/a>\u00a0<em>Butiken SEX. Medlemmarna i Sex Pistols brukade h\u00e4nga p\u00e5 butiken och plockades mer eller mindre upp d\u00e4r till ett bandprojekt som Malcolm McLaren hade p\u00e5 g\u00e5ng&#8230;<\/em><\/p>\n<p style=\"text-align: center;\"><a href=\"http:\/\/www.susannavaris.com\/blogg\/wp-content\/uploads\/2012\/05\/vivienne-westwood-with-malcom.jpg\"><img loading=\"lazy\" decoding=\"async\" class=\"aligncenter size-full wp-image-5434\" title=\"vivienne-westwood-with-malcom\" src=\"http:\/\/www.susannavaris.com\/blogg\/wp-content\/uploads\/2012\/05\/vivienne-westwood-with-malcom.jpg\" alt=\"\" width=\"372\" height=\"500\" srcset=\"http:\/\/www.susannavaris.com\/blogg\/wp-content\/uploads\/2012\/05\/vivienne-westwood-with-malcom.jpg 372w, http:\/\/www.susannavaris.com\/blogg\/wp-content\/uploads\/2012\/05\/vivienne-westwood-with-malcom-223x300.jpg 223w\" sizes=\"auto, (max-width: 372px) 100vw, 372px\" \/><\/a>\u00a0<em>Malcolm McLaren och Vivienne Westwood<\/em><\/p>\n<p style=\"text-align: center;\"><a href=\"http:\/\/www.susannavaris.com\/blogg\/wp-content\/uploads\/2012\/05\/vivienne_westwood_front.jpg\"><img loading=\"lazy\" decoding=\"async\" class=\"aligncenter size-full wp-image-5435\" title=\"vivienne_westwood_front\" src=\"http:\/\/www.susannavaris.com\/blogg\/wp-content\/uploads\/2012\/05\/vivienne_westwood_front.jpg\" alt=\"\" width=\"500\" height=\"638\" srcset=\"http:\/\/www.susannavaris.com\/blogg\/wp-content\/uploads\/2012\/05\/vivienne_westwood_front.jpg 500w, http:\/\/www.susannavaris.com\/blogg\/wp-content\/uploads\/2012\/05\/vivienne_westwood_front-235x300.jpg 235w\" sizes=\"auto, (max-width: 500px) 100vw, 500px\" \/><\/a>\u00a0<a href=\"http:\/\/www.susannavaris.com\/blogg\/wp-content\/uploads\/2012\/05\/vivienneSummer-2011-Paris-1-311.jpg\"><img loading=\"lazy\" decoding=\"async\" class=\"aligncenter size-full wp-image-5436\" title=\"vivienneSummer-2011-Paris-1-311\" src=\"http:\/\/www.susannavaris.com\/blogg\/wp-content\/uploads\/2012\/05\/vivienneSummer-2011-Paris-1-311.jpg\" alt=\"\" width=\"479\" height=\"720\" srcset=\"http:\/\/www.susannavaris.com\/blogg\/wp-content\/uploads\/2012\/05\/vivienneSummer-2011-Paris-1-311.jpg 479w, http:\/\/www.susannavaris.com\/blogg\/wp-content\/uploads\/2012\/05\/vivienneSummer-2011-Paris-1-311-199x300.jpg 199w\" sizes=\"auto, (max-width: 479px) 100vw, 479px\" \/><\/a>\u00a0<em>Sommarkollektionen 2011<\/em><\/p>\n<p style=\"text-align: center;\"><a href=\"http:\/\/www.susannavaris.com\/blogg\/wp-content\/uploads\/2012\/05\/vivienne-westwood.jpg\"><img loading=\"lazy\" decoding=\"async\" class=\"aligncenter size-full wp-image-5437\" title=\"vivienne-westwood\" src=\"http:\/\/www.susannavaris.com\/blogg\/wp-content\/uploads\/2012\/05\/vivienne-westwood.jpg\" alt=\"\" width=\"399\" height=\"532\" srcset=\"http:\/\/www.susannavaris.com\/blogg\/wp-content\/uploads\/2012\/05\/vivienne-westwood.jpg 399w, http:\/\/www.susannavaris.com\/blogg\/wp-content\/uploads\/2012\/05\/vivienne-westwood-225x300.jpg 225w\" sizes=\"auto, (max-width: 399px) 100vw, 399px\" \/><\/a>\u00a0<a href=\"http:\/\/www.susannavaris.com\/blogg\/wp-content\/uploads\/2012\/05\/vivienne-paris-fashion-week-738pk030511.jpg\"><img loading=\"lazy\" decoding=\"async\" class=\"aligncenter size-full wp-image-5438\" title=\"vivienne-paris-fashion-week-738pk030511\" src=\"http:\/\/www.susannavaris.com\/blogg\/wp-content\/uploads\/2012\/05\/vivienne-paris-fashion-week-738pk030511.jpg\" alt=\"\" width=\"492\" height=\"738\" srcset=\"http:\/\/www.susannavaris.com\/blogg\/wp-content\/uploads\/2012\/05\/vivienne-paris-fashion-week-738pk030511.jpg 492w, http:\/\/www.susannavaris.com\/blogg\/wp-content\/uploads\/2012\/05\/vivienne-paris-fashion-week-738pk030511-200x300.jpg 200w\" sizes=\"auto, (max-width: 492px) 100vw, 492px\" \/><\/a>\u00a0<a href=\"http:\/\/www.susannavaris.com\/blogg\/wp-content\/uploads\/2012\/05\/vivienne-westwood4.jpg\"><img loading=\"lazy\" decoding=\"async\" class=\"aligncenter size-full wp-image-5439\" title=\"vivienne-westwood4\" src=\"http:\/\/www.susannavaris.com\/blogg\/wp-content\/uploads\/2012\/05\/vivienne-westwood4.jpg\" alt=\"\" width=\"320\" height=\"480\" srcset=\"http:\/\/www.susannavaris.com\/blogg\/wp-content\/uploads\/2012\/05\/vivienne-westwood4.jpg 320w, http:\/\/www.susannavaris.com\/blogg\/wp-content\/uploads\/2012\/05\/vivienne-westwood4-200x300.jpg 200w\" sizes=\"auto, (max-width: 320px) 100vw, 320px\" \/><\/a>\u00a0<a href=\"http:\/\/www.susannavaris.com\/blogg\/wp-content\/uploads\/2012\/05\/vivienne-westwood-red-label-590a-022111-1298288393.jpg\"><img loading=\"lazy\" decoding=\"async\" class=\"aligncenter size-full wp-image-5440\" title=\"vivienne-westwood-red-label-590a-022111-1298288393\" src=\"http:\/\/www.susannavaris.com\/blogg\/wp-content\/uploads\/2012\/05\/vivienne-westwood-red-label-590a-022111-1298288393.jpg\" alt=\"\" width=\"590\" height=\"393\" srcset=\"http:\/\/www.susannavaris.com\/blogg\/wp-content\/uploads\/2012\/05\/vivienne-westwood-red-label-590a-022111-1298288393.jpg 590w, http:\/\/www.susannavaris.com\/blogg\/wp-content\/uploads\/2012\/05\/vivienne-westwood-red-label-590a-022111-1298288393-300x199.jpg 300w\" sizes=\"auto, (max-width: 590px) 100vw, 590px\" \/><\/a>\u00a0<a href=\"http:\/\/www.susannavaris.com\/blogg\/wp-content\/uploads\/2012\/05\/vivienwestwood.jpg\"><img loading=\"lazy\" decoding=\"async\" class=\"aligncenter size-full wp-image-5441\" title=\"British designer Vivienne Westwood arrives at the end of her Spring\/Summer 2010 collection in Paris\" src=\"http:\/\/www.susannavaris.com\/blogg\/wp-content\/uploads\/2012\/05\/vivienwestwood.jpg\" alt=\"\" width=\"800\" height=\"533\" srcset=\"http:\/\/www.susannavaris.com\/blogg\/wp-content\/uploads\/2012\/05\/vivienwestwood.jpg 800w, http:\/\/www.susannavaris.com\/blogg\/wp-content\/uploads\/2012\/05\/vivienwestwood-300x199.jpg 300w\" sizes=\"auto, (max-width: 800px) 100vw, 800px\" \/><\/a>\u00a0<a href=\"http:\/\/www.susannavaris.com\/blogg\/wp-content\/uploads\/2012\/05\/vivienne387753336_eb41d395bb.jpg\"><img loading=\"lazy\" decoding=\"async\" class=\"aligncenter size-full wp-image-5442\" title=\"vivienne387753336_eb41d395bb\" src=\"http:\/\/www.susannavaris.com\/blogg\/wp-content\/uploads\/2012\/05\/vivienne387753336_eb41d395bb.jpg\" alt=\"\" width=\"333\" height=\"500\" srcset=\"http:\/\/www.susannavaris.com\/blogg\/wp-content\/uploads\/2012\/05\/vivienne387753336_eb41d395bb.jpg 333w, http:\/\/www.susannavaris.com\/blogg\/wp-content\/uploads\/2012\/05\/vivienne387753336_eb41d395bb-199x300.jpg 199w\" sizes=\"auto, (max-width: 333px) 100vw, 333px\" \/><\/a>\u00a0<a href=\"http:\/\/www.susannavaris.com\/blogg\/wp-content\/uploads\/2012\/05\/VivMOS1602_468x844.jpg\"><img loading=\"lazy\" decoding=\"async\" class=\"aligncenter size-full wp-image-5443\" title=\"VivMOS1602_468x844\" src=\"http:\/\/www.susannavaris.com\/blogg\/wp-content\/uploads\/2012\/05\/VivMOS1602_468x844.jpg\" alt=\"\" width=\"468\" height=\"844\" srcset=\"http:\/\/www.susannavaris.com\/blogg\/wp-content\/uploads\/2012\/05\/VivMOS1602_468x844.jpg 468w, http:\/\/www.susannavaris.com\/blogg\/wp-content\/uploads\/2012\/05\/VivMOS1602_468x844-166x300.jpg 166w\" sizes=\"auto, (max-width: 468px) 100vw, 468px\" \/><\/a>\u00a0<a href=\"http:\/\/www.susannavaris.com\/blogg\/wp-content\/uploads\/2012\/05\/viviennepam_vivienne_westwood_09.jpg\"><img loading=\"lazy\" decoding=\"async\" class=\"aligncenter size-full wp-image-5444\" title=\"viviennepam_vivienne_westwood_09\" src=\"http:\/\/www.susannavaris.com\/blogg\/wp-content\/uploads\/2012\/05\/viviennepam_vivienne_westwood_09.jpg\" alt=\"\" width=\"574\" height=\"422\" srcset=\"http:\/\/www.susannavaris.com\/blogg\/wp-content\/uploads\/2012\/05\/viviennepam_vivienne_westwood_09.jpg 574w, http:\/\/www.susannavaris.com\/blogg\/wp-content\/uploads\/2012\/05\/viviennepam_vivienne_westwood_09-300x220.jpg 300w\" sizes=\"auto, (max-width: 574px) 100vw, 574px\" \/><\/a>\u00a0<em>Pamela Anderson i en kampanj f\u00f6r Vivienne Westwood<\/em><\/p>\n<p style=\"text-align: left;\">Saken blir ju inte s\u00e4mre av att Dame Westwood designat de tv\u00e5 BR\u00d6LLOPS-br\u00f6llopskl\u00e4nningarna som \u00e4r n\u00e5got att r\u00e4kna med; dvs den som Carrie Bradshaw bar n\u00e4r hon skulle gifta sig med Mr Big och den som Dita von Teese bar n\u00e4r hon gifte sig med Marilyn Manson.<\/p>\n<p style=\"text-align: center;\"><a href=\"http:\/\/www.susannavaris.com\/blogg\/wp-content\/uploads\/2012\/05\/viviennetumblr_lm69djja9I1qk78beo1_500.jpg\"><img loading=\"lazy\" decoding=\"async\" class=\"aligncenter size-full wp-image-5445\" title=\"viviennetumblr_lm69djja9I1qk78beo1_500\" src=\"http:\/\/www.susannavaris.com\/blogg\/wp-content\/uploads\/2012\/05\/viviennetumblr_lm69djja9I1qk78beo1_500.jpg\" alt=\"\" width=\"500\" height=\"426\" srcset=\"http:\/\/www.susannavaris.com\/blogg\/wp-content\/uploads\/2012\/05\/viviennetumblr_lm69djja9I1qk78beo1_500.jpg 500w, http:\/\/www.susannavaris.com\/blogg\/wp-content\/uploads\/2012\/05\/viviennetumblr_lm69djja9I1qk78beo1_500-300x255.jpg 300w\" sizes=\"auto, (max-width: 500px) 100vw, 500px\" \/><\/a>\u00a0<em>Marilyn Manson och Dita von Teese<\/em><\/p>\n<p style=\"text-align: center;\"><a href=\"http:\/\/www.susannavaris.com\/blogg\/wp-content\/uploads\/2012\/05\/viviennesarah-jessica-parker.jpg\"><img loading=\"lazy\" decoding=\"async\" class=\"aligncenter size-full wp-image-5446\" title=\"viviennesarah-jessica-parker\" src=\"http:\/\/www.susannavaris.com\/blogg\/wp-content\/uploads\/2012\/05\/viviennesarah-jessica-parker.jpg\" alt=\"\" width=\"428\" height=\"600\" srcset=\"http:\/\/www.susannavaris.com\/blogg\/wp-content\/uploads\/2012\/05\/viviennesarah-jessica-parker.jpg 428w, http:\/\/www.susannavaris.com\/blogg\/wp-content\/uploads\/2012\/05\/viviennesarah-jessica-parker-214x300.jpg 214w\" sizes=\"auto, (max-width: 428px) 100vw, 428px\" \/><\/a>\u00a0<em>Carrie Bradshaw\/Sarah Jessica Parker i Sex and the City<\/em><\/p>\n<p style=\"text-align: center;\"><a href=\"http:\/\/www.susannavaris.com\/blogg\/wp-content\/uploads\/2012\/05\/Vivienne+Westwood+Fashion+Show+2+-iDV6VPxk6kl.jpg\"><img loading=\"lazy\" decoding=\"async\" class=\"aligncenter size-full wp-image-5447\" title=\"Vivienne+Westwood+Fashion+Show+2+-iDV6VPxk6kl\" src=\"http:\/\/www.susannavaris.com\/blogg\/wp-content\/uploads\/2012\/05\/Vivienne+Westwood+Fashion+Show+2+-iDV6VPxk6kl.jpg\" alt=\"\" width=\"394\" height=\"594\" srcset=\"http:\/\/www.susannavaris.com\/blogg\/wp-content\/uploads\/2012\/05\/Vivienne+Westwood+Fashion+Show+2+-iDV6VPxk6kl.jpg 394w, http:\/\/www.susannavaris.com\/blogg\/wp-content\/uploads\/2012\/05\/Vivienne+Westwood+Fashion+Show+2+-iDV6VPxk6kl-198x300.jpg 198w\" sizes=\"auto, (max-width: 394px) 100vw, 394px\" \/><\/a>\u00a0<em>Dita von Teese p\u00e5 en Westwood-visning<\/em><\/p>\n<p style=\"text-align: center;\"><a href=\"http:\/\/www.susannavaris.com\/blogg\/wp-content\/uploads\/2012\/05\/vivienneimg287.jpg\"><img loading=\"lazy\" decoding=\"async\" class=\"aligncenter size-full wp-image-5448\" title=\"vivienneimg287\" src=\"http:\/\/www.susannavaris.com\/blogg\/wp-content\/uploads\/2012\/05\/vivienneimg287.jpg\" alt=\"\" width=\"602\" height=\"500\" srcset=\"http:\/\/www.susannavaris.com\/blogg\/wp-content\/uploads\/2012\/05\/vivienneimg287.jpg 602w, http:\/\/www.susannavaris.com\/blogg\/wp-content\/uploads\/2012\/05\/vivienneimg287-300x249.jpg 300w\" sizes=\"auto, (max-width: 602px) 100vw, 602px\" \/><\/a>\u00a0<em>Dita modellar f\u00f6r Westwood<\/em><\/p>\n<p style=\"text-align: center;\"><a href=\"http:\/\/www.susannavaris.com\/blogg\/wp-content\/uploads\/2012\/05\/Vivienne-Westwood-for-Cole-Son-wallpapers.jpg\"><img loading=\"lazy\" decoding=\"async\" class=\"aligncenter size-full wp-image-5449\" title=\"Vivienne-Westwood-for-Cole-Son-wallpapers\" src=\"http:\/\/www.susannavaris.com\/blogg\/wp-content\/uploads\/2012\/05\/Vivienne-Westwood-for-Cole-Son-wallpapers.jpg\" alt=\"\" width=\"660\" height=\"560\" srcset=\"http:\/\/www.susannavaris.com\/blogg\/wp-content\/uploads\/2012\/05\/Vivienne-Westwood-for-Cole-Son-wallpapers.jpg 660w, http:\/\/www.susannavaris.com\/blogg\/wp-content\/uploads\/2012\/05\/Vivienne-Westwood-for-Cole-Son-wallpapers-300x254.jpg 300w\" sizes=\"auto, (max-width: 660px) 100vw, 660px\" \/><\/a>\u00a0<em>Westwood designar \u00e4ven tapeter<\/em><\/p>\n<p style=\"text-align: center;\"><a href=\"http:\/\/www.susannavaris.com\/blogg\/wp-content\/uploads\/2012\/05\/vivienneVVW1005293.jpg\"><img loading=\"lazy\" decoding=\"async\" class=\"aligncenter size-full wp-image-5450\" title=\"vivienneVVW1005293\" src=\"http:\/\/www.susannavaris.com\/blogg\/wp-content\/uploads\/2012\/05\/vivienneVVW1005293.jpg\" alt=\"\" width=\"480\" height=\"480\" srcset=\"http:\/\/www.susannavaris.com\/blogg\/wp-content\/uploads\/2012\/05\/vivienneVVW1005293.jpg 480w, http:\/\/www.susannavaris.com\/blogg\/wp-content\/uploads\/2012\/05\/vivienneVVW1005293-150x150.jpg 150w, http:\/\/www.susannavaris.com\/blogg\/wp-content\/uploads\/2012\/05\/vivienneVVW1005293-300x300.jpg 300w\" sizes=\"auto, (max-width: 480px) 100vw, 480px\" \/><\/a>\u00a0<em>En f\u00f6r\u00e4lskelse&#8230;<\/em><\/p>\n<p style=\"text-align: center;\"><a href=\"http:\/\/www.susannavaris.com\/blogg\/wp-content\/uploads\/2012\/05\/vivienne-westwood-wild-beauty.jpg\"><img loading=\"lazy\" decoding=\"async\" class=\"aligncenter size-full wp-image-5451\" title=\"vivienne-westwood-wild-beauty\" src=\"http:\/\/www.susannavaris.com\/blogg\/wp-content\/uploads\/2012\/05\/vivienne-westwood-wild-beauty.jpg\" alt=\"\" width=\"350\" height=\"350\" srcset=\"http:\/\/www.susannavaris.com\/blogg\/wp-content\/uploads\/2012\/05\/vivienne-westwood-wild-beauty.jpg 350w, http:\/\/www.susannavaris.com\/blogg\/wp-content\/uploads\/2012\/05\/vivienne-westwood-wild-beauty-150x150.jpg 150w, http:\/\/www.susannavaris.com\/blogg\/wp-content\/uploads\/2012\/05\/vivienne-westwood-wild-beauty-300x300.jpg 300w\" sizes=\"auto, (max-width: 350px) 100vw, 350px\" \/><\/a>\u00a0<em>Westwood i en klassisk pose<\/em><\/p>\n<p style=\"text-align: center;\"><a href=\"http:\/\/www.susannavaris.com\/blogg\/wp-content\/uploads\/2012\/05\/vivienneagentprovo.jpg\"><img loading=\"lazy\" decoding=\"async\" class=\"aligncenter size-full wp-image-5452\" title=\"vivienneagentprovo\" src=\"http:\/\/www.susannavaris.com\/blogg\/wp-content\/uploads\/2012\/05\/vivienneagentprovo.jpg\" alt=\"\" width=\"759\" height=\"531\" srcset=\"http:\/\/www.susannavaris.com\/blogg\/wp-content\/uploads\/2012\/05\/vivienneagentprovo.jpg 759w, http:\/\/www.susannavaris.com\/blogg\/wp-content\/uploads\/2012\/05\/vivienneagentprovo-300x209.jpg 300w\" sizes=\"auto, (max-width: 759px) 100vw, 759px\" \/><\/a><em>\u00a0Westwoods och McLarens son \u00e4ger och driver f\u00f6retaget Agent Provocateur<\/em><\/p>\n<p style=\"text-align: center;\"><a href=\"http:\/\/www.susannavaris.com\/blogg\/wp-content\/uploads\/2012\/05\/vivienneagent-provocateur-bride1.jpg\"><img loading=\"lazy\" decoding=\"async\" class=\"aligncenter size-full wp-image-5453\" title=\"vivienneagent-provocateur-bride1\" src=\"http:\/\/www.susannavaris.com\/blogg\/wp-content\/uploads\/2012\/05\/vivienneagent-provocateur-bride1.jpg\" alt=\"\" width=\"529\" height=\"701\" srcset=\"http:\/\/www.susannavaris.com\/blogg\/wp-content\/uploads\/2012\/05\/vivienneagent-provocateur-bride1.jpg 529w, http:\/\/www.susannavaris.com\/blogg\/wp-content\/uploads\/2012\/05\/vivienneagent-provocateur-bride1-226x300.jpg 226w\" sizes=\"auto, (max-width: 529px) 100vw, 529px\" \/><\/a>\u00a0<em>Brudunderkl\u00e4der i Agent Provocateurs tolkning&#8230;<\/em><\/p>\n<p style=\"text-align: center;\">Snart blir det London och jag f\u00e5r se om jag lyckas uppbringa motst\u00e5ndskraft nog&#8230;n\u00e5got fr\u00e5n Westwood och en Queen Elizabeth II-mugg!<\/p>\n<p>&nbsp;<\/p>\n","protected":false},"excerpt":{"rendered":"<p>Pl\u00f6tsligt, som en blixt fr\u00e5n en klar himmel, som en champagnekork som flyger ut, small en f\u00f6r\u00e4lskelse till Vivienne Westwood till. Westwood har i min v\u00e4rld f\u00e5tt i 30 \u00e5rs tid h\u00e4nga med p\u00e5 min avoga inst\u00e4llning till Malcolm McLaren. &hellip; <a href=\"http:\/\/www.susannavaris.com\/blogg\/2012\/05\/allt-ar-forlatet\/\">Forts\u00e4tt l\u00e4sa <span class=\"meta-nav\">&rarr;<\/span><\/a><\/p>\n","protected":false},"author":1,"featured_media":0,"comment_status":"open","ping_status":"open","sticky":false,"template":"","format":"standard","meta":{"footnotes":""},"categories":[674,213,3,1162,12,14,994,1],"tags":[1775,45,1770,16,1772,1773,1500,72,1771,681,1774],"class_list":["post-5428","post","type-post","status-publish","format-standard","hentry","category-historia","category-inredning","category-konst","category-kultur","category-marilyn-manson","category-mode","category-musik","category-okategoriserade","tag-brollopsklanning","tag-dita-von-teese","tag-malcoml-mclaren","tag-marilyn-manson-2","tag-pamela-anderson","tag-sarah-jessica-parker","tag-sex","tag-sex-and-the-city","tag-sex-pistols","tag-vivienne-westwood","tag-weddinggown"],"_links":{"self":[{"href":"http:\/\/www.susannavaris.com\/blogg\/wp-json\/wp\/v2\/posts\/5428","targetHints":{"allow":["GET"]}}],"collection":[{"href":"http:\/\/www.susannavaris.com\/blogg\/wp-json\/wp\/v2\/posts"}],"about":[{"href":"http:\/\/www.susannavaris.com\/blogg\/wp-json\/wp\/v2\/types\/post"}],"author":[{"embeddable":true,"href":"http:\/\/www.susannavaris.com\/blogg\/wp-json\/wp\/v2\/users\/1"}],"replies":[{"embeddable":true,"href":"http:\/\/www.susannavaris.com\/blogg\/wp-json\/wp\/v2\/comments?post=5428"}],"version-history":[{"count":3,"href":"http:\/\/www.susannavaris.com\/blogg\/wp-json\/wp\/v2\/posts\/5428\/revisions"}],"predecessor-version":[{"id":5456,"href":"http:\/\/www.susannavaris.com\/blogg\/wp-json\/wp\/v2\/posts\/5428\/revisions\/5456"}],"wp:attachment":[{"href":"http:\/\/www.susannavaris.com\/blogg\/wp-json\/wp\/v2\/media?parent=5428"}],"wp:term":[{"taxonomy":"category","embeddable":true,"href":"http:\/\/www.susannavaris.com\/blogg\/wp-json\/wp\/v2\/categories?post=5428"},{"taxonomy":"post_tag","embeddable":true,"href":"http:\/\/www.susannavaris.com\/blogg\/wp-json\/wp\/v2\/tags?post=5428"}],"curies":[{"name":"wp","href":"https:\/\/api.w.org\/{rel}","templated":true}]}}