{"id":5461,"date":"2012-05-10T22:52:54","date_gmt":"2012-05-10T20:52:54","guid":{"rendered":"http:\/\/www.susannavaris.com\/blogg\/?p=5461"},"modified":"2012-05-10T22:52:54","modified_gmt":"2012-05-10T20:52:54","slug":"lucem-ferre-iii","status":"publish","type":"post","link":"http:\/\/www.susannavaris.com\/blogg\/2012\/05\/lucem-ferre-iii\/","title":{"rendered":"Lucem Ferre III"},"content":{"rendered":"<p>Trots att jag \u00e5terigen k\u00e4nner mig skakig, som om jag hade l\u00e5gt blodsocker (samma sak imorse, jag m\u00e5dde j\u00e4tted\u00e5ligt), s\u00e5 lyckades jag f\u00e4rdigst\u00e4lla ett till collage idag:<\/p>\n<p style=\"text-align: center;\"><a href=\"http:\/\/www.susannavaris.com\/blogg\/wp-content\/uploads\/2012\/05\/Lucem-Ferre-III-50-text.jpg\"><img loading=\"lazy\" decoding=\"async\" class=\"aligncenter size-large wp-image-5462\" title=\"Lucem Ferre III 50 text\" src=\"http:\/\/www.susannavaris.com\/blogg\/wp-content\/uploads\/2012\/05\/Lucem-Ferre-III-50-text-724x1024.jpg\" alt=\"\" width=\"640\" height=\"905\" srcset=\"http:\/\/www.susannavaris.com\/blogg\/wp-content\/uploads\/2012\/05\/Lucem-Ferre-III-50-text-724x1024.jpg 724w, http:\/\/www.susannavaris.com\/blogg\/wp-content\/uploads\/2012\/05\/Lucem-Ferre-III-50-text-212x300.jpg 212w, http:\/\/www.susannavaris.com\/blogg\/wp-content\/uploads\/2012\/05\/Lucem-Ferre-III-50-text.jpg 1306w\" sizes=\"auto, (max-width: 640px) 100vw, 640px\" \/><\/a>\u00a0<em>Lucem Ferre III, mixed media 2012. Susanna Varis<\/em><\/p>\n","protected":false},"excerpt":{"rendered":"<p>Trots att jag \u00e5terigen k\u00e4nner mig skakig, som om jag hade l\u00e5gt blodsocker (samma sak imorse, jag m\u00e5dde j\u00e4tted\u00e5ligt), s\u00e5 lyckades jag f\u00e4rdigst\u00e4lla ett till collage idag: \u00a0Lucem Ferre III, mixed media 2012. Susanna Varis<\/p>\n","protected":false},"author":1,"featured_media":0,"comment_status":"open","ping_status":"open","sticky":false,"template":"","format":"standard","meta":{"footnotes":""},"categories":[7,3,1162,12,1,303],"tags":[1777,164,1778,16,103,236],"class_list":["post-5461","post","type-post","status-publish","format-standard","hentry","category-egna-verk","category-konst","category-kultur","category-marilyn-manson","category-okategoriserade","category-religion","tag-blyfonster","tag-collage","tag-lucem-ferre-iii","tag-marilyn-manson-2","tag-mixed-media","tag-mm"],"_links":{"self":[{"href":"http:\/\/www.susannavaris.com\/blogg\/wp-json\/wp\/v2\/posts\/5461","targetHints":{"allow":["GET"]}}],"collection":[{"href":"http:\/\/www.susannavaris.com\/blogg\/wp-json\/wp\/v2\/posts"}],"about":[{"href":"http:\/\/www.susannavaris.com\/blogg\/wp-json\/wp\/v2\/types\/post"}],"author":[{"embeddable":true,"href":"http:\/\/www.susannavaris.com\/blogg\/wp-json\/wp\/v2\/users\/1"}],"replies":[{"embeddable":true,"href":"http:\/\/www.susannavaris.com\/blogg\/wp-json\/wp\/v2\/comments?post=5461"}],"version-history":[{"count":2,"href":"http:\/\/www.susannavaris.com\/blogg\/wp-json\/wp\/v2\/posts\/5461\/revisions"}],"predecessor-version":[{"id":5464,"href":"http:\/\/www.susannavaris.com\/blogg\/wp-json\/wp\/v2\/posts\/5461\/revisions\/5464"}],"wp:attachment":[{"href":"http:\/\/www.susannavaris.com\/blogg\/wp-json\/wp\/v2\/media?parent=5461"}],"wp:term":[{"taxonomy":"category","embeddable":true,"href":"http:\/\/www.susannavaris.com\/blogg\/wp-json\/wp\/v2\/categories?post=5461"},{"taxonomy":"post_tag","embeddable":true,"href":"http:\/\/www.susannavaris.com\/blogg\/wp-json\/wp\/v2\/tags?post=5461"}],"curies":[{"name":"wp","href":"https:\/\/api.w.org\/{rel}","templated":true}]}}