{"id":5466,"date":"2012-05-11T22:18:16","date_gmt":"2012-05-11T20:18:16","guid":{"rendered":"http:\/\/www.susannavaris.com\/blogg\/?p=5466"},"modified":"2012-05-11T22:18:16","modified_gmt":"2012-05-11T20:18:16","slug":"fredagen-den-elfte","status":"publish","type":"post","link":"http:\/\/www.susannavaris.com\/blogg\/2012\/05\/fredagen-den-elfte\/","title":{"rendered":"Fredagen den elfte"},"content":{"rendered":"<p>Bloggen kommer att ta ett litet break, g\u00e5 i ide litegrann, ligga och ruva, bida sin tid&#8230;bara en kortare tid, sedan kommer jag tillbaka med full kraft! S\u00e5 hav t\u00e5lamod&#8230;<\/p>\n<p style=\"text-align: center;\"><a href=\"http:\/\/www.susannavaris.com\/blogg\/wp-content\/uploads\/2012\/05\/DSC_0001-50.jpg\"><img loading=\"lazy\" decoding=\"async\" class=\"aligncenter size-large wp-image-5467\" title=\"DSC_0001-50\" src=\"http:\/\/www.susannavaris.com\/blogg\/wp-content\/uploads\/2012\/05\/DSC_0001-50-682x1024.jpg\" alt=\"\" width=\"640\" height=\"960\" srcset=\"http:\/\/www.susannavaris.com\/blogg\/wp-content\/uploads\/2012\/05\/DSC_0001-50-682x1024.jpg 682w, http:\/\/www.susannavaris.com\/blogg\/wp-content\/uploads\/2012\/05\/DSC_0001-50-200x300.jpg 200w, http:\/\/www.susannavaris.com\/blogg\/wp-content\/uploads\/2012\/05\/DSC_0001-50.jpg 1536w\" sizes=\"auto, (max-width: 640px) 100vw, 640px\" \/><\/a>\u00a0<em>Titta vilken underbar lavendel jag fick av Uffe idag&#8230;<\/em><\/p>\n<p style=\"text-align: center;\"><a href=\"http:\/\/www.susannavaris.com\/blogg\/wp-content\/uploads\/2012\/05\/DSC_0002-50.jpg\"><img loading=\"lazy\" decoding=\"async\" class=\"aligncenter size-large wp-image-5468\" title=\"DSC_0002-50\" src=\"http:\/\/www.susannavaris.com\/blogg\/wp-content\/uploads\/2012\/05\/DSC_0002-50-1024x548.jpg\" alt=\"\" width=\"640\" height=\"342\" srcset=\"http:\/\/www.susannavaris.com\/blogg\/wp-content\/uploads\/2012\/05\/DSC_0002-50-1024x548.jpg 1024w, http:\/\/www.susannavaris.com\/blogg\/wp-content\/uploads\/2012\/05\/DSC_0002-50-300x160.jpg 300w\" sizes=\"auto, (max-width: 640px) 100vw, 640px\" \/><\/a>\u00a0<em>Till och med det lilla porslinshandtaget \u00e4r dekorerat med lavendelmotiv&#8230;<\/em><\/p>\n<p style=\"text-align: center;\">Annars kurerar jag mig mest fortfarande. F\u00f6rbannade sega f\u00f6rkylningsdj***ar! Ett litet samarbete \u00f6ver datorn hade jag dock med en konstn\u00e4rskollega fr\u00e5n Wien, Kat Starchild:<\/p>\n<p style=\"text-align: center;\"><a href=\"http:\/\/www.susannavaris.com\/blogg\/wp-content\/uploads\/2012\/05\/katarab01.jpg\"><img loading=\"lazy\" decoding=\"async\" class=\"aligncenter size-full wp-image-5469\" title=\"katarab01\" src=\"http:\/\/www.susannavaris.com\/blogg\/wp-content\/uploads\/2012\/05\/katarab01.jpg\" alt=\"\" width=\"960\" height=\"516\" srcset=\"http:\/\/www.susannavaris.com\/blogg\/wp-content\/uploads\/2012\/05\/katarab01.jpg 960w, http:\/\/www.susannavaris.com\/blogg\/wp-content\/uploads\/2012\/05\/katarab01-300x161.jpg 300w\" sizes=\"auto, (max-width: 960px) 100vw, 960px\" \/><\/a><\/p>\n<p style=\"text-align: center;\"><em>Baserad p\u00e5 min m\u00e5lning The Arab fr\u00e5n 1991.<\/em><\/p>\n<p style=\"text-align: center;\"><a href=\"http:\/\/www.myspace.com\/starchilds_magic_shop\">http:\/\/www.myspace.com\/starchilds_magic_shop<\/a><\/p>\n<p style=\"text-align: center;\">Aprop\u00e5 det s\u00e5 finns det nu tv\u00e5 provtryck p\u00e5 araben till salu:<\/p>\n<p style=\"text-align: center;\"><a href=\"http:\/\/www.susannavaris.com\/blogg\/wp-content\/uploads\/2012\/05\/Arab-giclee-50-original-text.jpg\"><img loading=\"lazy\" decoding=\"async\" class=\"aligncenter size-large wp-image-5470\" title=\"Arab giclee 50 original text\" src=\"http:\/\/www.susannavaris.com\/blogg\/wp-content\/uploads\/2012\/05\/Arab-giclee-50-original-text-776x1024.jpg\" alt=\"\" width=\"640\" height=\"844\" srcset=\"http:\/\/www.susannavaris.com\/blogg\/wp-content\/uploads\/2012\/05\/Arab-giclee-50-original-text-776x1024.jpg 776w, http:\/\/www.susannavaris.com\/blogg\/wp-content\/uploads\/2012\/05\/Arab-giclee-50-original-text-227x300.jpg 227w, http:\/\/www.susannavaris.com\/blogg\/wp-content\/uploads\/2012\/05\/Arab-giclee-50-original-text.jpg 1405w\" sizes=\"auto, (max-width: 640px) 100vw, 640px\" \/><\/a><\/p>\n<div id=\"fbPhotoSnowliftCaption\">Arab<br \/>\nwater colour 1991 (no text on the original, naturally)<\/p>\n<p>Fine art gicl\u00e9e print on Hahnem\u00fchle German Etching 310 watercolour paper. Testprint. Will be signed individually.<\/p>\n<p>Size: A4<br \/>\nSEK 300 \/ 38 Euro \/ 50 $<\/p><\/div>\n<div id=\"fbPhotoSnowliftPagesTagList\"><\/div>\n<div id=\"fbPhotoSnowliftLegacyTagList\"><\/div>\n<div id=\"fbPhotoSnowliftOwnerButtons\">\u00a0<a href=\"http:\/\/www.susannavaris.com\/blogg\/wp-content\/uploads\/2012\/05\/Arab-giclee-50-bearb-text.jpg\"><img loading=\"lazy\" decoding=\"async\" class=\"aligncenter size-large wp-image-5471\" title=\"Arab giclee 50 bearb text\" src=\"http:\/\/www.susannavaris.com\/blogg\/wp-content\/uploads\/2012\/05\/Arab-giclee-50-bearb-text-767x1024.jpg\" alt=\"\" width=\"640\" height=\"854\" srcset=\"http:\/\/www.susannavaris.com\/blogg\/wp-content\/uploads\/2012\/05\/Arab-giclee-50-bearb-text-767x1024.jpg 767w, http:\/\/www.susannavaris.com\/blogg\/wp-content\/uploads\/2012\/05\/Arab-giclee-50-bearb-text-224x300.jpg 224w, http:\/\/www.susannavaris.com\/blogg\/wp-content\/uploads\/2012\/05\/Arab-giclee-50-bearb-text.jpg 1420w\" sizes=\"auto, (max-width: 640px) 100vw, 640px\" \/><\/a>\u00a0Arab<br \/>\nwater colour 1991 (no text on the original, naturally)<\/p>\n<p>Fine art gicl\u00e9e print on Hahnem\u00fchle German Etching 310 watercolour paper. Testprint, modified. Will be signed individually.<\/p>\n<p>Size: A4<br \/>\nSEK 350 \/ 44 Euro \/ 58 $<\/p><\/div>\n<div><\/div>\n<p>Kontakta mig h\u00e4r p\u00e5 bloggen, p\u00e5 Facebook eller p\u00e5 susannavaris@gmail.com vid intresse!<\/p>\n<p>&nbsp;<\/p>\n","protected":false},"excerpt":{"rendered":"<p>Bloggen kommer att ta ett litet break, g\u00e5 i ide litegrann, ligga och ruva, bida sin tid&#8230;bara en kortare tid, sedan kommer jag tillbaka med full kraft! S\u00e5 hav t\u00e5lamod&#8230; \u00a0Titta vilken underbar lavendel jag fick av Uffe idag&#8230; \u00a0Till &hellip; <a href=\"http:\/\/www.susannavaris.com\/blogg\/2012\/05\/fredagen-den-elfte\/\">Forts\u00e4tt l\u00e4sa <span class=\"meta-nav\">&rarr;<\/span><\/a><\/p>\n","protected":false},"author":1,"featured_media":0,"comment_status":"open","ping_status":"open","sticky":false,"template":"","format":"standard","meta":{"footnotes":""},"categories":[7,213,3,1162,1],"tags":[31,1779,972,683,76,869,1780,295,868],"class_list":["post-5466","post","type-post","status-publish","format-standard","hentry","category-egna-verk","category-inredning","category-konst","category-kultur","category-okategoriserade","tag-akvarell","tag-arab","tag-fine-art-giclee","tag-gicleetryck","tag-kat-starchild","tag-painting","tag-the-arab","tag-water-color","tag-watercolour"],"_links":{"self":[{"href":"http:\/\/www.susannavaris.com\/blogg\/wp-json\/wp\/v2\/posts\/5466","targetHints":{"allow":["GET"]}}],"collection":[{"href":"http:\/\/www.susannavaris.com\/blogg\/wp-json\/wp\/v2\/posts"}],"about":[{"href":"http:\/\/www.susannavaris.com\/blogg\/wp-json\/wp\/v2\/types\/post"}],"author":[{"embeddable":true,"href":"http:\/\/www.susannavaris.com\/blogg\/wp-json\/wp\/v2\/users\/1"}],"replies":[{"embeddable":true,"href":"http:\/\/www.susannavaris.com\/blogg\/wp-json\/wp\/v2\/comments?post=5466"}],"version-history":[{"count":2,"href":"http:\/\/www.susannavaris.com\/blogg\/wp-json\/wp\/v2\/posts\/5466\/revisions"}],"predecessor-version":[{"id":5473,"href":"http:\/\/www.susannavaris.com\/blogg\/wp-json\/wp\/v2\/posts\/5466\/revisions\/5473"}],"wp:attachment":[{"href":"http:\/\/www.susannavaris.com\/blogg\/wp-json\/wp\/v2\/media?parent=5466"}],"wp:term":[{"taxonomy":"category","embeddable":true,"href":"http:\/\/www.susannavaris.com\/blogg\/wp-json\/wp\/v2\/categories?post=5466"},{"taxonomy":"post_tag","embeddable":true,"href":"http:\/\/www.susannavaris.com\/blogg\/wp-json\/wp\/v2\/tags?post=5466"}],"curies":[{"name":"wp","href":"https:\/\/api.w.org\/{rel}","templated":true}]}}