{"id":5474,"date":"2012-05-20T16:57:56","date_gmt":"2012-05-20T14:57:56","guid":{"rendered":"http:\/\/www.susannavaris.com\/blogg\/?p=5474"},"modified":"2012-05-20T16:57:56","modified_gmt":"2012-05-20T14:57:56","slug":"back-in-business-london-del-i","status":"publish","type":"post","link":"http:\/\/www.susannavaris.com\/blogg\/2012\/05\/back-in-business-london-del-i\/","title":{"rendered":"Back in business (London del I)"},"content":{"rendered":"<p>D\u00e5 \u00e4r bloggens v\u00e5ride \u00f6verst\u00f6kad och vi \u00e4r tillbaka p\u00e5 banan. Senaste veckan har tilldragit sig i London f\u00f6r v\u00e5r del och utan st\u00f6rre \u00e5th\u00e4vor kommer h\u00e4r lite resbilder:<\/p>\n<p style=\"text-align: center;\"><a href=\"http:\/\/www.susannavaris.com\/blogg\/wp-content\/uploads\/2012\/05\/DSC_0005-50.jpg\"><img loading=\"lazy\" decoding=\"async\" class=\"aligncenter size-large wp-image-5475\" title=\"DSC_0005-50\" src=\"http:\/\/www.susannavaris.com\/blogg\/wp-content\/uploads\/2012\/05\/DSC_0005-50-1024x682.jpg\" alt=\"\" width=\"640\" height=\"426\" srcset=\"http:\/\/www.susannavaris.com\/blogg\/wp-content\/uploads\/2012\/05\/DSC_0005-50-1024x682.jpg 1024w, http:\/\/www.susannavaris.com\/blogg\/wp-content\/uploads\/2012\/05\/DSC_0005-50-300x200.jpg 300w\" sizes=\"auto, (max-width: 640px) 100vw, 640px\" \/><\/a>\u00a0<em>Vi bes\u00f6kte morbror Juha, som bor i London<\/em><\/p>\n<p style=\"text-align: center;\"><a href=\"http:\/\/www.susannavaris.com\/blogg\/wp-content\/uploads\/2012\/05\/DSC_0006-crop-50.jpg\"><img loading=\"lazy\" decoding=\"async\" class=\"aligncenter size-large wp-image-5476\" title=\"DSC_0006-crop-50\" src=\"http:\/\/www.susannavaris.com\/blogg\/wp-content\/uploads\/2012\/05\/DSC_0006-crop-50-1024x765.jpg\" alt=\"\" width=\"640\" height=\"478\" srcset=\"http:\/\/www.susannavaris.com\/blogg\/wp-content\/uploads\/2012\/05\/DSC_0006-crop-50-1024x765.jpg 1024w, http:\/\/www.susannavaris.com\/blogg\/wp-content\/uploads\/2012\/05\/DSC_0006-crop-50-300x224.jpg 300w\" sizes=\"auto, (max-width: 640px) 100vw, 640px\" \/><\/a>\u00a0<em>Juhas fru Geraldine g\u00f6dde oss med allehanda buffeer fr\u00e5n morgon till kv\u00e4ll, s\u00e5 fort vi var p\u00e5 plats&#8230;<\/em><\/p>\n<p style=\"text-align: center;\"><a href=\"http:\/\/www.susannavaris.com\/blogg\/wp-content\/uploads\/2012\/05\/DSC_0007-50.jpg\"><img loading=\"lazy\" decoding=\"async\" class=\"aligncenter size-large wp-image-5477\" title=\"DSC_0007-50\" src=\"http:\/\/www.susannavaris.com\/blogg\/wp-content\/uploads\/2012\/05\/DSC_0007-50-1024x682.jpg\" alt=\"\" width=\"640\" height=\"426\" srcset=\"http:\/\/www.susannavaris.com\/blogg\/wp-content\/uploads\/2012\/05\/DSC_0007-50-1024x682.jpg 1024w, http:\/\/www.susannavaris.com\/blogg\/wp-content\/uploads\/2012\/05\/DSC_0007-50-300x200.jpg 300w\" sizes=\"auto, (max-width: 640px) 100vw, 640px\" \/><\/a>\u00a0<em>Morbror Juha (Lukkarinen) vid sitt arbetsbord. Bilar, m\u00e5leri och bloggande \u00e4r stora intressen&#8230;<\/em><\/p>\n<p style=\"text-align: center;\"><a href=\"http:\/\/www.susannavaris.com\/blogg\/wp-content\/uploads\/2012\/05\/DSC_0009-crop.jpg\"><img loading=\"lazy\" decoding=\"async\" class=\"aligncenter size-large wp-image-5478\" title=\"DSC_0009-crop\" src=\"http:\/\/www.susannavaris.com\/blogg\/wp-content\/uploads\/2012\/05\/DSC_0009-crop-1024x734.jpg\" alt=\"\" width=\"640\" height=\"458\" srcset=\"http:\/\/www.susannavaris.com\/blogg\/wp-content\/uploads\/2012\/05\/DSC_0009-crop-1024x734.jpg 1024w, http:\/\/www.susannavaris.com\/blogg\/wp-content\/uploads\/2012\/05\/DSC_0009-crop-300x215.jpg 300w\" sizes=\"auto, (max-width: 640px) 100vw, 640px\" \/><\/a><\/p>\n<p style=\"text-align: center;\"><a href=\"http:\/\/www.susannavaris.com\/blogg\/wp-content\/uploads\/2012\/05\/DSC_0014-50.jpg\"><img loading=\"lazy\" decoding=\"async\" class=\"aligncenter size-large wp-image-5479\" title=\"DSC_0014-50\" src=\"http:\/\/www.susannavaris.com\/blogg\/wp-content\/uploads\/2012\/05\/DSC_0014-50-1024x682.jpg\" alt=\"\" width=\"640\" height=\"426\" srcset=\"http:\/\/www.susannavaris.com\/blogg\/wp-content\/uploads\/2012\/05\/DSC_0014-50-1024x682.jpg 1024w, http:\/\/www.susannavaris.com\/blogg\/wp-content\/uploads\/2012\/05\/DSC_0014-50-300x200.jpg 300w\" sizes=\"auto, (max-width: 640px) 100vw, 640px\" \/><\/a>\u00a0<em>Denna fish and chips var betydligt godare \u00e4n den jag senast provade p\u00e5 80-talet&#8230;<\/em><\/p>\n<p style=\"text-align: center;\"><a href=\"http:\/\/www.susannavaris.com\/blogg\/wp-content\/uploads\/2012\/05\/DSC_0017-50.jpg\"><img loading=\"lazy\" decoding=\"async\" class=\"aligncenter size-large wp-image-5480\" title=\"DSC_0017-50\" src=\"http:\/\/www.susannavaris.com\/blogg\/wp-content\/uploads\/2012\/05\/DSC_0017-50-1024x682.jpg\" alt=\"\" width=\"640\" height=\"426\" srcset=\"http:\/\/www.susannavaris.com\/blogg\/wp-content\/uploads\/2012\/05\/DSC_0017-50-1024x682.jpg 1024w, http:\/\/www.susannavaris.com\/blogg\/wp-content\/uploads\/2012\/05\/DSC_0017-50-300x200.jpg 300w\" sizes=\"auto, (max-width: 640px) 100vw, 640px\" \/><\/a>\u00a0<em>Trafalgar Square sedd fr\u00e5n National Gallery. Vi tillbringade en hel del tid inne p\u00e5 galleriet och hann igenom tre av fyra avdelningar samt en v\u00e5ning p\u00e5 National Portrait Gallery.<\/em><\/p>\n<p style=\"text-align: center;\">National Gallery \u00e4r sj\u00e4lvklart en skattkammare f\u00f6r alla konst\u00e4lskare. N\u00e5gra av mina favoriter bland det vi s\u00e5g (vi hann inte med avdelningen f\u00f6r modern konst):<\/p>\n<p style=\"text-align: center;\"><a href=\"http:\/\/www.susannavaris.com\/blogg\/wp-content\/uploads\/2012\/05\/ambassadorsholbeinyounger.jpg\"><img loading=\"lazy\" decoding=\"async\" class=\"aligncenter size-full wp-image-5491\" title=\"ambassadorsholbeinyounger\" src=\"http:\/\/www.susannavaris.com\/blogg\/wp-content\/uploads\/2012\/05\/ambassadorsholbeinyounger.jpg\" alt=\"\" width=\"608\" height=\"600\" srcset=\"http:\/\/www.susannavaris.com\/blogg\/wp-content\/uploads\/2012\/05\/ambassadorsholbeinyounger.jpg 608w, http:\/\/www.susannavaris.com\/blogg\/wp-content\/uploads\/2012\/05\/ambassadorsholbeinyounger-300x296.jpg 300w\" sizes=\"auto, (max-width: 608px) 100vw, 608px\" \/><\/a>\u00a0<em>The Ambassadors av Hans Holbein den yngre<\/em><\/p>\n<p style=\"text-align: center;\"><a href=\"http:\/\/www.susannavaris.com\/blogg\/wp-content\/uploads\/2012\/05\/Botticelli_Mars_and_Venus.jpg\"><img loading=\"lazy\" decoding=\"async\" class=\"aligncenter size-full wp-image-5492\" title=\"Botticelli_Mars_and_Venus\" src=\"http:\/\/www.susannavaris.com\/blogg\/wp-content\/uploads\/2012\/05\/Botticelli_Mars_and_Venus.jpg\" alt=\"\" width=\"728\" height=\"323\" srcset=\"http:\/\/www.susannavaris.com\/blogg\/wp-content\/uploads\/2012\/05\/Botticelli_Mars_and_Venus.jpg 728w, http:\/\/www.susannavaris.com\/blogg\/wp-content\/uploads\/2012\/05\/Botticelli_Mars_and_Venus-300x133.jpg 300w\" sizes=\"auto, (max-width: 728px) 100vw, 728px\" \/><\/a>\u00a0<em>Venus and Mars av Sandro Botticelli<\/em><\/p>\n<p style=\"text-align: center;\"><a href=\"http:\/\/www.susannavaris.com\/blogg\/wp-content\/uploads\/2012\/05\/hieronymus-bosch-christ-mocked-crowning-with-thorns.jpg\"><img loading=\"lazy\" decoding=\"async\" class=\"aligncenter size-large wp-image-5493\" title=\"hieronymus-bosch-christ-mocked-(crowning-with-thorns)\" src=\"http:\/\/www.susannavaris.com\/blogg\/wp-content\/uploads\/2012\/05\/hieronymus-bosch-christ-mocked-crowning-with-thorns-823x1024.jpg\" alt=\"\" width=\"640\" height=\"796\" srcset=\"http:\/\/www.susannavaris.com\/blogg\/wp-content\/uploads\/2012\/05\/hieronymus-bosch-christ-mocked-crowning-with-thorns-823x1024.jpg 823w, http:\/\/www.susannavaris.com\/blogg\/wp-content\/uploads\/2012\/05\/hieronymus-bosch-christ-mocked-crowning-with-thorns-241x300.jpg 241w, http:\/\/www.susannavaris.com\/blogg\/wp-content\/uploads\/2012\/05\/hieronymus-bosch-christ-mocked-crowning-with-thorns.jpg 900w\" sizes=\"auto, (max-width: 640px) 100vw, 640px\" \/><\/a>\u00a0<em>Christ Mocked av Hieronymus Bosch<\/em><\/p>\n<p style=\"text-align: center;\"><a href=\"http:\/\/www.susannavaris.com\/blogg\/wp-content\/uploads\/2012\/05\/van-eyck-arnolfini-large-resized-600.png\"><img loading=\"lazy\" decoding=\"async\" class=\"aligncenter size-full wp-image-5494\" title=\"van eyck arnolfini large-resized-600\" src=\"http:\/\/www.susannavaris.com\/blogg\/wp-content\/uploads\/2012\/05\/van-eyck-arnolfini-large-resized-600.png\" alt=\"\" width=\"600\" height=\"823\" srcset=\"http:\/\/www.susannavaris.com\/blogg\/wp-content\/uploads\/2012\/05\/van-eyck-arnolfini-large-resized-600.png 600w, http:\/\/www.susannavaris.com\/blogg\/wp-content\/uploads\/2012\/05\/van-eyck-arnolfini-large-resized-600-218x300.png 218w\" sizes=\"auto, (max-width: 600px) 100vw, 600px\" \/><\/a>\u00a0<em>The Arnolfini Portrait av van Eyck<\/em><\/p>\n<p style=\"text-align: center;\"><a href=\"http:\/\/www.nationalgallery.org.uk\/\">http:\/\/www.nationalgallery.org.uk\/<\/a><\/p>\n<p style=\"text-align: center;\"><a href=\"http:\/\/www.susannavaris.com\/blogg\/wp-content\/uploads\/2012\/05\/DSC_0018-50.jpg\"><img loading=\"lazy\" decoding=\"async\" class=\"aligncenter size-large wp-image-5481\" title=\"DSC_0018-50\" src=\"http:\/\/www.susannavaris.com\/blogg\/wp-content\/uploads\/2012\/05\/DSC_0018-50-1024x682.jpg\" alt=\"\" width=\"640\" height=\"426\" srcset=\"http:\/\/www.susannavaris.com\/blogg\/wp-content\/uploads\/2012\/05\/DSC_0018-50-1024x682.jpg 1024w, http:\/\/www.susannavaris.com\/blogg\/wp-content\/uploads\/2012\/05\/DSC_0018-50-300x200.jpg 300w\" sizes=\"auto, (max-width: 640px) 100vw, 640px\" \/><\/a>\u00a0<em>En samling statyer av en polsk konstn\u00e4r. Statyerna har turnerat runtom i Europa, de \u00e4r tillverkade av tr\u00e4d fr\u00e5n en skog n\u00e4ra konstn\u00e4rens hembygd och finns f\u00f6r tillf\u00e4llet i St Martin in the Fields vid Trafalgar Square.<\/em><\/p>\n<p style=\"text-align: center;\"><a href=\"http:\/\/www.susannavaris.com\/blogg\/wp-content\/uploads\/2012\/05\/DSC_0019-50.jpg\"><img loading=\"lazy\" decoding=\"async\" class=\"aligncenter size-large wp-image-5482\" title=\"DSC_0019-50\" src=\"http:\/\/www.susannavaris.com\/blogg\/wp-content\/uploads\/2012\/05\/DSC_0019-50-682x1024.jpg\" alt=\"\" width=\"640\" height=\"960\" srcset=\"http:\/\/www.susannavaris.com\/blogg\/wp-content\/uploads\/2012\/05\/DSC_0019-50-682x1024.jpg 682w, http:\/\/www.susannavaris.com\/blogg\/wp-content\/uploads\/2012\/05\/DSC_0019-50-200x300.jpg 200w, http:\/\/www.susannavaris.com\/blogg\/wp-content\/uploads\/2012\/05\/DSC_0019-50.jpg 1536w\" sizes=\"auto, (max-width: 640px) 100vw, 640px\" \/><\/a><em>\u00a0Lite glass till espresson&#8230;<\/em><\/p>\n<p style=\"text-align: center;\"><a href=\"http:\/\/www.susannavaris.com\/blogg\/wp-content\/uploads\/2012\/05\/DSC_0025-50.jpg\"><img loading=\"lazy\" decoding=\"async\" class=\"aligncenter size-large wp-image-5483\" title=\"DSC_0025-50\" src=\"http:\/\/www.susannavaris.com\/blogg\/wp-content\/uploads\/2012\/05\/DSC_0025-50-1024x682.jpg\" alt=\"\" width=\"640\" height=\"426\" srcset=\"http:\/\/www.susannavaris.com\/blogg\/wp-content\/uploads\/2012\/05\/DSC_0025-50-1024x682.jpg 1024w, http:\/\/www.susannavaris.com\/blogg\/wp-content\/uploads\/2012\/05\/DSC_0025-50-300x200.jpg 300w\" sizes=\"auto, (max-width: 640px) 100vw, 640px\" \/><\/a>\u00a0<em>Inuti en av telefonkioskerna i Soho, kontakts\u00f6kande flickor&#8230;<\/em><\/p>\n<p style=\"text-align: center;\"><a href=\"http:\/\/www.susannavaris.com\/blogg\/wp-content\/uploads\/2012\/05\/DSC_0027-50.jpg\"><img loading=\"lazy\" decoding=\"async\" class=\"aligncenter size-large wp-image-5484\" title=\"DSC_0027-50\" src=\"http:\/\/www.susannavaris.com\/blogg\/wp-content\/uploads\/2012\/05\/DSC_0027-50-1024x557.jpg\" alt=\"\" width=\"640\" height=\"348\" srcset=\"http:\/\/www.susannavaris.com\/blogg\/wp-content\/uploads\/2012\/05\/DSC_0027-50-1024x557.jpg 1024w, http:\/\/www.susannavaris.com\/blogg\/wp-content\/uploads\/2012\/05\/DSC_0027-50-300x163.jpg 300w\" sizes=\"auto, (max-width: 640px) 100vw, 640px\" \/><\/a><em>\u00a0Hagelskur fr\u00e5n ingenstans. V\u00e4dret i London var genomg\u00e5ende kallare och lynnigare \u00e4n hemma, sol, regn, hagelstorm, kvavhet och isvindar under en och samma dag. D\u00e4rav var vi hela tiden fel kl\u00e4dda. Det var antingen supersvettigt eller kallt som f*n.\u00a0<\/em><\/p>\n<p style=\"text-align: center;\"><a href=\"http:\/\/www.susannavaris.com\/blogg\/wp-content\/uploads\/2012\/05\/DSC_0031-crop-50.jpg\"><img loading=\"lazy\" decoding=\"async\" class=\"aligncenter size-large wp-image-5486\" title=\"DSC_0031-crop-50\" src=\"http:\/\/www.susannavaris.com\/blogg\/wp-content\/uploads\/2012\/05\/DSC_0031-crop-50-896x1024.jpg\" alt=\"\" width=\"640\" height=\"731\" srcset=\"http:\/\/www.susannavaris.com\/blogg\/wp-content\/uploads\/2012\/05\/DSC_0031-crop-50-896x1024.jpg 896w, http:\/\/www.susannavaris.com\/blogg\/wp-content\/uploads\/2012\/05\/DSC_0031-crop-50-262x300.jpg 262w, http:\/\/www.susannavaris.com\/blogg\/wp-content\/uploads\/2012\/05\/DSC_0031-crop-50.jpg 1536w\" sizes=\"auto, (max-width: 640px) 100vw, 640px\" \/><\/a>\u00a0<em>Roliga installationer p\u00e5 ett tak i Soho. H\u00e4r i krokarna travade jag efter Kim Wilde, som vi m\u00f6tte p\u00e5 en gata i Chinatown. Jag ville g\u00e5 fram, men Uffe tyckte att det vore det pinsammaste i v\u00e4rlden&#8230;s\u00e5 tyv\u00e4rr, inga bilder p\u00e5 varken fr\u00f6ken Wilde eller p\u00e5 Dustin Hoffman, som vi vid ett annat tillf\u00e4lle st\u00f6tte ihop med i Soho&#8230;<\/em><\/p>\n<p style=\"text-align: center;\"><a href=\"http:\/\/www.susannavaris.com\/blogg\/wp-content\/uploads\/2012\/05\/a970kim-wilde.jpg\"><img loading=\"lazy\" decoding=\"async\" class=\"aligncenter size-full wp-image-5487\" title=\"a970kim-wilde\" src=\"http:\/\/www.susannavaris.com\/blogg\/wp-content\/uploads\/2012\/05\/a970kim-wilde.jpg\" alt=\"\" width=\"300\" height=\"297\" srcset=\"http:\/\/www.susannavaris.com\/blogg\/wp-content\/uploads\/2012\/05\/a970kim-wilde.jpg 300w, http:\/\/www.susannavaris.com\/blogg\/wp-content\/uploads\/2012\/05\/a970kim-wilde-150x150.jpg 150w\" sizes=\"auto, (max-width: 300px) 100vw, 300px\" \/><\/a>\u00a0<em>Kim Wilde<\/em><\/p>\n<p style=\"text-align: center;\"><a href=\"http:\/\/www.susannavaris.com\/blogg\/wp-content\/uploads\/2012\/05\/a_london_lawyer_has_credited_actor_dustin_hoffman__4fa990d4a7.jpg\"><img loading=\"lazy\" decoding=\"async\" class=\"aligncenter size-full wp-image-5488\" title=\"a_london_lawyer_has_credited_actor_dustin_hoffman__4fa990d4a7\" src=\"http:\/\/www.susannavaris.com\/blogg\/wp-content\/uploads\/2012\/05\/a_london_lawyer_has_credited_actor_dustin_hoffman__4fa990d4a7.jpg\" alt=\"\" width=\"800\" height=\"538\" srcset=\"http:\/\/www.susannavaris.com\/blogg\/wp-content\/uploads\/2012\/05\/a_london_lawyer_has_credited_actor_dustin_hoffman__4fa990d4a7.jpg 800w, http:\/\/www.susannavaris.com\/blogg\/wp-content\/uploads\/2012\/05\/a_london_lawyer_has_credited_actor_dustin_hoffman__4fa990d4a7-300x201.jpg 300w\" sizes=\"auto, (max-width: 800px) 100vw, 800px\" \/><\/a>\u00a0<em>Dustin Hoffman\u00a0<\/em><\/p>\n<p style=\"text-align: center;\">Men jag blev i alla fall fotad med drottningen:<\/p>\n<p style=\"text-align: center;\"><a href=\"http:\/\/www.susannavaris.com\/blogg\/wp-content\/uploads\/2012\/05\/DSC_0051-50.jpg\"><img loading=\"lazy\" decoding=\"async\" class=\"aligncenter size-large wp-image-5489\" title=\"DSC_0051-50\" src=\"http:\/\/www.susannavaris.com\/blogg\/wp-content\/uploads\/2012\/05\/DSC_0051-50-812x1024.jpg\" alt=\"\" width=\"640\" height=\"807\" srcset=\"http:\/\/www.susannavaris.com\/blogg\/wp-content\/uploads\/2012\/05\/DSC_0051-50-812x1024.jpg 812w, http:\/\/www.susannavaris.com\/blogg\/wp-content\/uploads\/2012\/05\/DSC_0051-50-238x300.jpg 238w, http:\/\/www.susannavaris.com\/blogg\/wp-content\/uploads\/2012\/05\/DSC_0051-50.jpg 1421w\" sizes=\"auto, (max-width: 640px) 100vw, 640px\" \/><\/a><\/p>\n<p style=\"text-align: center;\">Forts\u00e4ttning f\u00f6ljer i del II<\/p>\n<p style=\"text-align: center;\">\n","protected":false},"excerpt":{"rendered":"<p>D\u00e5 \u00e4r bloggens v\u00e5ride \u00f6verst\u00f6kad och vi \u00e4r tillbaka p\u00e5 banan. Senaste veckan har tilldragit sig i London f\u00f6r v\u00e5r del och utan st\u00f6rre \u00e5th\u00e4vor kommer h\u00e4r lite resbilder: \u00a0Vi bes\u00f6kte morbror Juha, som bor i London \u00a0Juhas fru Geraldine &hellip; <a href=\"http:\/\/www.susannavaris.com\/blogg\/2012\/05\/back-in-business-london-del-i\/\">Forts\u00e4tt l\u00e4sa <span class=\"meta-nav\">&rarr;<\/span><\/a><\/p>\n","protected":false},"author":1,"featured_media":0,"comment_status":"open","ping_status":"open","sticky":false,"template":"","format":"standard","meta":{"footnotes":""},"categories":[3,1162,994,1,4],"tags":[100,1782,1783,745,1790,1786,1781,394,1784,1785,1787,1788,1789],"class_list":["post-5474","post","type-post","status-publish","format-standard","hentry","category-konst","category-kultur","category-musik","category-okategoriserade","category-utstallning","tag-botticelli","tag-dustin-hoffman","tag-elizabeth-ii","tag-hieronymus-bosch","tag-holbein","tag-juha-lukkarinen","tag-kim-wilde","tag-london","tag-qe2","tag-soho","tag-the-national-gallery","tag-trafalgar-square","tag-van-eyck"],"_links":{"self":[{"href":"http:\/\/www.susannavaris.com\/blogg\/wp-json\/wp\/v2\/posts\/5474","targetHints":{"allow":["GET"]}}],"collection":[{"href":"http:\/\/www.susannavaris.com\/blogg\/wp-json\/wp\/v2\/posts"}],"about":[{"href":"http:\/\/www.susannavaris.com\/blogg\/wp-json\/wp\/v2\/types\/post"}],"author":[{"embeddable":true,"href":"http:\/\/www.susannavaris.com\/blogg\/wp-json\/wp\/v2\/users\/1"}],"replies":[{"embeddable":true,"href":"http:\/\/www.susannavaris.com\/blogg\/wp-json\/wp\/v2\/comments?post=5474"}],"version-history":[{"count":5,"href":"http:\/\/www.susannavaris.com\/blogg\/wp-json\/wp\/v2\/posts\/5474\/revisions"}],"predecessor-version":[{"id":5497,"href":"http:\/\/www.susannavaris.com\/blogg\/wp-json\/wp\/v2\/posts\/5474\/revisions\/5497"}],"wp:attachment":[{"href":"http:\/\/www.susannavaris.com\/blogg\/wp-json\/wp\/v2\/media?parent=5474"}],"wp:term":[{"taxonomy":"category","embeddable":true,"href":"http:\/\/www.susannavaris.com\/blogg\/wp-json\/wp\/v2\/categories?post=5474"},{"taxonomy":"post_tag","embeddable":true,"href":"http:\/\/www.susannavaris.com\/blogg\/wp-json\/wp\/v2\/tags?post=5474"}],"curies":[{"name":"wp","href":"https:\/\/api.w.org\/{rel}","templated":true}]}}