{"id":5616,"date":"2012-05-21T21:34:06","date_gmt":"2012-05-21T19:34:06","guid":{"rendered":"http:\/\/www.susannavaris.com\/blogg\/?p=5616"},"modified":"2012-05-21T21:34:06","modified_gmt":"2012-05-21T19:34:06","slug":"genusperspektiv-pa-ekonomisektorn","status":"publish","type":"post","link":"http:\/\/www.susannavaris.com\/blogg\/2012\/05\/genusperspektiv-pa-ekonomisektorn\/","title":{"rendered":"Genusperspektiv p\u00e5 ekonomisektorn"},"content":{"rendered":"<p style=\"text-align: center;\"><a href=\"http:\/\/www.susannavaris.com\/blogg\/wp-content\/uploads\/2012\/05\/kielos-683.jpg\"><img loading=\"lazy\" decoding=\"async\" class=\"aligncenter size-full wp-image-5617\" title=\"kielos-683\" src=\"http:\/\/www.susannavaris.com\/blogg\/wp-content\/uploads\/2012\/05\/kielos-683.jpg\" alt=\"\" width=\"683\" height=\"430\" srcset=\"http:\/\/www.susannavaris.com\/blogg\/wp-content\/uploads\/2012\/05\/kielos-683.jpg 683w, http:\/\/www.susannavaris.com\/blogg\/wp-content\/uploads\/2012\/05\/kielos-683-300x188.jpg 300w\" sizes=\"auto, (max-width: 683px) 100vw, 683px\" \/><\/a>\u00a0<em>Foto: Nicklas Thegerstr\u00f6m\/DN<\/em><\/p>\n<p>Katrine Kielos har skrivit en ny bok <em>Det Enda K\u00f6net<\/em>, d\u00e4r hon i sann, modernfeministisk anda anl\u00e4gger ett anklagande perspektiv p\u00e5 det motsatta k\u00f6net. Denna g\u00e5ng \u00e4r m\u00e4nnen skyldiga till de ekonomiska systemens br\u00e4ckligheter, tillkortakommanden och kollapser. I sj\u00e4lva verket kan hela (den negativa delen av) den ekonomiska sf\u00e4ren beskrivas som manlig, som ett patriarkat. S\u00e5 l\u00e4gligt att hon sj\u00e4lv r\u00e5kar vara kvinna, humanist och v\u00e4nster, en moraliskt h\u00f6gre st\u00e5ende sort s\u00e5 att s\u00e4ga.<\/p>\n<p>Hon har delvis r\u00e4tt i sin analys, de ekonomiska teorierna \u00e4r grovhuggna och mycket f\u00f6renklande och beskriver inte v\u00e5r verklighet p\u00e5 ett tillr\u00e4ckligt bra s\u00e4tt f\u00f6r att kunna anv\u00e4ndas som n\u00e5gon form av grund f\u00f6r beslutsfattande. Milj\u00f6f\u00f6rst\u00f6ringen ing\u00e5r till exempel inte som en kostnad n\u00e5gonstans och n\u00e4r en icke-f\u00f6rnybar naturresurs v\u00e4l b\u00f6rjar sina och prisuppg\u00e5ngen ge effekt p\u00e5 en marknad, kan skadan redan vara irreparabel. Det obetalda arbetet ing\u00e5r heller per definition inte i de ekonomiska teoriernas verklighetsbeskrivning. Ny, utbildad och uppfostrad (f\u00f6rhoppningsvis) arbetskraft uppst\u00e5r i de ekonomiska teorierna ur intet. M\u00e4nniskor f\u00f6ruts\u00e4tts ocks\u00e5 i den traditionella ekonomiska teorin att handla fullst\u00e4ndigt egennyttigt, vilket inte \u00e4r med sanningen \u00f6verensst\u00e4mmande.<\/p>\n<p>S\u00e5 l\u00e5ngt kan jag h\u00e5lla med Kielos. N\u00e4r hon sedan tippar \u00f6ver till syndabockst\u00e4nkandet och drar fram patriarkatsp\u00f6ket ur garderoben blir jag tr\u00f6tt.<\/p>\n<p><strong>\u2013\u2009Om n\u00e5got \u00e4r<\/strong>\u00a0provokativt med min bok \u00e4r det v\u00e4l att det handlar om nationalekonomins m\u00e4nniskosyn och vad den f\u00e5r f\u00f6r f\u00f6ljder. Men i grunden \u00e4r detta ber\u00e4ttelsen om patriarkatet, s\u00e4ger Katrine Kielos.<\/p>\n<p><em>&#8221;\u2013\u2009Man m\u00e5ste f\u00f6rst\u00e5 det om man ska kunna g\u00f6ra n\u00e5got \u00e5t problemet. Den \u201dekonomiske mannen\u201d som styr \u00e4r en man, d\u00e4rf\u00f6r att han saknar alla de egenskaper som \u00e4r f\u00f6rment kvinnliga: omtanke, omsorg\u2009\u2026&#8221; \u00a0<\/em><\/p>\n<p>T\u00e4nk vad enkelt allt kan bli bara man har genusglas\u00f6gonen p\u00e5 sig.<\/p>\n<p><em>&#8221;Yrken som s\u00e4gs bygga p\u00e5 den d\u00e4r kvinnliga upps\u00e4ttningen egenskaper, som i v\u00e5rden, nedv\u00e4rderas l\u00f6ne\u00adm\u00e4ssigt och r\u00e4knas in bland \u201dde t\u00e4rande\u201d i samh\u00e4llet, menar hon. N\u00e4r vi i sj\u00e4lva verket skulle ramla ner och d\u00f6 utan dem.&#8221;<\/em><\/p>\n<p>Patriarkatet som sitter n\u00e5gonstans uppe p\u00e5 ett ekonomiskt moln och &#8221;nedv\u00e4rderar&#8221; yrken som \u00e4r beh\u00e4ftade med kvinnliga egenskaper? N\u00e5gonstans h\u00e4r f\u00f6rsvinner analysf\u00f6rm\u00e5gan i tomma intet. Jag drar det en g\u00e5ng till; anledningen till att t ex sjuksk\u00f6terskor \u00e4r underbetalda \u00e4r:<\/p>\n<p>1. God v\u00e5rd utan h\u00e4nsyn till ekonomiska m\u00f6jligheter ses som en r\u00e4ttighet (i t ex Sverige) och s\u00e5 ska det vara i ett civiliserat samh\u00e4lle.<\/p>\n<p>2. Punkt 1 leder till att v\u00e5rden till h\u00f6g grad \u00e4r skattefinansierad. L\u00f6nerna i huvudsakligen skattefinansierade sektorer kan aldrig ligga p\u00e5 samma niv\u00e5er som i den privata sektorn, eftersom nya, friska pengar som dessa skattepengar sedan tas ur, genereras inom den privata sektorn.<\/p>\n<p>3. Kvinnor har i generationer s\u00f6kt sig till dessa yrken, fullt medvetna om villkoren och g\u00e5tt med p\u00e5 de l\u00e5ga l\u00f6nerna. (P\u00e5 senare tid har gl\u00e4djande nog en v\u00e4ndning b\u00f6rjat sk\u00f6njas.)<\/p>\n<p>Enda s\u00e4ttet att f\u00e5 upp l\u00f6nerna vore att tillf\u00f6ra helt och h\u00e5llet privata pengar in i v\u00e5rden, helt, eller delvis privatfinansierade sjukhus med r\u00e4tt att ta ut patientavgifter som speglar de verkliga kostnaderna. D\u00e4r skulle v\u00e5rdpersonalens l\u00f6ner kunna h\u00f6jas och det skulle \u00e4ven s\u00e4tta press p\u00e5 den offentliga sektorn i l\u00f6nebildningen. Jag tror dock inte att marknaden i Sverige \u00e4r tillr\u00e4ckligt stor f\u00f6r s\u00e5dana, privata l\u00f6sningar, s\u00e5 f\u00f6rhoppningen st\u00e5r till v\u00e5rdpersonalens f\u00f6rm\u00e5ga att rata d\u00e5liga villkor.<\/p>\n<p style=\"text-align: center;\"><a href=\"http:\/\/www.susannavaris.com\/blogg\/wp-content\/uploads\/2012\/05\/DSC_0015-50.jpg\"><img loading=\"lazy\" decoding=\"async\" class=\"aligncenter size-large wp-image-5618\" title=\"DSC_0015-50\" src=\"http:\/\/www.susannavaris.com\/blogg\/wp-content\/uploads\/2012\/05\/DSC_0015-50-682x1024.jpg\" alt=\"\" width=\"640\" height=\"960\" srcset=\"http:\/\/www.susannavaris.com\/blogg\/wp-content\/uploads\/2012\/05\/DSC_0015-50-682x1024.jpg 682w, http:\/\/www.susannavaris.com\/blogg\/wp-content\/uploads\/2012\/05\/DSC_0015-50-200x300.jpg 200w, http:\/\/www.susannavaris.com\/blogg\/wp-content\/uploads\/2012\/05\/DSC_0015-50.jpg 1536w\" sizes=\"auto, (max-width: 640px) 100vw, 640px\" \/><\/a>\u00a0<em>Florence Nightingale i London. Foto: Susanna Varis<\/em><\/p>\n<p>Jag tycker inte heller om termen t\u00e4rande, konsumerande eller f\u00f6rbrukande vore att f\u00f6redra. Det betyder i ekonomiska sammanhang enbart att detta \u00e4r verksamheter som kostar resurser. Absolut \u00e4r de en f\u00f6ruts\u00e4ttning f\u00f6r att vi ens ska orka finnas, men likv\u00e4l kostar de resurser.<\/p>\n<p>En utveckling av de ekonomiska teorierna och beslutsunderlagen \u00e4r absolut n\u00f6dv\u00e4ndig, men att s\u00e4tta sig i genusb\u00e5ten och starta en pajkastning mot mannen i vanlig ordning l\u00f6ser inga problem.<\/p>\n<p>Och s\u00e5 en vulg\u00e4rbild:<\/p>\n<p><em>&#8221;\u2013\u2009Ja, den ekonomiske mannen \u00e4r den som st\u00e5r d\u00e4r och v\u00e4ger bl\u00f6jor\u2009\u2026 Och jag tror att vi faktiskt \u00e4r p\u00e5 v\u00e4g in i ett paradigmskifte.&#8221;<\/em><\/p>\n<p>Kielos. Att v\u00e4ga bl\u00f6jor ing\u00e5r i normal, geriatrisk v\u00e5rd. M\u00e4nniskor l\u00e4cker olika mycket och f\u00f6r att f\u00e5 in r\u00e4tt rutin v\u00e4gs bl\u00f6jorna. Kan vi sl\u00e4ppa den vulgopropagandan nu?<\/p>\n<p>Ett stort arbete med de ekonomiska modellerna st\u00e5r framf\u00f6r oss, men n\u00e5got s\u00e4ger mig att Kielos och jag har ganska olika syn p\u00e5 hur det kommande borde se ut, trots att vi b\u00e5da \u00e4r &#8221;oekonomiska kvinnor&#8221;.<\/p>\n<p>&nbsp;<\/p>\n","protected":false},"excerpt":{"rendered":"<p>\u00a0Foto: Nicklas Thegerstr\u00f6m\/DN Katrine Kielos har skrivit en ny bok Det Enda K\u00f6net, d\u00e4r hon i sann, modernfeministisk anda anl\u00e4gger ett anklagande perspektiv p\u00e5 det motsatta k\u00f6net. Denna g\u00e5ng \u00e4r m\u00e4nnen skyldiga till de ekonomiska systemens br\u00e4ckligheter, tillkortakommanden och kollapser. &hellip; <a href=\"http:\/\/www.susannavaris.com\/blogg\/2012\/05\/genusperspektiv-pa-ekonomisektorn\/\">Forts\u00e4tt l\u00e4sa <span class=\"meta-nav\">&rarr;<\/span><\/a><\/p>\n","protected":false},"author":1,"featured_media":0,"comment_status":"open","ping_status":"open","sticky":false,"template":"","format":"standard","meta":{"footnotes":""},"categories":[178,181,259,674,1321,3,1162,589,1,590,403],"tags":[175,573,4900,1697,4899,4903,1819,394],"class_list":["post-5616","post","type-post","status-publish","format-standard","hentry","category-blodtryckshojare","category-feminism","category-genusvetenskap","category-historia","category-jamstalldhet","category-konst","category-kultur","category-medier","category-okategoriserade","category-politik","category-pseudovetenskap","tag-dn","tag-ekonomi","tag-feminism","tag-florence-nightingale","tag-genus","tag-genusvetenskap","tag-katrin-kielos","tag-london"],"_links":{"self":[{"href":"http:\/\/www.susannavaris.com\/blogg\/wp-json\/wp\/v2\/posts\/5616","targetHints":{"allow":["GET"]}}],"collection":[{"href":"http:\/\/www.susannavaris.com\/blogg\/wp-json\/wp\/v2\/posts"}],"about":[{"href":"http:\/\/www.susannavaris.com\/blogg\/wp-json\/wp\/v2\/types\/post"}],"author":[{"embeddable":true,"href":"http:\/\/www.susannavaris.com\/blogg\/wp-json\/wp\/v2\/users\/1"}],"replies":[{"embeddable":true,"href":"http:\/\/www.susannavaris.com\/blogg\/wp-json\/wp\/v2\/comments?post=5616"}],"version-history":[{"count":2,"href":"http:\/\/www.susannavaris.com\/blogg\/wp-json\/wp\/v2\/posts\/5616\/revisions"}],"predecessor-version":[{"id":5620,"href":"http:\/\/www.susannavaris.com\/blogg\/wp-json\/wp\/v2\/posts\/5616\/revisions\/5620"}],"wp:attachment":[{"href":"http:\/\/www.susannavaris.com\/blogg\/wp-json\/wp\/v2\/media?parent=5616"}],"wp:term":[{"taxonomy":"category","embeddable":true,"href":"http:\/\/www.susannavaris.com\/blogg\/wp-json\/wp\/v2\/categories?post=5616"},{"taxonomy":"post_tag","embeddable":true,"href":"http:\/\/www.susannavaris.com\/blogg\/wp-json\/wp\/v2\/tags?post=5616"}],"curies":[{"name":"wp","href":"https:\/\/api.w.org\/{rel}","templated":true}]}}