{"id":5649,"date":"2012-05-26T19:00:56","date_gmt":"2012-05-26T17:00:56","guid":{"rendered":"http:\/\/www.susannavaris.com\/blogg\/?p=5649"},"modified":"2012-05-26T19:08:27","modified_gmt":"2012-05-26T17:08:27","slug":"putsa-och-pata","status":"publish","type":"post","link":"http:\/\/www.susannavaris.com\/blogg\/2012\/05\/putsa-och-pata\/","title":{"rendered":"Putsa och p\u00e5ta"},"content":{"rendered":"<p>L\u00f6nearbete, skyddsombudsm\u00f6ten, f\u00f6nsterputs och balkongfix tar all min tid och jag hinner knappt h\u00e5lla mig ajour med vad som p\u00e5g\u00e5r p\u00e5 kultursidorna eller genusverkligheten. Med andra ord har det blivit d\u00e5ligt med klarl\u00e4ggande inl\u00e4gg om sakernas tillst\u00e5nd fr\u00e5n mitt h\u00e5ll p\u00e5 sistone. (\u00c4mnen skulle det emellertid ha funnits: SCUM-el\u00e4ndet tycks \u00e5terigen\/fortfarande vara ig\u00e5ng och Andrea Edwards har mottagit hot, vilket \u00e4r f\u00f6rkastligt. Texten man s\u00e4tter upp \u00e4r f\u00f6rkastlig. Hela historian \u00e4r en enda uppkastning.) Men jag kan gl\u00e4dja \u00c5sa Linderborg med att jag minsann tillbringar min fritid med att egenh\u00e4ndigt putsa mina f\u00f6nster och toaletter ist\u00e4llet f\u00f6r att &#8221;utnyttja&#8221; n\u00e5gon stackars st\u00e4dkunnig lokalv\u00e5rdare eller f\u00f6nsterputsare. P\u00e5 det s\u00e4ttet slipper n\u00e5gon f\u00e5 ett jobb och betalt f\u00f6r det arbetet och jag slipper ha s\u00e5 mycket tid \u00f6ver att skriva t ex blogginl\u00e4gg eller skapa konst. &#8221;R\u00e4ttvisan&#8221; har \u00e5ter segrat.<\/p>\n<p style=\"text-align: center;\"><a href=\"http:\/\/www.susannavaris.com\/blogg\/wp-content\/uploads\/2012\/05\/120525.jpg\"><img loading=\"lazy\" decoding=\"async\" class=\"aligncenter size-large wp-image-5650\" title=\"120525\" src=\"http:\/\/www.susannavaris.com\/blogg\/wp-content\/uploads\/2012\/05\/120525-1024x768.jpg\" alt=\"\" width=\"640\" height=\"480\" srcset=\"http:\/\/www.susannavaris.com\/blogg\/wp-content\/uploads\/2012\/05\/120525-1024x768.jpg 1024w, http:\/\/www.susannavaris.com\/blogg\/wp-content\/uploads\/2012\/05\/120525-300x225.jpg 300w\" sizes=\"auto, (max-width: 640px) 100vw, 640px\" \/><\/a>\u00a0<em>Skyddsombudsm\u00f6te ig\u00e5r. Lunch. Sonny, Kari, Mats och Uffe.<\/em><\/p>\n<p style=\"text-align: center;\"><a href=\"http:\/\/www.susannavaris.com\/blogg\/wp-content\/uploads\/2012\/05\/DSC_0202.jpg\"><img loading=\"lazy\" decoding=\"async\" class=\"aligncenter size-large wp-image-5651\" title=\"DSC_0202\" src=\"http:\/\/www.susannavaris.com\/blogg\/wp-content\/uploads\/2012\/05\/DSC_0202-682x1024.jpg\" alt=\"\" width=\"640\" height=\"960\" srcset=\"http:\/\/www.susannavaris.com\/blogg\/wp-content\/uploads\/2012\/05\/DSC_0202-682x1024.jpg 682w, http:\/\/www.susannavaris.com\/blogg\/wp-content\/uploads\/2012\/05\/DSC_0202-200x300.jpg 200w, http:\/\/www.susannavaris.com\/blogg\/wp-content\/uploads\/2012\/05\/DSC_0202.jpg 1536w\" sizes=\"auto, (max-width: 640px) 100vw, 640px\" \/><\/a>\u00a0<em>Balkongfix. Grovr\u00f6jning avklarad, s\u00e5 \u00e4ven putsning av r\u00e4cket och f\u00f6nstren&#8230;<\/em><\/p>\n<p style=\"text-align: center;\"><a href=\"http:\/\/www.susannavaris.com\/blogg\/wp-content\/uploads\/2012\/05\/DSC_0204-crop-adj-50.jpg\"><img loading=\"lazy\" decoding=\"async\" class=\"aligncenter size-large wp-image-5652\" title=\"DSC_0204-crop-adj-50\" src=\"http:\/\/www.susannavaris.com\/blogg\/wp-content\/uploads\/2012\/05\/DSC_0204-crop-adj-50-1024x648.jpg\" alt=\"\" width=\"640\" height=\"405\" srcset=\"http:\/\/www.susannavaris.com\/blogg\/wp-content\/uploads\/2012\/05\/DSC_0204-crop-adj-50-1024x648.jpg 1024w, http:\/\/www.susannavaris.com\/blogg\/wp-content\/uploads\/2012\/05\/DSC_0204-crop-adj-50-300x189.jpg 300w, http:\/\/www.susannavaris.com\/blogg\/wp-content\/uploads\/2012\/05\/DSC_0204-crop-adj-50.jpg 2032w\" sizes=\"auto, (max-width: 640px) 100vw, 640px\" \/><\/a><em>\u00a0Socialrealistisk actionpainting med titeln Vad en Gumma Kan Gno&#8230;?<\/em><\/p>\n<p style=\"text-align: center;\"><a href=\"http:\/\/www.susannavaris.com\/blogg\/wp-content\/uploads\/2012\/05\/DSC_0205-50.jpg\"><img loading=\"lazy\" decoding=\"async\" class=\"aligncenter size-large wp-image-5653\" title=\"DSC_0205-50\" src=\"http:\/\/www.susannavaris.com\/blogg\/wp-content\/uploads\/2012\/05\/DSC_0205-50-682x1024.jpg\" alt=\"\" width=\"640\" height=\"960\" srcset=\"http:\/\/www.susannavaris.com\/blogg\/wp-content\/uploads\/2012\/05\/DSC_0205-50-682x1024.jpg 682w, http:\/\/www.susannavaris.com\/blogg\/wp-content\/uploads\/2012\/05\/DSC_0205-50-200x300.jpg 200w, http:\/\/www.susannavaris.com\/blogg\/wp-content\/uploads\/2012\/05\/DSC_0205-50.jpg 1536w\" sizes=\"auto, (max-width: 640px) 100vw, 640px\" \/><\/a>\u00a0<em>Blommor fr\u00e5n den stora grossisten<\/em><\/p>\n<p style=\"text-align: center;\"><a href=\"http:\/\/www.susannavaris.com\/blogg\/wp-content\/uploads\/2012\/05\/DSC_0207-50.jpg\"><img loading=\"lazy\" decoding=\"async\" class=\"aligncenter size-large wp-image-5654\" title=\"DSC_0207-50\" src=\"http:\/\/www.susannavaris.com\/blogg\/wp-content\/uploads\/2012\/05\/DSC_0207-50-682x1024.jpg\" alt=\"\" width=\"640\" height=\"960\" srcset=\"http:\/\/www.susannavaris.com\/blogg\/wp-content\/uploads\/2012\/05\/DSC_0207-50-682x1024.jpg 682w, http:\/\/www.susannavaris.com\/blogg\/wp-content\/uploads\/2012\/05\/DSC_0207-50-200x300.jpg 200w, http:\/\/www.susannavaris.com\/blogg\/wp-content\/uploads\/2012\/05\/DSC_0207-50.jpg 1536w\" sizes=\"auto, (max-width: 640px) 100vw, 640px\" \/><\/a>\u00a0<em>Nu \u00e4r jag \u00e5ter helt slut och orkar inte bekymra mitt lilla huvud med n\u00e5gra sv\u00e5ra saker&#8230;<\/em><\/p>\n<p style=\"text-align: center;\">Imorgon blir det shoppingrunda nr 2. En dyna till min baden-baden, ett bord, kanske ett par spaljeer&#8230;egentligen skulle jag beh\u00f6va en parasoll ocks\u00e5&#8230;<\/p>\n<p style=\"text-align: center;\"><a href=\"http:\/\/www.susannavaris.com\/blogg\/wp-content\/uploads\/2012\/05\/loreen2_938419c.jpg\"><img loading=\"lazy\" decoding=\"async\" class=\"aligncenter size-full wp-image-5657\" title=\"loreen2_938419c\" src=\"http:\/\/www.susannavaris.com\/blogg\/wp-content\/uploads\/2012\/05\/loreen2_938419c.jpg\" alt=\"\" width=\"485\" height=\"322\" srcset=\"http:\/\/www.susannavaris.com\/blogg\/wp-content\/uploads\/2012\/05\/loreen2_938419c.jpg 485w, http:\/\/www.susannavaris.com\/blogg\/wp-content\/uploads\/2012\/05\/loreen2_938419c-300x199.jpg 300w\" sizes=\"auto, (max-width: 485px) 100vw, 485px\" \/><\/a>\u00a0Loreen. Foto: Svenska Dagbladet<\/p>\n<p style=\"text-align: center;\"><a href=\"http:\/\/www.svd.se\/kultur\/loreen-var-fantastisk_7228133.svd\">http:\/\/www.svd.se\/kultur\/loreen-var-fantastisk_7228133.svd<\/a><\/p>\n<p style=\"text-align: center;\">Melodifestivalen \u00e4r visst ikv\u00e4ll. Vi kommer nog att titta p\u00e5 den, trots att ingen av oss \u00e4r n\u00e5gon direkt schlagerfantast. Men denna orgie i d\u00e5lig smak, svulstighet, \u00f6verdrifter, d\u00e5lig humor, m\u00e4rkliga nationalistiska yttringar kan ju inte bara passera onoterat. Men jag gillar Loreens l\u00e5t, den har en outh\u00e4rdlig f\u00f6rm\u00e5ga att fastna i huvudet. Det \u00e5terst\u00e5r att se om den \u00f6stra delen av schlagergemenskapen k\u00e4nner likadant. H\u00e4lften av po\u00e4ngen d\u00e4r m\u00e5ste f\u00f6rst\u00e5s ges till Ryssland, annars st\u00e4ngs kranarna. De ryska gummorna \u00e4r ju sj\u00e4lvklart ett reellt hot i sig i all sin oemotst\u00e5ndliga gullighet och det skulle inte f\u00f6rv\u00e5na mig om Ryssland kom v\u00e4ldigt h\u00f6gt upp den h\u00e4r g\u00e5ngen. Loreen \u00e4r bra, l\u00e5ten \u00e4r suver\u00e4n och framtr\u00e4dandet visuellt starkt, men det beh\u00f6ver inte betyda n\u00e5gonting i de h\u00e4r sammanhangen.<\/p>\n<p>\u00a0<a href=\"http:\/\/www.aftonbladet.se\/nyheter\/article14881572.ab\">http:\/\/www.aftonbladet.se\/nyheter\/article14881572.ab<\/a><\/p>\n<p><a href=\"http:\/\/www.svd.se\/kultur\/ryska-gummor-kan-fa-loreen-pa-fall_7230633.svd\">http:\/\/www.svd.se\/kultur\/ryska-gummor-kan-fa-loreen-pa-fall_7230633.svd<\/a><\/p>\n","protected":false},"excerpt":{"rendered":"<p>L\u00f6nearbete, skyddsombudsm\u00f6ten, f\u00f6nsterputs och balkongfix tar all min tid och jag hinner knappt h\u00e5lla mig ajour med vad som p\u00e5g\u00e5r p\u00e5 kultursidorna eller genusverkligheten. Med andra ord har det blivit d\u00e5ligt med klarl\u00e4ggande inl\u00e4gg om sakernas tillst\u00e5nd fr\u00e5n mitt h\u00e5ll &hellip; <a href=\"http:\/\/www.susannavaris.com\/blogg\/2012\/05\/putsa-och-pata\/\">Forts\u00e4tt l\u00e4sa <span class=\"meta-nav\">&rarr;<\/span><\/a><\/p>\n","protected":false},"author":1,"featured_media":0,"comment_status":"open","ping_status":"open","sticky":false,"template":"","format":"standard","meta":{"footnotes":""},"categories":[7,181,259,1321,3,1,590],"tags":[1838,939,225,214,1840,1839,1836,1841,907,1524,1525,1837],"class_list":["post-5649","post","type-post","status-publish","format-standard","hentry","category-egna-verk","category-feminism","category-genusvetenskap","category-jamstalldhet","category-konst","category-okategoriserade","category-politik","tag-actionpainting","tag-andrea-edwards","tag-asa-linderborg","tag-balkong","tag-euforia","tag-loreen","tag-rut","tag-schlagerfestivalen","tag-scum","tag-skyddsombud","tag-skyddsombudsmote","tag-socialrealism"],"_links":{"self":[{"href":"http:\/\/www.susannavaris.com\/blogg\/wp-json\/wp\/v2\/posts\/5649","targetHints":{"allow":["GET"]}}],"collection":[{"href":"http:\/\/www.susannavaris.com\/blogg\/wp-json\/wp\/v2\/posts"}],"about":[{"href":"http:\/\/www.susannavaris.com\/blogg\/wp-json\/wp\/v2\/types\/post"}],"author":[{"embeddable":true,"href":"http:\/\/www.susannavaris.com\/blogg\/wp-json\/wp\/v2\/users\/1"}],"replies":[{"embeddable":true,"href":"http:\/\/www.susannavaris.com\/blogg\/wp-json\/wp\/v2\/comments?post=5649"}],"version-history":[{"count":6,"href":"http:\/\/www.susannavaris.com\/blogg\/wp-json\/wp\/v2\/posts\/5649\/revisions"}],"predecessor-version":[{"id":5660,"href":"http:\/\/www.susannavaris.com\/blogg\/wp-json\/wp\/v2\/posts\/5649\/revisions\/5660"}],"wp:attachment":[{"href":"http:\/\/www.susannavaris.com\/blogg\/wp-json\/wp\/v2\/media?parent=5649"}],"wp:term":[{"taxonomy":"category","embeddable":true,"href":"http:\/\/www.susannavaris.com\/blogg\/wp-json\/wp\/v2\/categories?post=5649"},{"taxonomy":"post_tag","embeddable":true,"href":"http:\/\/www.susannavaris.com\/blogg\/wp-json\/wp\/v2\/tags?post=5649"}],"curies":[{"name":"wp","href":"https:\/\/api.w.org\/{rel}","templated":true}]}}