{"id":565,"date":"2011-06-04T00:31:51","date_gmt":"2011-06-03T22:31:51","guid":{"rendered":"http:\/\/www.susannavaris.com\/blogg\/?p=565"},"modified":"2023-02-13T17:18:31","modified_gmt":"2023-02-13T16:18:31","slug":"for-ovrigt-anser-jag","status":"publish","type":"post","link":"http:\/\/www.susannavaris.com\/blogg\/2011\/06\/for-ovrigt-anser-jag\/","title":{"rendered":"F\u00f6r \u00f6vrigt anser jag&#8230;"},"content":{"rendered":"\n<p class=\"has-text-align-left\">&#8230;att det \u00e4r beklagansv\u00e4rt att Bengt Ohlsson, vars kr\u00f6nikor jag annars l\u00e4ser med stort n\u00f6je, nu s\u00e4llar sig till &#8221;f\u00f6rortsbasharna&#8221;.<\/p>\n\n\n<div class=\"wp-block-image\">\n<figure class=\"aligncenter size-large\"><img loading=\"lazy\" decoding=\"async\" width=\"1024\" height=\"1024\" src=\"http:\/\/www.susannavaris.com\/blogg\/wp-content\/uploads\/2023\/02\/Bild-borttagen-2-1024x1024.jpg\" alt=\"\" class=\"wp-image-17623\" title=\"bengtohlsson\" srcset=\"http:\/\/www.susannavaris.com\/blogg\/wp-content\/uploads\/2023\/02\/Bild-borttagen-2-1024x1024.jpg 1024w, http:\/\/www.susannavaris.com\/blogg\/wp-content\/uploads\/2023\/02\/Bild-borttagen-2-300x300.jpg 300w, http:\/\/www.susannavaris.com\/blogg\/wp-content\/uploads\/2023\/02\/Bild-borttagen-2-150x150.jpg 150w, http:\/\/www.susannavaris.com\/blogg\/wp-content\/uploads\/2023\/02\/Bild-borttagen-2-768x768.jpg 768w, http:\/\/www.susannavaris.com\/blogg\/wp-content\/uploads\/2023\/02\/Bild-borttagen-2-1536x1536.jpg 1536w, http:\/\/www.susannavaris.com\/blogg\/wp-content\/uploads\/2023\/02\/Bild-borttagen-2-2048x2048.jpg 2048w\" sizes=\"auto, (max-width: 1024px) 100vw, 1024px\" \/><\/figure>\n<\/div>\n\n\n<p class=\"has-text-align-left\"><em>Bengt Ohlsson<\/em><\/p>\n\n\n\n<p class=\"has-text-align-left\">Jag \u00e4r milt sagt, spyf\u00e4rdig p\u00e5 representanter f\u00f6r mediaeliten, f\u00f6retr\u00e4desvis bosatta p\u00e5 arbetarstadsdelen S\u00f6dermalm, sj\u00e4lvf\u00f6rklarade goda smakens, den politiska korrekthetens, de \u00e4kta v\u00e4nstersolidaritetsk\u00e4nslornas f\u00f6retr\u00e4dare, spotta ur sig f\u00f6rdomar, f\u00f6rakt och nedv\u00e4rderande \u00e5sikter om f\u00f6rorten. Jag inkluderar h\u00e4r S\u00f6dert\u00e4lje i begreppet f\u00f6rort och det \u00e4r S\u00f6dert\u00e4lje Benke har bes\u00f6kt. F\u00f6rmodligen \u00e4r det chocken \u00f6ver att han bara fick fyra h\u00e5l\u00f6gda lyssnare som publik, att han inte \u00e4r den &#8221;n\u00e5gon&#8221; han \u00e4r van vid att vara hemma p\u00e5 G\u00f6tgatan eller i Vasastan eller var han nu bor, i hela landet. Mediaeliten \u00e4r inte lika med Sverige.<\/p>\n\n\n<div class=\"wp-block-image\">\n<figure class=\"aligncenter size-large\"><img loading=\"lazy\" decoding=\"async\" width=\"1024\" height=\"575\" src=\"http:\/\/www.susannavaris.com\/blogg\/wp-content\/uploads\/2023\/02\/000-243313696_10223414922714205_7076166944384773207_n-1024x575.jpg\" alt=\"\" class=\"wp-image-17679\" title=\"Saltsj\u00f6bron,utsikt,_S\u00f6dert\u00e4lje\" srcset=\"http:\/\/www.susannavaris.com\/blogg\/wp-content\/uploads\/2023\/02\/000-243313696_10223414922714205_7076166944384773207_n-1024x575.jpg 1024w, http:\/\/www.susannavaris.com\/blogg\/wp-content\/uploads\/2023\/02\/000-243313696_10223414922714205_7076166944384773207_n-300x168.jpg 300w, http:\/\/www.susannavaris.com\/blogg\/wp-content\/uploads\/2023\/02\/000-243313696_10223414922714205_7076166944384773207_n-768x431.jpg 768w, http:\/\/www.susannavaris.com\/blogg\/wp-content\/uploads\/2023\/02\/000-243313696_10223414922714205_7076166944384773207_n-1536x863.jpg 1536w, http:\/\/www.susannavaris.com\/blogg\/wp-content\/uploads\/2023\/02\/000-243313696_10223414922714205_7076166944384773207_n.jpg 1608w\" sizes=\"auto, (max-width: 1024px) 100vw, 1024px\" \/><figcaption class=\"wp-element-caption\">S\u00f6dert\u00e4lje. Foto: Susanna Holm\u00e9n Waris<\/figcaption><\/figure>\n<\/div>\n\n\n<p class=\"has-text-align-left\"><\/p>\n\n\n\n<p class=\"has-text-align-left\">H\u00e4r \u00e4r sista delen, som handlar om S\u00f6dert\u00e4lje, av kr\u00f6nikan i g\u00e5rdagens DN:<\/p>\n\n\n\n<p class=\"has-text-align-left\">&#8221;Men det blir torsdag. Jag s\u00e4tter mig i bilen och \u00e5ker till ett bibliotek i en stad som ligger utanf\u00f6r rummet, i Stockholms New Jersey, och sen sitter jag med en funktion\u00e4r under pressad tystnad medan minuterna till nedsl\u00e4pp n\u00e4rmar sig.<br>Biblioteket \u00e4r folktommare \u00e4n Suorooaivi.<br>\u2013?Men du vet, s\u00e4ger funktion\u00e4ren urskuldande, det har ju h\u00e4nt saker h\u00e4r i dag.<br>Han ber\u00e4ttar att en radhusl\u00e4nga brunnit ner. Man tror att branden var anlagd. Han ber\u00e4ttar om stadens g\u00e4ngkrig mellan syrianer och assyrier. Och ingen av dem vill l\u00e5ta sina barn g\u00e5 i samma klass som muslimska barn, som de tycker st\u00e5r l\u00e4gre \u00e4n hundar.<br>\u2013?En g\u00e5ng var jag med och bildade en antirasistisk organisation h\u00e4r i stan, suckar funktion\u00e4ren. Men ibland k\u00e4nner man ju hur tankarna b\u00f6rjar vandra.<br>\u2013?Hur d\u00e5 menar du, s\u00e4ger jag, trots att jag vet precis vad han menar.<br>Vi pratar lite om maffiav\u00e4lden och vad de kan ha f\u00f6r dragningskraft p\u00e5 unga m\u00e4nniskor. Jag s\u00e4ger ett och annat som l\u00e5ter hyfsat skarpsinnigt men som grundar sig p\u00e5 studier av \u201dGudfadern\u201d-rullarna.<br>\u2013?Man f\u00e5r inte gl\u00f6mma att det \u00e4r invandringspolitiken som b\u00e4r skulden, s\u00e4ger funktion\u00e4ren, inte invandrarna.<br>Jag blir ytterligare lite mer illa till mods. Nyss flaggade han f\u00f6r mer traditionellt rasistiska \u00e5sikter. Nu n\u00e4rmar han sig samma \u00e5sikter, fast fr\u00e5n ett annat h\u00e5ll, ett som l\u00e5ter lite hyggligare:<\/p>\n\n\n\n<p class=\"has-text-align-left\">Ni \u00e4r invandrare, och man kan inte f\u00f6rv\u00e4nta sig lika mycket av er som av oss andra. Om ni Klumpar Ihop Er f\u00f6r m\u00e5nga p\u00e5 samma st\u00e4lle, d\u00e5 \u00e4r det klart att ni g\u00e5r med i brottssyndikat och b\u00f6rjar br\u00e4nna ner radhus.<br>Det blir en f\u00f6rf\u00e4rlig kv\u00e4ll. Jag h\u00e5ller tomt skramlande l\u00e5da inf\u00f6r fyra fem uttrycksl\u00f6sa ansikten. Sen \u00e5ker jag hem och k\u00e4nner hur v\u00e4rdigheten lagt sig att sova bland fiskarna.&#8221;<\/p>\n\n\n\n<p class=\"has-text-align-left\">&nbsp;<\/p>\n","protected":false},"excerpt":{"rendered":"<p>&#8230;att det \u00e4r beklagansv\u00e4rt att Bengt Ohlsson, vars kr\u00f6nikor jag annars l\u00e4ser med stort n\u00f6je, nu s\u00e4llar sig till &#8221;f\u00f6rortsbasharna&#8221;. Bengt Ohlsson Jag \u00e4r milt sagt, spyf\u00e4rdig p\u00e5 representanter f\u00f6r mediaeliten, f\u00f6retr\u00e4desvis bosatta p\u00e5 arbetarstadsdelen S\u00f6dermalm, sj\u00e4lvf\u00f6rklarade goda smakens, den &hellip; <a href=\"http:\/\/www.susannavaris.com\/blogg\/2011\/06\/for-ovrigt-anser-jag\/\">Forts\u00e4tt l\u00e4sa <span class=\"meta-nav\">&rarr;<\/span><\/a><\/p>\n","protected":false},"author":1,"featured_media":0,"comment_status":"open","ping_status":"open","sticky":false,"template":"","format":"standard","meta":{"footnotes":""},"categories":[178,8,589,1,590],"tags":[174,175,176,177,121],"class_list":["post-565","post","type-post","status-publish","format-standard","hentry","category-blodtryckshojare","category-for-ovrigt-anser-jag-att","category-medier","category-okategoriserade","category-politik","tag-bengt-ohlsson","tag-dn","tag-forort","tag-forotsbashing","tag-sodertalje"],"_links":{"self":[{"href":"http:\/\/www.susannavaris.com\/blogg\/wp-json\/wp\/v2\/posts\/565","targetHints":{"allow":["GET"]}}],"collection":[{"href":"http:\/\/www.susannavaris.com\/blogg\/wp-json\/wp\/v2\/posts"}],"about":[{"href":"http:\/\/www.susannavaris.com\/blogg\/wp-json\/wp\/v2\/types\/post"}],"author":[{"embeddable":true,"href":"http:\/\/www.susannavaris.com\/blogg\/wp-json\/wp\/v2\/users\/1"}],"replies":[{"embeddable":true,"href":"http:\/\/www.susannavaris.com\/blogg\/wp-json\/wp\/v2\/comments?post=565"}],"version-history":[{"count":8,"href":"http:\/\/www.susannavaris.com\/blogg\/wp-json\/wp\/v2\/posts\/565\/revisions"}],"predecessor-version":[{"id":17680,"href":"http:\/\/www.susannavaris.com\/blogg\/wp-json\/wp\/v2\/posts\/565\/revisions\/17680"}],"wp:attachment":[{"href":"http:\/\/www.susannavaris.com\/blogg\/wp-json\/wp\/v2\/media?parent=565"}],"wp:term":[{"taxonomy":"category","embeddable":true,"href":"http:\/\/www.susannavaris.com\/blogg\/wp-json\/wp\/v2\/categories?post=565"},{"taxonomy":"post_tag","embeddable":true,"href":"http:\/\/www.susannavaris.com\/blogg\/wp-json\/wp\/v2\/tags?post=565"}],"curies":[{"name":"wp","href":"https:\/\/api.w.org\/{rel}","templated":true}]}}