{"id":5662,"date":"2012-05-26T19:33:53","date_gmt":"2012-05-26T17:33:53","guid":{"rendered":"http:\/\/www.susannavaris.com\/blogg\/?p=5662"},"modified":"2012-05-26T19:33:53","modified_gmt":"2012-05-26T17:33:53","slug":"makode-lindes-retrospektiv","status":"publish","type":"post","link":"http:\/\/www.susannavaris.com\/blogg\/2012\/05\/makode-lindes-retrospektiv\/","title":{"rendered":"Makode Lindes retrospektiv"},"content":{"rendered":"<p style=\"text-align: center;\"><a href=\"http:\/\/www.susannavaris.com\/blogg\/wp-content\/uploads\/2012\/05\/makode1.jpg\"><img loading=\"lazy\" decoding=\"async\" class=\"aligncenter size-full wp-image-5663\" title=\"makode1\" src=\"http:\/\/www.susannavaris.com\/blogg\/wp-content\/uploads\/2012\/05\/makode1.jpg\" alt=\"\" width=\"683\" height=\"430\" srcset=\"http:\/\/www.susannavaris.com\/blogg\/wp-content\/uploads\/2012\/05\/makode1.jpg 683w, http:\/\/www.susannavaris.com\/blogg\/wp-content\/uploads\/2012\/05\/makode1-300x188.jpg 300w\" sizes=\"auto, (max-width: 683px) 100vw, 683px\" \/><\/a>\u00a0<em>Foto: Nicklas Thegerstr\u00f6m<\/em><\/p>\n<p style=\"text-align: center;\">Jag har inte sj\u00e4lv bes\u00f6kt den omsusade konstn\u00e4ren Makode Lindes retrospektiv p\u00e5 Galleri Jonas Kleerup (var annars?), men Anna Brodow Inzaina skriver mycket bra om det p\u00e5 sin blogg:<\/p>\n<p style=\"text-align: center;\"><a href=\"http:\/\/www.blogkeen.com\/view_blog2.aspx?blog=308903&amp;row=1\">http:\/\/www.blogkeen.com\/view_blog2.aspx?blog=308903&amp;row=1<\/a><\/p>\n<p style=\"text-align: center;\">&#8230;men jag skrev om t\u00e5rtskandalen:<\/p>\n<p style=\"text-align: center;\"><a href=\"http:\/\/www.susannavaris.com\/blogg\/2012\/04\/veckans-rasistiska-tarta\/\">http:\/\/www.susannavaris.com\/blogg\/2012\/04\/veckans-rasistiska-tarta\/<\/a><\/p>\n<p style=\"text-align: center;\">Andra artiklar:<\/p>\n<p style=\"text-align: center;\"><a href=\"http:\/\/www.dn.se\/kultur-noje\/konst-form\/makode-linde-nu-far-tartan-ett-sammanhang\">http:\/\/www.dn.se\/kultur-noje\/konst-form\/makode-linde-nu-far-tartan-ett-sammanhang<\/a><\/p>\n<p style=\"text-align: center;\"><a href=\"http:\/\/www.svd.se\/kultur\/lindes-arende-klarar_7229387.svd\">http:\/\/www.svd.se\/kultur\/lindes-arende-klarar_7229387.svd<\/a><\/p>\n<p style=\"text-align: center;\"><a href=\"http:\/\/www.aftonbladet.se\/kultur\/konst\/article14877903.ab\">http:\/\/www.aftonbladet.se\/kultur\/konst\/article14877903.ab<\/a><\/p>\n<p style=\"text-align: center;\"><a href=\"http:\/\/www.expressen.se\/kultur\/makode-linde-jonas-kleerup-galleri\/\">http:\/\/www.expressen.se\/kultur\/makode-linde-jonas-kleerup-galleri\/<\/a><\/p>\n<p style=\"text-align: center;\">Vill ni f\u00f6rresten veta vem som bakade den fam\u00f6sa t\u00e5rtan? Allt Om Mat rapporterar:<\/p>\n<p style=\"text-align: center;\"><a href=\"http:\/\/blogg.alltommat.se\/gottochkort\/2012\/05\/25\/de-bakade-makode-lindes-skriktarta\/\">http:\/\/blogg.alltommat.se\/gottochkort\/2012\/05\/25\/de-bakade-makode-lindes-skriktarta\/<\/a><\/p>\n<p style=\"text-align: center;\">\n","protected":false},"excerpt":{"rendered":"<p>\u00a0Foto: Nicklas Thegerstr\u00f6m Jag har inte sj\u00e4lv bes\u00f6kt den omsusade konstn\u00e4ren Makode Lindes retrospektiv p\u00e5 Galleri Jonas Kleerup (var annars?), men Anna Brodow Inzaina skriver mycket bra om det p\u00e5 sin blogg: http:\/\/www.blogkeen.com\/view_blog2.aspx?blog=308903&amp;row=1 &#8230;men jag skrev om t\u00e5rtskandalen: http:\/\/www.susannavaris.com\/blogg\/2012\/04\/veckans-rasistiska-tarta\/ Andra &hellip; <a href=\"http:\/\/www.susannavaris.com\/blogg\/2012\/05\/makode-lindes-retrospektiv\/\">Forts\u00e4tt l\u00e4sa <span class=\"meta-nav\">&rarr;<\/span><\/a><\/p>\n","protected":false},"author":1,"featured_media":0,"comment_status":"open","ping_status":"open","sticky":false,"template":"","format":"standard","meta":{"footnotes":""},"categories":[3,1162,589,1,590,4],"tags":[1842,418,1846,1843,17,1651,1845,1844,722,1847,1654],"class_list":["post-5662","post","type-post","status-publish","format-standard","hentry","category-konst","category-kultur","category-medier","category-okategoriserade","category-politik","category-utstallning","tag-anna-brodow-inzaina","tag-art","tag-blackface","tag-galleri-jonas-kleerup","tag-konst-2","tag-makode-linde","tag-modern","tag-modern-konst","tag-rasism","tag-retrospektiv","tag-tarta"],"_links":{"self":[{"href":"http:\/\/www.susannavaris.com\/blogg\/wp-json\/wp\/v2\/posts\/5662","targetHints":{"allow":["GET"]}}],"collection":[{"href":"http:\/\/www.susannavaris.com\/blogg\/wp-json\/wp\/v2\/posts"}],"about":[{"href":"http:\/\/www.susannavaris.com\/blogg\/wp-json\/wp\/v2\/types\/post"}],"author":[{"embeddable":true,"href":"http:\/\/www.susannavaris.com\/blogg\/wp-json\/wp\/v2\/users\/1"}],"replies":[{"embeddable":true,"href":"http:\/\/www.susannavaris.com\/blogg\/wp-json\/wp\/v2\/comments?post=5662"}],"version-history":[{"count":2,"href":"http:\/\/www.susannavaris.com\/blogg\/wp-json\/wp\/v2\/posts\/5662\/revisions"}],"predecessor-version":[{"id":5665,"href":"http:\/\/www.susannavaris.com\/blogg\/wp-json\/wp\/v2\/posts\/5662\/revisions\/5665"}],"wp:attachment":[{"href":"http:\/\/www.susannavaris.com\/blogg\/wp-json\/wp\/v2\/media?parent=5662"}],"wp:term":[{"taxonomy":"category","embeddable":true,"href":"http:\/\/www.susannavaris.com\/blogg\/wp-json\/wp\/v2\/categories?post=5662"},{"taxonomy":"post_tag","embeddable":true,"href":"http:\/\/www.susannavaris.com\/blogg\/wp-json\/wp\/v2\/tags?post=5662"}],"curies":[{"name":"wp","href":"https:\/\/api.w.org\/{rel}","templated":true}]}}