{"id":5666,"date":"2012-05-27T00:40:11","date_gmt":"2012-05-26T22:40:11","guid":{"rendered":"http:\/\/www.susannavaris.com\/blogg\/?p=5666"},"modified":"2012-05-27T00:45:07","modified_gmt":"2012-05-26T22:45:07","slug":"loreen-vinner-eurovision-songcontest-for-sverige","status":"publish","type":"post","link":"http:\/\/www.susannavaris.com\/blogg\/2012\/05\/loreen-vinner-eurovision-songcontest-for-sverige\/","title":{"rendered":"Loreen vinner Eurovision Songcontest f\u00f6r Sverige"},"content":{"rendered":"<p style=\"text-align: center;\">GRATTIS LOREEN OCH GRATTIS SVERIGE!!<\/p>\n<p style=\"text-align: center;\"><a href=\"http:\/\/www.susannavaris.com\/blogg\/wp-content\/uploads\/2012\/05\/YnEdqSeMQnysvsgU8THaEzkUbnL_1200.jpg\"><img loading=\"lazy\" decoding=\"async\" class=\"aligncenter size-large wp-image-5667\" title=\"YnEdqSeMQnysvsgU8THaEzkUbnL_1200\" src=\"http:\/\/www.susannavaris.com\/blogg\/wp-content\/uploads\/2012\/05\/YnEdqSeMQnysvsgU8THaEzkUbnL_1200-1024x762.jpg\" alt=\"\" width=\"640\" height=\"476\" srcset=\"http:\/\/www.susannavaris.com\/blogg\/wp-content\/uploads\/2012\/05\/YnEdqSeMQnysvsgU8THaEzkUbnL_1200-1024x762.jpg 1024w, http:\/\/www.susannavaris.com\/blogg\/wp-content\/uploads\/2012\/05\/YnEdqSeMQnysvsgU8THaEzkUbnL_1200-300x223.jpg 300w, http:\/\/www.susannavaris.com\/blogg\/wp-content\/uploads\/2012\/05\/YnEdqSeMQnysvsgU8THaEzkUbnL_1200.jpg 1200w\" sizes=\"auto, (max-width: 640px) 100vw, 640px\" \/><\/a>\u00a0<em>Foto: SVT\/Aftonbladet<\/em><\/p>\n<p style=\"text-align: center;\">Det gick allts\u00e5 fortfarande att vinna schlagerfestivalen! S\u00e5 roligt!<\/p>\n<p style=\"text-align: center;\">Det var v\u00e4lf\u00f6rtj\u00e4nt. Euforia \u00e4r en mycket bra l\u00e5t och kammade hem hela 18 tolvor. Alla l\u00e4nder utom Italien gav den po\u00e4ng. Den gick hem i stugorna i hela schlagergemenskapen, vilket jag inte var s\u00e5 s\u00e4ker p\u00e5 att den gjorde. N\u00e4sta \u00e5r blir det schlageryra i Sverige!<\/p>\n<p style=\"text-align: center;\"><a href=\"http:\/\/www.aftonbladet.se\/nojesbladet\/melodifestivalen\/article14886569.ab\">http:\/\/www.aftonbladet.se\/nojesbladet\/melodifestivalen\/article14886569.ab<\/a><\/p>\n<p style=\"text-align: center;\"><a href=\"http:\/\/www.dn.se\/kultur-noje\/musik\/hanna-fahl-en-speciell-historisk-tavling-pa-flera-satt\">http:\/\/www.dn.se\/kultur-noje\/musik\/hanna-fahl-en-speciell-historisk-tavling-pa-flera-satt<\/a><\/p>\n<p style=\"text-align: center;\"><a href=\"http:\/\/www.expressen.se\/noje\/loreens-superseger---vann-arets-eurovision\/\">http:\/\/www.expressen.se\/noje\/loreens-superseger&#8212;vann-arets-eurovision\/<\/a><\/p>\n<p style=\"text-align: center;\"><a href=\"http:\/\/www.svd.se\/kultur\/hon-krossade-sina-motstandare_7232603.svd\">http:\/\/www.svd.se\/kultur\/hon-krossade-sina-motstandare_7232603.svd<\/a><\/p>\n","protected":false},"excerpt":{"rendered":"<p>GRATTIS LOREEN OCH GRATTIS SVERIGE!! \u00a0Foto: SVT\/Aftonbladet Det gick allts\u00e5 fortfarande att vinna schlagerfestivalen! S\u00e5 roligt! Det var v\u00e4lf\u00f6rtj\u00e4nt. Euforia \u00e4r en mycket bra l\u00e5t och kammade hem hela 18 tolvor. Alla l\u00e4nder utom Italien gav den po\u00e4ng. Den gick &hellip; <a href=\"http:\/\/www.susannavaris.com\/blogg\/2012\/05\/loreen-vinner-eurovision-songcontest-for-sverige\/\">Forts\u00e4tt l\u00e4sa <span class=\"meta-nav\">&rarr;<\/span><\/a><\/p>\n","protected":false},"author":1,"featured_media":0,"comment_status":"open","ping_status":"open","sticky":false,"template":"","format":"standard","meta":{"footnotes":""},"categories":[1419,1162,589,994,1,384],"tags":[1481,1840,1848,1839,1841],"class_list":["post-5666","post","type-post","status-publish","format-standard","hentry","category-konsert","category-kultur","category-medier","category-musik","category-okategoriserade","category-tv","tag-1481","tag-euforia","tag-eurovision-song-contest","tag-loreen","tag-schlagerfestivalen"],"_links":{"self":[{"href":"http:\/\/www.susannavaris.com\/blogg\/wp-json\/wp\/v2\/posts\/5666","targetHints":{"allow":["GET"]}}],"collection":[{"href":"http:\/\/www.susannavaris.com\/blogg\/wp-json\/wp\/v2\/posts"}],"about":[{"href":"http:\/\/www.susannavaris.com\/blogg\/wp-json\/wp\/v2\/types\/post"}],"author":[{"embeddable":true,"href":"http:\/\/www.susannavaris.com\/blogg\/wp-json\/wp\/v2\/users\/1"}],"replies":[{"embeddable":true,"href":"http:\/\/www.susannavaris.com\/blogg\/wp-json\/wp\/v2\/comments?post=5666"}],"version-history":[{"count":4,"href":"http:\/\/www.susannavaris.com\/blogg\/wp-json\/wp\/v2\/posts\/5666\/revisions"}],"predecessor-version":[{"id":5670,"href":"http:\/\/www.susannavaris.com\/blogg\/wp-json\/wp\/v2\/posts\/5666\/revisions\/5670"}],"wp:attachment":[{"href":"http:\/\/www.susannavaris.com\/blogg\/wp-json\/wp\/v2\/media?parent=5666"}],"wp:term":[{"taxonomy":"category","embeddable":true,"href":"http:\/\/www.susannavaris.com\/blogg\/wp-json\/wp\/v2\/categories?post=5666"},{"taxonomy":"post_tag","embeddable":true,"href":"http:\/\/www.susannavaris.com\/blogg\/wp-json\/wp\/v2\/tags?post=5666"}],"curies":[{"name":"wp","href":"https:\/\/api.w.org\/{rel}","templated":true}]}}