{"id":573,"date":"2011-06-04T23:07:30","date_gmt":"2011-06-04T21:07:30","guid":{"rendered":"http:\/\/www.susannavaris.com\/blogg\/?p=573"},"modified":"2023-02-13T17:22:45","modified_gmt":"2023-02-13T16:22:45","slug":"blodtryckshojare","status":"publish","type":"post","link":"http:\/\/www.susannavaris.com\/blogg\/2011\/06\/blodtryckshojare\/","title":{"rendered":"Blodtrycksh\u00f6jare"},"content":{"rendered":"<div class=\"wp-block-image\">\n<figure class=\"aligncenter size-large\"><img loading=\"lazy\" decoding=\"async\" width=\"1024\" height=\"1024\" src=\"http:\/\/www.susannavaris.com\/blogg\/wp-content\/uploads\/2023\/02\/Bild-borttagen-2-1024x1024.jpg\" alt=\"\" class=\"wp-image-17623\" title=\"jos440_107218899\" srcset=\"http:\/\/www.susannavaris.com\/blogg\/wp-content\/uploads\/2023\/02\/Bild-borttagen-2-1024x1024.jpg 1024w, http:\/\/www.susannavaris.com\/blogg\/wp-content\/uploads\/2023\/02\/Bild-borttagen-2-300x300.jpg 300w, http:\/\/www.susannavaris.com\/blogg\/wp-content\/uploads\/2023\/02\/Bild-borttagen-2-150x150.jpg 150w, http:\/\/www.susannavaris.com\/blogg\/wp-content\/uploads\/2023\/02\/Bild-borttagen-2-768x768.jpg 768w, http:\/\/www.susannavaris.com\/blogg\/wp-content\/uploads\/2023\/02\/Bild-borttagen-2-1536x1536.jpg 1536w, http:\/\/www.susannavaris.com\/blogg\/wp-content\/uploads\/2023\/02\/Bild-borttagen-2-2048x2048.jpg 2048w\" sizes=\"auto, (max-width: 1024px) 100vw, 1024px\" \/><\/figure>\n<\/div>\n\n\n<p>N\u00e4r jag h\u00f6r begreppet &#8221;stark kvinna&#8221; os\u00e4krar jag min revolver. Idag l\u00e4ser jag i DN:s kulturbilaga en mediekr\u00f6nika inneh\u00e5llande detta begrepp. DN:s kulturdel b\u00f6rjar snart fungera lika bra som Aftonbladets kultursida som blodtrycksh\u00f6jare.<\/p>\n\n\n<div class=\"wp-block-image\">\n<figure class=\"aligncenter size-large\"><img loading=\"lazy\" decoding=\"async\" width=\"1024\" height=\"1024\" src=\"http:\/\/www.susannavaris.com\/blogg\/wp-content\/uploads\/2023\/02\/Bild-borttagen-1024x1024.jpg\" alt=\"\" class=\"wp-image-17619\" title=\"fahlfront_15973c\" srcset=\"http:\/\/www.susannavaris.com\/blogg\/wp-content\/uploads\/2023\/02\/Bild-borttagen-1024x1024.jpg 1024w, http:\/\/www.susannavaris.com\/blogg\/wp-content\/uploads\/2023\/02\/Bild-borttagen-300x300.jpg 300w, http:\/\/www.susannavaris.com\/blogg\/wp-content\/uploads\/2023\/02\/Bild-borttagen-150x150.jpg 150w, http:\/\/www.susannavaris.com\/blogg\/wp-content\/uploads\/2023\/02\/Bild-borttagen-768x768.jpg 768w, http:\/\/www.susannavaris.com\/blogg\/wp-content\/uploads\/2023\/02\/Bild-borttagen-1536x1536.jpg 1536w, http:\/\/www.susannavaris.com\/blogg\/wp-content\/uploads\/2023\/02\/Bild-borttagen-2048x2048.jpg 2048w\" sizes=\"auto, (max-width: 1024px) 100vw, 1024px\" \/><\/figure>\n<\/div>\n\n\n<p class=\"has-text-align-center\"><em>Hanna Fahl<\/em><\/p>\n\n\n\n<p>Mediekr\u00f6nik\u00f6ren och feministen Hanna Fahl undrar var de starka kvinnorna (inom film och tv-serier) finns. Jag har alltid avskytt begreppet &#8221;stark kvinna&#8221;. Som om det vore en avvikelse p\u00e5 n\u00e5got vis, som om man m\u00e5ste understryka att h\u00e4r har vi minsann en stark kvinna, inte ett s\u00e5dant d\u00e4r vanligt m\u00e4h\u00e4. Kvinnor \u00e4r starka, det beh\u00f6ver inte markeras p\u00e5 n\u00e5got speciellt vis. Har n\u00e5gon n\u00e5gonsin h\u00f6rt talas om att den och den \u00e4r en stark man? Ut\u00f6ver n\u00e4r det g\u00e4ller n\u00e5gon specifik fysisk prestation eller s\u00e5. Men Hanna Fahl, feministen, tycker sig sakna starka kvinnor p\u00e5 film.<\/p>\n\n\n\n<p>Jag h\u00e5ller med om att det ofta \u00e4r torftigt med kvinnliga karakt\u00e4rer och visst finns det ett massivt \u00f6verfl\u00f6d av klyschaktiga kvinnoroller inom film och tv. S\u00e5 var \u00e4r brudarna som skriver mer nyanserade roller, som skriver sina ber\u00e4ttelser? &#8221;Green Hornet&#8221; handlar om superhj\u00e4ltar, traditionellten &nbsp;ganska manlig genre. &#8221;Let Me In&#8221; \u00e4r skriven av en man, ur en pojkes perspektiv. &#8221;The Social Network&#8221; handlar om en ung, manlig, datorintresserad student. Det h\u00e4r \u00e4r filmerna som Fahl exemplifierar med som bristf\u00e4lliga i feministiskt perspektiv. Var \u00e4r brudarna som skriver, \u00e4r det jag kan konstatera.<\/p>\n\n\n\n<p>I kr\u00f6nikan f\u00e5r jag ocks\u00e5 veta att svinaktigt beteende \u00e4r n\u00e5got beundransv\u00e4rt n\u00e4r det kommer fr\u00e5n en kvinna och riktas mot en man (Amy Poehlers kommentar till Jimmy Fallon), men det \u00e4r mannen som blir beskylld f\u00f6r h\u00e4rskartekniker.<\/p>\n\n\n\n<p>Jo, jag skyller p\u00e5 dig, Hanna Fahl, just idag, n\u00e4r jag blir deprimerad \u00f6ver v\u00e4rldens tillst\u00e5nd.<\/p>\n\n\n\n<p class=\"has-text-align-center\">L\u00e4s kr\u00f6nikan h\u00e4r:<\/p>\n\n\n\n<p class=\"has-text-align-center\"><a href=\"http:\/\/www.dn.se\/kultur-noje\/film-tv\/hanna-fahl-var-ar-de-starka-kvinnorna\">http:\/\/www.dn.se\/kultur-noje\/film-tv\/hanna-fahl-var-ar-de-starka-kvinnorna<\/a><\/p>\n","protected":false},"excerpt":{"rendered":"<p>N\u00e4r jag h\u00f6r begreppet &#8221;stark kvinna&#8221; os\u00e4krar jag min revolver. Idag l\u00e4ser jag i DN:s kulturbilaga en mediekr\u00f6nika inneh\u00e5llande detta begrepp. DN:s kulturdel b\u00f6rjar snart fungera lika bra som Aftonbladets kultursida som blodtrycksh\u00f6jare. Hanna Fahl Mediekr\u00f6nik\u00f6ren och feministen Hanna Fahl &hellip; <a href=\"http:\/\/www.susannavaris.com\/blogg\/2011\/06\/blodtryckshojare\/\">Forts\u00e4tt l\u00e4sa <span class=\"meta-nav\">&rarr;<\/span><\/a><\/p>\n","protected":false},"author":1,"featured_media":575,"comment_status":"open","ping_status":"open","sticky":false,"template":"","format":"standard","meta":{"footnotes":""},"categories":[178,9,259,589,1,590],"tags":[180,175,4900,179],"class_list":["post-573","post","type-post","status-publish","format-standard","has-post-thumbnail","hentry","category-blodtryckshojare","category-film","category-genusvetenskap","category-medier","category-okategoriserade","category-politik","tag-amy-poehler","tag-dn","tag-feminism","tag-hanna-fahl"],"_links":{"self":[{"href":"http:\/\/www.susannavaris.com\/blogg\/wp-json\/wp\/v2\/posts\/573","targetHints":{"allow":["GET"]}}],"collection":[{"href":"http:\/\/www.susannavaris.com\/blogg\/wp-json\/wp\/v2\/posts"}],"about":[{"href":"http:\/\/www.susannavaris.com\/blogg\/wp-json\/wp\/v2\/types\/post"}],"author":[{"embeddable":true,"href":"http:\/\/www.susannavaris.com\/blogg\/wp-json\/wp\/v2\/users\/1"}],"replies":[{"embeddable":true,"href":"http:\/\/www.susannavaris.com\/blogg\/wp-json\/wp\/v2\/comments?post=573"}],"version-history":[{"count":8,"href":"http:\/\/www.susannavaris.com\/blogg\/wp-json\/wp\/v2\/posts\/573\/revisions"}],"predecessor-version":[{"id":17681,"href":"http:\/\/www.susannavaris.com\/blogg\/wp-json\/wp\/v2\/posts\/573\/revisions\/17681"}],"wp:featuredmedia":[{"embeddable":true,"href":"http:\/\/www.susannavaris.com\/blogg\/wp-json\/wp\/v2\/media\/575"}],"wp:attachment":[{"href":"http:\/\/www.susannavaris.com\/blogg\/wp-json\/wp\/v2\/media?parent=573"}],"wp:term":[{"taxonomy":"category","embeddable":true,"href":"http:\/\/www.susannavaris.com\/blogg\/wp-json\/wp\/v2\/categories?post=573"},{"taxonomy":"post_tag","embeddable":true,"href":"http:\/\/www.susannavaris.com\/blogg\/wp-json\/wp\/v2\/tags?post=573"}],"curies":[{"name":"wp","href":"https:\/\/api.w.org\/{rel}","templated":true}]}}