{"id":5743,"date":"2012-05-29T10:46:49","date_gmt":"2012-05-29T08:46:49","guid":{"rendered":"http:\/\/www.susannavaris.com\/blogg\/?p=5743"},"modified":"2012-05-29T22:32:47","modified_gmt":"2012-05-29T20:32:47","slug":"bjorn-soders-torftiga-varld","status":"publish","type":"post","link":"http:\/\/www.susannavaris.com\/blogg\/2012\/05\/bjorn-soders-torftiga-varld\/","title":{"rendered":"Bj\u00f6rn S\u00f6ders torftiga v\u00e4rld"},"content":{"rendered":"<p style=\"text-align: center;\"><a href=\"http:\/\/www.susannavaris.com\/blogg\/wp-content\/uploads\/2012\/05\/Sverigedemokraterna-Pressbilder-Bj\u00f6rn-S\u00f6der-2008-12-13.jpg\"><img loading=\"lazy\" decoding=\"async\" class=\"aligncenter size-large wp-image-5744\" title=\"Sverigedemokraterna-Pressbilder-Bj\u00f6rn-S\u00f6der-2008-12-13\" src=\"http:\/\/www.susannavaris.com\/blogg\/wp-content\/uploads\/2012\/05\/Sverigedemokraterna-Pressbilder-Bj\u00f6rn-S\u00f6der-2008-12-13-1024x704.jpg\" alt=\"\" width=\"640\" height=\"440\" srcset=\"http:\/\/www.susannavaris.com\/blogg\/wp-content\/uploads\/2012\/05\/Sverigedemokraterna-Pressbilder-Bj\u00f6rn-S\u00f6der-2008-12-13-1024x704.jpg 1024w, http:\/\/www.susannavaris.com\/blogg\/wp-content\/uploads\/2012\/05\/Sverigedemokraterna-Pressbilder-Bj\u00f6rn-S\u00f6der-2008-12-13-300x206.jpg 300w\" sizes=\"auto, (max-width: 640px) 100vw, 640px\" \/><\/a><em>\u00a0Bj\u00f6rn S\u00f6der. Foto: Sverigedemokraterna<\/em><\/p>\n<p>Vilken oerh\u00f6rt m\u00f6rk och trist verklighet en person som Bj\u00f6rn S\u00f6der verkar uppleva. Ist\u00e4llet f\u00f6r att gl\u00e4djas \u00e5t att Sverige nu vunnit Eurovision Song Contest med b\u00e5de en fantastisk artist och en fantastisk l\u00e5t, drunknar han i sitt sherlockande efter det &#8221;svenska&#8221;. Loreen och hennes dansare passerar inte svenskhetsfiltret i S\u00f6ders hj\u00e4rna. Vilket torftigt liv han verkar ha n\u00e4r dr\u00f6msamh\u00e4llet tycks inneb\u00e4ra n\u00e5got slags avsk\u00e4rmad svenskkoloni (vem som nu \u00f6verhuvudtaget \u00e4r etniskt svensk?), d\u00e4r det serveras fl\u00e4skl\u00e4gg och rotsaker och dansas till hambo (t\u00e4nk amish med kn\u00e4tofs) och som alltid och f\u00f6r evigt kommer att bli sig lik.<\/p>\n<p>(Givetvis vet jag ju ingenting om hur Bj\u00f6rn S\u00f6ders idealsamh\u00e4lle i verkligheten ser ut, jag baserar mitt satiriska antagande p\u00e5 hur jag uppfattat SD:s uttalanden och politik.)<\/p>\n<p><a href=\"http:\/\/www.dn.se\/ledare\/huvudledare\/ingen-loreen-i-sds-sverige\">http:\/\/www.dn.se\/ledare\/huvudledare\/ingen-loreen-i-sds-sverige<\/a><\/p>\n<p><a href=\"http:\/\/www.aftonbladet.se\/nojesbladet\/melodifestivalen\/article14887552.ab\">http:\/\/www.aftonbladet.se\/nojesbladet\/melodifestivalen\/article14887552.ab<\/a><\/p>\n<p><a href=\"http:\/\/www.dn.se\/kultur-noje\/loreen-ta-kulturen-och-gor-vad-fan-du-vill-med-den\">http:\/\/www.dn.se\/kultur-noje\/loreen-ta-kulturen-och-gor-vad-fan-du-vill-med-den<\/a><\/p>\n","protected":false},"excerpt":{"rendered":"<p>\u00a0Bj\u00f6rn S\u00f6der. Foto: Sverigedemokraterna Vilken oerh\u00f6rt m\u00f6rk och trist verklighet en person som Bj\u00f6rn S\u00f6der verkar uppleva. Ist\u00e4llet f\u00f6r att gl\u00e4djas \u00e5t att Sverige nu vunnit Eurovision Song Contest med b\u00e5de en fantastisk artist och en fantastisk l\u00e5t, drunknar han &hellip; <a href=\"http:\/\/www.susannavaris.com\/blogg\/2012\/05\/bjorn-soders-torftiga-varld\/\">Forts\u00e4tt l\u00e4sa <span class=\"meta-nav\">&rarr;<\/span><\/a><\/p>\n","protected":false},"author":1,"featured_media":0,"comment_status":"open","ping_status":"open","sticky":false,"template":"","format":"standard","meta":{"footnotes":""},"categories":[1162,589,994,1,590,384],"tags":[],"class_list":["post-5743","post","type-post","status-publish","format-standard","hentry","category-kultur","category-medier","category-musik","category-okategoriserade","category-politik","category-tv"],"_links":{"self":[{"href":"http:\/\/www.susannavaris.com\/blogg\/wp-json\/wp\/v2\/posts\/5743","targetHints":{"allow":["GET"]}}],"collection":[{"href":"http:\/\/www.susannavaris.com\/blogg\/wp-json\/wp\/v2\/posts"}],"about":[{"href":"http:\/\/www.susannavaris.com\/blogg\/wp-json\/wp\/v2\/types\/post"}],"author":[{"embeddable":true,"href":"http:\/\/www.susannavaris.com\/blogg\/wp-json\/wp\/v2\/users\/1"}],"replies":[{"embeddable":true,"href":"http:\/\/www.susannavaris.com\/blogg\/wp-json\/wp\/v2\/comments?post=5743"}],"version-history":[{"count":4,"href":"http:\/\/www.susannavaris.com\/blogg\/wp-json\/wp\/v2\/posts\/5743\/revisions"}],"predecessor-version":[{"id":5750,"href":"http:\/\/www.susannavaris.com\/blogg\/wp-json\/wp\/v2\/posts\/5743\/revisions\/5750"}],"wp:attachment":[{"href":"http:\/\/www.susannavaris.com\/blogg\/wp-json\/wp\/v2\/media?parent=5743"}],"wp:term":[{"taxonomy":"category","embeddable":true,"href":"http:\/\/www.susannavaris.com\/blogg\/wp-json\/wp\/v2\/categories?post=5743"},{"taxonomy":"post_tag","embeddable":true,"href":"http:\/\/www.susannavaris.com\/blogg\/wp-json\/wp\/v2\/tags?post=5743"}],"curies":[{"name":"wp","href":"https:\/\/api.w.org\/{rel}","templated":true}]}}