{"id":5845,"date":"2012-06-03T20:43:37","date_gmt":"2012-06-03T18:43:37","guid":{"rendered":"http:\/\/www.susannavaris.com\/blogg\/?p=5845"},"modified":"2012-06-03T20:43:37","modified_gmt":"2012-06-03T18:43:37","slug":"affarside","status":"publish","type":"post","link":"http:\/\/www.susannavaris.com\/blogg\/2012\/06\/affarside\/","title":{"rendered":"Aff\u00e4rsid\u00e9?"},"content":{"rendered":"<p style=\"text-align: center;\"><a href=\"http:\/\/www.susannavaris.com\/blogg\/wp-content\/uploads\/2012\/06\/kat02.jpg\"><img loading=\"lazy\" decoding=\"async\" class=\"aligncenter size-large wp-image-5846\" title=\"Owner Ishimitsu from Japan holds cat Moritz in Vienna's first cat cafe as customers arrive\" src=\"http:\/\/www.susannavaris.com\/blogg\/wp-content\/uploads\/2012\/06\/kat02-1024x679.jpg\" alt=\"\" width=\"640\" height=\"424\" srcset=\"http:\/\/www.susannavaris.com\/blogg\/wp-content\/uploads\/2012\/06\/kat02-1024x679.jpg 1024w, http:\/\/www.susannavaris.com\/blogg\/wp-content\/uploads\/2012\/06\/kat02-300x199.jpg 300w, http:\/\/www.susannavaris.com\/blogg\/wp-content\/uploads\/2012\/06\/kat02.jpg 1200w\" sizes=\"auto, (max-width: 640px) 100vw, 640px\" \/><\/a>\u00a0<em>Kaf\u00e9\u00e4garen Ishimitsu med katten Moritz p\u00e5 kaf\u00e9et Neko. Foto: Leonhard Foeger\/Reuters<\/em><\/p>\n<p>Kan inte n\u00e5gon v\u00e4nlig sj\u00e4l kopiera katt-kaf\u00e9-konceptet fr\u00e5n Wien (och f\u00f6rmodligen ursprungligen Japan), s\u00e5 att jag ocks\u00e5 kan f\u00e5 tillf\u00e4lle att gosa med katter i kaf\u00e9milj\u00f6? Jag kan inte ha katt sj\u00e4lv, fr\u00e4mst p\u00e5 grund av att jag arbetar v\u00e4ldigt oregelbundet och dessutom \u00e4r jag r\u00e4dd om n\u00e5gra m\u00f6bler vilka ur kattsynvinkel skulle utg\u00f6ra perfekta kl\u00f6sbr\u00e4dor&#8230;<\/p>\n<p><a href=\"http:\/\/www.susannavaris.com\/blogg\/wp-content\/uploads\/2012\/06\/kat01.jpg\"><img loading=\"lazy\" decoding=\"async\" class=\"aligncenter size-full wp-image-5847\" title=\"kat01\" src=\"http:\/\/www.susannavaris.com\/blogg\/wp-content\/uploads\/2012\/06\/kat01.jpg\" alt=\"\" width=\"470\" height=\"350\" srcset=\"http:\/\/www.susannavaris.com\/blogg\/wp-content\/uploads\/2012\/06\/kat01.jpg 470w, http:\/\/www.susannavaris.com\/blogg\/wp-content\/uploads\/2012\/06\/kat01-300x223.jpg 300w\" sizes=\"auto, (max-width: 470px) 100vw, 470px\" \/><\/a><\/p>\n<p style=\"text-align: center;\"><em>Bild: Alexander Klein\/ Getty Images\/AFP<\/em><\/p>\n<p style=\"text-align: center;\"><a href=\"http:\/\/www.bbc.co.uk\/news\/world-europe-18049097\">http:\/\/www.bbc.co.uk\/news\/world-europe-18049097<\/a><\/p>\n<p style=\"text-align: center;\"><a href=\"http:\/\/www.buzzfeed.com\/mjs538\/viennas-first-cat-cafe\">http:\/\/www.buzzfeed.com\/mjs538\/viennas-first-cat-cafe<\/a><\/p>\n<p style=\"text-align: center;\"><a href=\"http:\/\/www.reuters.com\/news\/pictures\/slideshow?articleId=USRTR31QSS#a=1\">http:\/\/www.reuters.com\/news\/pictures\/slideshow?articleId=USRTR31QSS#a=1<\/a><\/p>\n<p>&nbsp;<\/p>\n<p>&nbsp;<\/p>\n","protected":false},"excerpt":{"rendered":"<p>\u00a0Kaf\u00e9\u00e4garen Ishimitsu med katten Moritz p\u00e5 kaf\u00e9et Neko. Foto: Leonhard Foeger\/Reuters Kan inte n\u00e5gon v\u00e4nlig sj\u00e4l kopiera katt-kaf\u00e9-konceptet fr\u00e5n Wien (och f\u00f6rmodligen ursprungligen Japan), s\u00e5 att jag ocks\u00e5 kan f\u00e5 tillf\u00e4lle att gosa med katter i kaf\u00e9milj\u00f6? Jag kan inte &hellip; <a href=\"http:\/\/www.susannavaris.com\/blogg\/2012\/06\/affarside\/\">Forts\u00e4tt l\u00e4sa <span class=\"meta-nav\">&rarr;<\/span><\/a><\/p>\n","protected":false},"author":1,"featured_media":0,"comment_status":"open","ping_status":"open","sticky":false,"template":"","format":"standard","meta":{"footnotes":""},"categories":[1],"tags":[1900,1901,1904,1902,1903,68,67],"class_list":["post-5845","post","type-post","status-publish","format-standard","hentry","category-okategoriserade","tag-cafe","tag-cat-cafe","tag-ishimitsu","tag-kattkafe","tag-neko","tag-vienna","tag-wien"],"_links":{"self":[{"href":"http:\/\/www.susannavaris.com\/blogg\/wp-json\/wp\/v2\/posts\/5845","targetHints":{"allow":["GET"]}}],"collection":[{"href":"http:\/\/www.susannavaris.com\/blogg\/wp-json\/wp\/v2\/posts"}],"about":[{"href":"http:\/\/www.susannavaris.com\/blogg\/wp-json\/wp\/v2\/types\/post"}],"author":[{"embeddable":true,"href":"http:\/\/www.susannavaris.com\/blogg\/wp-json\/wp\/v2\/users\/1"}],"replies":[{"embeddable":true,"href":"http:\/\/www.susannavaris.com\/blogg\/wp-json\/wp\/v2\/comments?post=5845"}],"version-history":[{"count":2,"href":"http:\/\/www.susannavaris.com\/blogg\/wp-json\/wp\/v2\/posts\/5845\/revisions"}],"predecessor-version":[{"id":5849,"href":"http:\/\/www.susannavaris.com\/blogg\/wp-json\/wp\/v2\/posts\/5845\/revisions\/5849"}],"wp:attachment":[{"href":"http:\/\/www.susannavaris.com\/blogg\/wp-json\/wp\/v2\/media?parent=5845"}],"wp:term":[{"taxonomy":"category","embeddable":true,"href":"http:\/\/www.susannavaris.com\/blogg\/wp-json\/wp\/v2\/categories?post=5845"},{"taxonomy":"post_tag","embeddable":true,"href":"http:\/\/www.susannavaris.com\/blogg\/wp-json\/wp\/v2\/tags?post=5845"}],"curies":[{"name":"wp","href":"https:\/\/api.w.org\/{rel}","templated":true}]}}