{"id":59,"date":"2011-05-07T10:34:50","date_gmt":"2011-05-07T08:34:50","guid":{"rendered":"http:\/\/www.susannavaris.com\/blogg\/?p=59"},"modified":"2023-02-13T14:33:21","modified_gmt":"2023-02-13T13:33:21","slug":"det-brinner-det-brinner","status":"publish","type":"post","link":"http:\/\/www.susannavaris.com\/blogg\/2011\/05\/det-brinner-det-brinner\/","title":{"rendered":"Det brinner det brinner"},"content":{"rendered":"\n<p>Inom relativt kort tid har tv\u00e5 av mina gamla skolor brunnit. Jag har alibi f\u00f6r b\u00e5da tillf\u00e4llena.<\/p>\n\n\n\n<figure class=\"wp-block-image size-large\"><a href=\"http:\/\/www.susannavaris.com\/blogg\/wp-content\/uploads\/2023\/02\/Bild-borttagen-2-scaled.jpg\"><img loading=\"lazy\" decoding=\"async\" width=\"1024\" height=\"1024\" src=\"http:\/\/www.susannavaris.com\/blogg\/wp-content\/uploads\/2023\/02\/Bild-borttagen-2-1024x1024.jpg\" alt=\"\" class=\"wp-image-17623\" srcset=\"http:\/\/www.susannavaris.com\/blogg\/wp-content\/uploads\/2023\/02\/Bild-borttagen-2-1024x1024.jpg 1024w, http:\/\/www.susannavaris.com\/blogg\/wp-content\/uploads\/2023\/02\/Bild-borttagen-2-300x300.jpg 300w, http:\/\/www.susannavaris.com\/blogg\/wp-content\/uploads\/2023\/02\/Bild-borttagen-2-150x150.jpg 150w, http:\/\/www.susannavaris.com\/blogg\/wp-content\/uploads\/2023\/02\/Bild-borttagen-2-768x768.jpg 768w, http:\/\/www.susannavaris.com\/blogg\/wp-content\/uploads\/2023\/02\/Bild-borttagen-2-1536x1536.jpg 1536w, http:\/\/www.susannavaris.com\/blogg\/wp-content\/uploads\/2023\/02\/Bild-borttagen-2-2048x2048.jpg 2048w\" sizes=\"auto, (max-width: 1024px) 100vw, 1024px\" \/><\/a><\/figure>\n\n\n\n<p><em>Hovsj\u00f6skolan&#8230;<\/em><\/p>\n\n\n<div class=\"wp-block-image\">\n<figure class=\"aligncenter\"><a href=\"http:\/\/www.susannavaris.com\/blogg\/wp-content\/uploads\/2011\/05\/IMG_0479.jpg\"><img loading=\"lazy\" decoding=\"async\" width=\"810\" height=\"1024\" src=\"http:\/\/www.susannavaris.com\/blogg\/wp-content\/uploads\/2011\/05\/IMG_0479-810x1024.jpg\" alt=\"\" class=\"wp-image-61\" title=\"IMG_0479\" srcset=\"http:\/\/www.susannavaris.com\/blogg\/wp-content\/uploads\/2011\/05\/IMG_0479-810x1024.jpg 810w, http:\/\/www.susannavaris.com\/blogg\/wp-content\/uploads\/2011\/05\/IMG_0479-237x300.jpg 237w, http:\/\/www.susannavaris.com\/blogg\/wp-content\/uploads\/2011\/05\/IMG_0479.jpg 1032w\" sizes=\"auto, (max-width: 810px) 100vw, 810px\" \/><\/a><\/figure>\n<\/div>\n\n\n<p><em>Jag vid f\u00e4ngelsemuren i Hovsj\u00f6<\/em><\/p>\n\n\n\n<p>F\u00f6r n\u00e5got \u00e5r sedan brann den f\u00f6rhatliga pl\u00e5goanstalten Hovsj\u00f6skolan ner. Mitt best\u00e5ende minne fr\u00e5n dessa gyllene ungdoms\u00e5r \u00e4r 3 \u00e5rs kontinuerliga magv\u00e4rk. Det \u00e4r ett under att jag lyckades l\u00e4ra mig n\u00e5gonting d\u00e4r. Inte p\u00e5 grund av l\u00e4rarna, vi hade n\u00e5gra stycken mycket duktiga personer som l\u00e4rare, jag minns s\u00e4rskilt Juhani Kangasniemi i naturvetenskapliga \u00e4mnen och Kenth Hansson i bild. Juhani var krigsbarn fr\u00e5n Finland och ocks\u00e5 v\u00e5r klassf\u00f6rest\u00e5ndare. Bengt Hellman, v\u00e5r tyskal\u00e4rare, var allm\u00e4nt illa omtyckt f\u00f6r sin str\u00e4ngt disciplin\u00e4ra stil. F\u00f6r mig var de lektionerna sm\u00e5 oaser mitt i kaoset. \u00c4ntligen tyst och lugnt i klassrummet och man kunde koncentrera sig p\u00e5 att l\u00e4ra sig n\u00e5gonting.<\/p>\n\n\n\n<p>N\u00e5v\u00e4l, Hovsj\u00f6skolan gick upp i r\u00f6k h\u00e4rom\u00e5ret och det var inte en dag f\u00f6r tidigt.<\/p>\n\n\n<div class=\"wp-block-image\">\n<figure class=\"aligncenter size-large\"><img loading=\"lazy\" decoding=\"async\" width=\"1024\" height=\"680\" src=\"http:\/\/www.susannavaris.com\/blogg\/wp-content\/uploads\/2023\/02\/000-A-house_2021_-01-1024x680.jpg\" alt=\"\" class=\"wp-image-17625\" title=\"kthtomasoneborg\" srcset=\"http:\/\/www.susannavaris.com\/blogg\/wp-content\/uploads\/2023\/02\/000-A-house_2021_-01-1024x680.jpg 1024w, http:\/\/www.susannavaris.com\/blogg\/wp-content\/uploads\/2023\/02\/000-A-house_2021_-01-300x199.jpg 300w, http:\/\/www.susannavaris.com\/blogg\/wp-content\/uploads\/2023\/02\/000-A-house_2021_-01-768x510.jpg 768w, http:\/\/www.susannavaris.com\/blogg\/wp-content\/uploads\/2023\/02\/000-A-house_2021_-01-1536x1020.jpg 1536w, http:\/\/www.susannavaris.com\/blogg\/wp-content\/uploads\/2023\/02\/000-A-house_2021_-01.jpg 1920w\" sizes=\"auto, (max-width: 1024px) 100vw, 1024px\" \/><figcaption class=\"wp-element-caption\">Arkitekturskolans byggnad 2021. Foto: Wikipedia\/ <a rel=\"noreferrer noopener\" href=\"https:\/\/creativecommons.org\/licenses\/by-sa\/4.0\" target=\"_blank\">CC BY-SA 4.0<\/a><\/figcaption><\/figure>\n<\/div>\n\n<div class=\"wp-block-image\">\n<figure class=\"aligncenter size-large\"><img loading=\"lazy\" decoding=\"async\" width=\"1024\" height=\"1024\" src=\"http:\/\/www.susannavaris.com\/blogg\/wp-content\/uploads\/2023\/02\/Bild-borttagen-2-1024x1024.jpg\" alt=\"\" class=\"wp-image-17623\" title=\"KTHA\" srcset=\"http:\/\/www.susannavaris.com\/blogg\/wp-content\/uploads\/2023\/02\/Bild-borttagen-2-1024x1024.jpg 1024w, http:\/\/www.susannavaris.com\/blogg\/wp-content\/uploads\/2023\/02\/Bild-borttagen-2-300x300.jpg 300w, http:\/\/www.susannavaris.com\/blogg\/wp-content\/uploads\/2023\/02\/Bild-borttagen-2-150x150.jpg 150w, http:\/\/www.susannavaris.com\/blogg\/wp-content\/uploads\/2023\/02\/Bild-borttagen-2-768x768.jpg 768w, http:\/\/www.susannavaris.com\/blogg\/wp-content\/uploads\/2023\/02\/Bild-borttagen-2-1536x1536.jpg 1536w, http:\/\/www.susannavaris.com\/blogg\/wp-content\/uploads\/2023\/02\/Bild-borttagen-2-2048x2048.jpg 2048w\" sizes=\"auto, (max-width: 1024px) 100vw, 1024px\" \/><\/figure>\n<\/div>\n\n\n<p><em>Se s\u00e5 v\u00e4l byggnaden sm\u00e4lter in i sin omgivning.<\/em><\/p>\n\n\n\n<p>N\u00e5gra dagar sedan stod en annan byggnad, Arkitekturh\u00f6gskolan p\u00e5 \u00d6stermalm i stockholm, i l\u00e5gor. \u00c4ven denna byggnad var nog s\u00e5 avskydd. En neobrutalistisk 70-talsklump dumpad mitt p\u00e5 vackra \u00d6stermalm. Jag f\u00f6rst\u00e5r att den \u00e4r mycket stringent i sin stil. Tydligen tycker elever och l\u00e4rare att den \u00e4r funktionell. Det vete katten. L\u00e5nga, m\u00f6rka korridorer, gnisslande spiraltrappor, en ljusg\u00e5rd som fr\u00e5n vilket f\u00e4ngelse som helst. Jag trodde alltid att det var den genif\u00f6rklarade Ralph Erskine som f\u00e5tt lov att kacka ner \u00d6stermalm, p\u00e5 samma s\u00e4tt som han kackat ner den gamla husbebyggelsen vid Drottningholm med sin hangaraktiga privatbostad. men jag hade fel, Gunnar Henriksson \u00e4r vision\u00e4ren vi har att tacka.<\/p>\n\n\n<div class=\"wp-block-image\">\n<figure class=\"aligncenter\"><a href=\"http:\/\/www.susannavaris.com\/blogg\/wp-content\/uploads\/2011\/05\/kthGunnar_Henriksson.jpg\"><img loading=\"lazy\" decoding=\"async\" width=\"190\" height=\"275\" src=\"http:\/\/www.susannavaris.com\/blogg\/wp-content\/uploads\/2011\/05\/kthGunnar_Henriksson.jpg\" alt=\"\" class=\"wp-image-64\" title=\"kthGunnar_Henriksson\"\/><\/a><\/figure>\n<\/div>\n\n\n<p class=\"has-text-align-center\"><em>Gunnar Henriksson. Foto: Wikipedia\/public domain<\/em><\/p>\n\n\n\n<p>Sl\u00e4ckningsarbetet vid Arkitekturh\u00f6gskolan har tydligen f\u00f6rsv\u00e5rats av att byggnaden \u00e4r stor och med m\u00e5nga sm\u00e5 skrymslen. Man var tvungen att spr\u00e4nga upp h\u00e5l f\u00f6r att ventilera ut de farliga brandgaserna. Det har alltid varit d\u00e5lig ventilation och regnvatten har l\u00e4ckt in p\u00e5 flera st\u00e4llen. Skolan byggdes 1967 &#8211; 1969 och &#8221;fungerade&#8221; i runda sl\u00e4ngar 30 \u00e5r. Kanske vore n\u00e5gra konstruktionskurser \u00e4ven p\u00e5 arkitektlinjen inte helt fel.<\/p>\n\n\n\n<p>Jag lider med eleverna som kanske har f\u00e5tt sina arbeten f\u00f6rst\u00f6rda, men annars k\u00e4nns inte heller denna f\u00f6rlust som s\u00e5 tung.<\/p>\n","protected":false},"excerpt":{"rendered":"<p>Inom relativt kort tid har tv\u00e5 av mina gamla skolor brunnit. Jag har alibi f\u00f6r b\u00e5da tillf\u00e4llena. Hovsj\u00f6skolan&#8230; Jag vid f\u00e4ngelsemuren i Hovsj\u00f6 F\u00f6r n\u00e5got \u00e5r sedan brann den f\u00f6rhatliga pl\u00e5goanstalten Hovsj\u00f6skolan ner. Mitt best\u00e5ende minne fr\u00e5n dessa gyllene ungdoms\u00e5r &hellip; <a href=\"http:\/\/www.susannavaris.com\/blogg\/2011\/05\/det-brinner-det-brinner\/\">Forts\u00e4tt l\u00e4sa <span class=\"meta-nav\">&rarr;<\/span><\/a><\/p>\n","protected":false},"author":1,"featured_media":0,"comment_status":"open","ping_status":"open","sticky":false,"template":"","format":"standard","meta":{"footnotes":""},"categories":[1],"tags":[81,80,84,85,82,83,28],"class_list":["post-59","post","type-post","status-publish","format-standard","hentry","category-okategoriserade","tag-a-huset","tag-arkitektur","tag-brand","tag-gunnar-henriksson","tag-hovsjo","tag-hovsjoskolan","tag-kth"],"_links":{"self":[{"href":"http:\/\/www.susannavaris.com\/blogg\/wp-json\/wp\/v2\/posts\/59","targetHints":{"allow":["GET"]}}],"collection":[{"href":"http:\/\/www.susannavaris.com\/blogg\/wp-json\/wp\/v2\/posts"}],"about":[{"href":"http:\/\/www.susannavaris.com\/blogg\/wp-json\/wp\/v2\/types\/post"}],"author":[{"embeddable":true,"href":"http:\/\/www.susannavaris.com\/blogg\/wp-json\/wp\/v2\/users\/1"}],"replies":[{"embeddable":true,"href":"http:\/\/www.susannavaris.com\/blogg\/wp-json\/wp\/v2\/comments?post=59"}],"version-history":[{"count":4,"href":"http:\/\/www.susannavaris.com\/blogg\/wp-json\/wp\/v2\/posts\/59\/revisions"}],"predecessor-version":[{"id":17626,"href":"http:\/\/www.susannavaris.com\/blogg\/wp-json\/wp\/v2\/posts\/59\/revisions\/17626"}],"wp:attachment":[{"href":"http:\/\/www.susannavaris.com\/blogg\/wp-json\/wp\/v2\/media?parent=59"}],"wp:term":[{"taxonomy":"category","embeddable":true,"href":"http:\/\/www.susannavaris.com\/blogg\/wp-json\/wp\/v2\/categories?post=59"},{"taxonomy":"post_tag","embeddable":true,"href":"http:\/\/www.susannavaris.com\/blogg\/wp-json\/wp\/v2\/tags?post=59"}],"curies":[{"name":"wp","href":"https:\/\/api.w.org\/{rel}","templated":true}]}}