{"id":5927,"date":"2012-06-07T22:46:59","date_gmt":"2012-06-07T20:46:59","guid":{"rendered":"http:\/\/www.susannavaris.com\/blogg\/?p=5927"},"modified":"2012-06-07T22:46:59","modified_gmt":"2012-06-07T20:46:59","slug":"en-smula-sjalvinsikt","status":"publish","type":"post","link":"http:\/\/www.susannavaris.com\/blogg\/2012\/06\/en-smula-sjalvinsikt\/","title":{"rendered":"En smula sj\u00e4lvinsikt&#8230;"},"content":{"rendered":"<p style=\"text-align: center;\"><a href=\"http:\/\/www.susannavaris.com\/blogg\/wp-content\/uploads\/2012\/06\/Belinda_Olsson.jpg\"><img loading=\"lazy\" decoding=\"async\" class=\"aligncenter size-full wp-image-5928\" title=\"Belinda_Olsson\" src=\"http:\/\/www.susannavaris.com\/blogg\/wp-content\/uploads\/2012\/06\/Belinda_Olsson.jpg\" alt=\"\" width=\"560\" height=\"373\" srcset=\"http:\/\/www.susannavaris.com\/blogg\/wp-content\/uploads\/2012\/06\/Belinda_Olsson.jpg 560w, http:\/\/www.susannavaris.com\/blogg\/wp-content\/uploads\/2012\/06\/Belinda_Olsson-300x199.jpg 300w\" sizes=\"auto, (max-width: 560px) 100vw, 560px\" \/><\/a>\u00a0<em>Belinda Olsson. Foto: Sidbloggen<\/em><\/p>\n<p style=\"text-align: center;\">&#8230;levererar Belinda Olsson, som \u00f6ver sommaren ska skriva kolumner i Aftonbladet, i dagens tidning:<\/p>\n<p style=\"text-align: center;\"><a href=\"http:\/\/www.aftonbladet.se\/nyheter\/kolumnister\/belindaolsson\/article14939658.ab\">http:\/\/www.aftonbladet.se\/nyheter\/kolumnister\/belindaolsson\/article14939658.ab<\/a><\/p>\n<p style=\"text-align: center;\">Lite h\u00e4lsosam sj\u00e4lvkritik- och insikt kan aldrig skada hos journalistk\u00e5ren (s\u00e4rskilt den delen som \u00e4r bosatt i den gravt segregerade mediestadsdelen s\u00f6der om city&#8230;)<\/p>\n","protected":false},"excerpt":{"rendered":"<p>\u00a0Belinda Olsson. Foto: Sidbloggen &#8230;levererar Belinda Olsson, som \u00f6ver sommaren ska skriva kolumner i Aftonbladet, i dagens tidning: http:\/\/www.aftonbladet.se\/nyheter\/kolumnister\/belindaolsson\/article14939658.ab Lite h\u00e4lsosam sj\u00e4lvkritik- och insikt kan aldrig skada hos journalistk\u00e5ren (s\u00e4rskilt den delen som \u00e4r bosatt i den gravt segregerade mediestadsdelen &hellip; <a href=\"http:\/\/www.susannavaris.com\/blogg\/2012\/06\/en-smula-sjalvinsikt\/\">Forts\u00e4tt l\u00e4sa <span class=\"meta-nav\">&rarr;<\/span><\/a><\/p>\n","protected":false},"author":1,"featured_media":0,"comment_status":"open","ping_status":"open","sticky":false,"template":"","format":"standard","meta":{"footnotes":""},"categories":[1162,589,1,384],"tags":[149,1927,719,4922],"class_list":["post-5927","post","type-post","status-publish","format-standard","hentry","category-kultur","category-medier","category-okategoriserade","category-tv","tag-aftonbladet","tag-belinda-olsson","tag-debatt","tag-journalistik"],"_links":{"self":[{"href":"http:\/\/www.susannavaris.com\/blogg\/wp-json\/wp\/v2\/posts\/5927","targetHints":{"allow":["GET"]}}],"collection":[{"href":"http:\/\/www.susannavaris.com\/blogg\/wp-json\/wp\/v2\/posts"}],"about":[{"href":"http:\/\/www.susannavaris.com\/blogg\/wp-json\/wp\/v2\/types\/post"}],"author":[{"embeddable":true,"href":"http:\/\/www.susannavaris.com\/blogg\/wp-json\/wp\/v2\/users\/1"}],"replies":[{"embeddable":true,"href":"http:\/\/www.susannavaris.com\/blogg\/wp-json\/wp\/v2\/comments?post=5927"}],"version-history":[{"count":2,"href":"http:\/\/www.susannavaris.com\/blogg\/wp-json\/wp\/v2\/posts\/5927\/revisions"}],"predecessor-version":[{"id":5930,"href":"http:\/\/www.susannavaris.com\/blogg\/wp-json\/wp\/v2\/posts\/5927\/revisions\/5930"}],"wp:attachment":[{"href":"http:\/\/www.susannavaris.com\/blogg\/wp-json\/wp\/v2\/media?parent=5927"}],"wp:term":[{"taxonomy":"category","embeddable":true,"href":"http:\/\/www.susannavaris.com\/blogg\/wp-json\/wp\/v2\/categories?post=5927"},{"taxonomy":"post_tag","embeddable":true,"href":"http:\/\/www.susannavaris.com\/blogg\/wp-json\/wp\/v2\/tags?post=5927"}],"curies":[{"name":"wp","href":"https:\/\/api.w.org\/{rel}","templated":true}]}}