{"id":5943,"date":"2012-06-10T22:23:39","date_gmt":"2012-06-10T20:23:39","guid":{"rendered":"http:\/\/www.susannavaris.com\/blogg\/?p=5943"},"modified":"2012-06-10T22:23:39","modified_gmt":"2012-06-10T20:23:39","slug":"det-politiskt-korrekta-hatet","status":"publish","type":"post","link":"http:\/\/www.susannavaris.com\/blogg\/2012\/06\/det-politiskt-korrekta-hatet\/","title":{"rendered":"Det politiskt korrekta hatet"},"content":{"rendered":"<p style=\"text-align: center;\">Claes Arvidsson skriver i Svenska Dagbladet idag mycket bra om det finare hatet, som ocks\u00e5 jag har ber\u00f6rt h\u00e4r p\u00e5 bloggen:<\/p>\n<p><a href=\"http:\/\/www.svd.se\/opinion\/ledarsidan\/har-vanstern-en-finare-sorts-hat_7265701.svd\">http:\/\/www.svd.se\/opinion\/ledarsidan\/har-vanstern-en-finare-sorts-hat_7265701.svd<\/a><\/p>\n<p>Det har onekligen handlat en hel del om v\u00e4nster-h\u00f6ger-polarisering och klasshat p\u00e5 sistone. Linderborg har p\u00e5 sin sida i Aftonbladet gjort sitt b\u00e4sta f\u00f6r att f\u00f6rknippa alla till h\u00f6ger om hennes ytterv\u00e4nsterst\u00e5ndpunkt med Breivik, samt ih\u00e4rdigt f\u00f6rs\u00f6kt pumpa liv i n\u00e5gon slags klasshat. Hon har f\u00e5tt mothugg fr\u00e5n bland andra Johan Lundberg, Roland Poirier Martinsson, Olle Svenning och en hel del andra skribenter. Jag har inte s\u00e5 mycket att tillf\u00f6ra i den diskussionen, det mesta \u00e4r redan sagt och formulerat mycket v\u00e4l.<\/p>\n","protected":false},"excerpt":{"rendered":"<p>Claes Arvidsson skriver i Svenska Dagbladet idag mycket bra om det finare hatet, som ocks\u00e5 jag har ber\u00f6rt h\u00e4r p\u00e5 bloggen: http:\/\/www.svd.se\/opinion\/ledarsidan\/har-vanstern-en-finare-sorts-hat_7265701.svd Det har onekligen handlat en hel del om v\u00e4nster-h\u00f6ger-polarisering och klasshat p\u00e5 sistone. Linderborg har p\u00e5 sin sida &hellip; <a href=\"http:\/\/www.susannavaris.com\/blogg\/2012\/06\/det-politiskt-korrekta-hatet\/\">Forts\u00e4tt l\u00e4sa <span class=\"meta-nav\">&rarr;<\/span><\/a><\/p>\n","protected":false},"author":1,"featured_media":0,"comment_status":"open","ping_status":"open","sticky":false,"template":"","format":"standard","meta":{"footnotes":""},"categories":[589,1,590],"tags":[225,1934,1935,229],"class_list":["post-5943","post","type-post","status-publish","format-standard","hentry","category-medier","category-okategoriserade","category-politik","tag-asa-linderborg","tag-claes-arvidsson","tag-klasshat","tag-vanstern"],"_links":{"self":[{"href":"http:\/\/www.susannavaris.com\/blogg\/wp-json\/wp\/v2\/posts\/5943","targetHints":{"allow":["GET"]}}],"collection":[{"href":"http:\/\/www.susannavaris.com\/blogg\/wp-json\/wp\/v2\/posts"}],"about":[{"href":"http:\/\/www.susannavaris.com\/blogg\/wp-json\/wp\/v2\/types\/post"}],"author":[{"embeddable":true,"href":"http:\/\/www.susannavaris.com\/blogg\/wp-json\/wp\/v2\/users\/1"}],"replies":[{"embeddable":true,"href":"http:\/\/www.susannavaris.com\/blogg\/wp-json\/wp\/v2\/comments?post=5943"}],"version-history":[{"count":3,"href":"http:\/\/www.susannavaris.com\/blogg\/wp-json\/wp\/v2\/posts\/5943\/revisions"}],"predecessor-version":[{"id":5946,"href":"http:\/\/www.susannavaris.com\/blogg\/wp-json\/wp\/v2\/posts\/5943\/revisions\/5946"}],"wp:attachment":[{"href":"http:\/\/www.susannavaris.com\/blogg\/wp-json\/wp\/v2\/media?parent=5943"}],"wp:term":[{"taxonomy":"category","embeddable":true,"href":"http:\/\/www.susannavaris.com\/blogg\/wp-json\/wp\/v2\/categories?post=5943"},{"taxonomy":"post_tag","embeddable":true,"href":"http:\/\/www.susannavaris.com\/blogg\/wp-json\/wp\/v2\/tags?post=5943"}],"curies":[{"name":"wp","href":"https:\/\/api.w.org\/{rel}","templated":true}]}}