{"id":5948,"date":"2012-06-11T23:39:26","date_gmt":"2012-06-11T21:39:26","guid":{"rendered":"http:\/\/www.susannavaris.com\/blogg\/?p=5948"},"modified":"2012-06-11T23:39:26","modified_gmt":"2012-06-11T21:39:26","slug":"tiden-som-inte-finns","status":"publish","type":"post","link":"http:\/\/www.susannavaris.com\/blogg\/2012\/06\/tiden-som-inte-finns\/","title":{"rendered":"Tiden som inte finns"},"content":{"rendered":"<p><a href=\"http:\/\/www.susannavaris.com\/blogg\/wp-content\/uploads\/2012\/06\/Time-1.jpg\"><img loading=\"lazy\" decoding=\"async\" class=\"aligncenter size-full wp-image-5949\" title=\"Time (1)\" src=\"http:\/\/www.susannavaris.com\/blogg\/wp-content\/uploads\/2012\/06\/Time-1.jpg\" alt=\"\" width=\"499\" height=\"599\" srcset=\"http:\/\/www.susannavaris.com\/blogg\/wp-content\/uploads\/2012\/06\/Time-1.jpg 499w, http:\/\/www.susannavaris.com\/blogg\/wp-content\/uploads\/2012\/06\/Time-1-249x300.jpg 249w\" sizes=\"auto, (max-width: 499px) 100vw, 499px\" \/><\/a><\/p>\n<p>Tiden rinner iv\u00e4g. S\u00e5 m\u00e5nga projekt, s\u00e5 m\u00e5nga verk som borde hinnas med. Ett av projekten \u00e4r ett gemensamt initiativ, som jag g\u00e4rna skulle vilja se f\u00f6rverkligad en dag. Men ibland k\u00e4nns allting segt, tiden tycks inte finnas, eller s\u00e5 finns inte orken d\u00e4r. Det r\u00f6r sig inte fram\u00e5t, men samtidigt \u00e4r det ett projekt som skulle kunna f\u00e5 oss b\u00e5da att ta ett stort kliv fram\u00e5t. Jag hoppas verkligen att vi finner tiden och orken att genomf\u00f6ra det hela. Okej d\u00e5, det handlar om en bok. Eller ett par b\u00f6cker&#8230;som vi kanske, kanske kommer att skriva en dag.<\/p>\n<p>Tid \u00e4r pengar. Men n\u00e4r det varken tycks finnas det ena eller det andra ibland, trots att man arbetar j\u00e4mt?<\/p>\n<p>Jag f\u00e5r inte l\u00e5ta nedst\u00e4mdheten dra ner mig. Om hoppl\u00f6sheten till\u00e5ts f\u00e5 ett grepp \u00e4r det f\u00f6rlorat. D\u00e5 sitter jag i en bur.<\/p>\n<p>&nbsp;<\/p>\n","protected":false},"excerpt":{"rendered":"<p>Tiden rinner iv\u00e4g. S\u00e5 m\u00e5nga projekt, s\u00e5 m\u00e5nga verk som borde hinnas med. Ett av projekten \u00e4r ett gemensamt initiativ, som jag g\u00e4rna skulle vilja se f\u00f6rverkligad en dag. Men ibland k\u00e4nns allting segt, tiden tycks inte finnas, eller s\u00e5 &hellip; <a href=\"http:\/\/www.susannavaris.com\/blogg\/2012\/06\/tiden-som-inte-finns\/\">Forts\u00e4tt l\u00e4sa <span class=\"meta-nav\">&rarr;<\/span><\/a><\/p>\n","protected":false},"author":1,"featured_media":0,"comment_status":"open","ping_status":"open","sticky":false,"template":"","format":"standard","meta":{"footnotes":""},"categories":[1364,1162,1],"tags":[137,1936],"class_list":["post-5948","post","type-post","status-publish","format-standard","hentry","category-bocker","category-kultur","category-okategoriserade","tag-tid","tag-tiden"],"_links":{"self":[{"href":"http:\/\/www.susannavaris.com\/blogg\/wp-json\/wp\/v2\/posts\/5948","targetHints":{"allow":["GET"]}}],"collection":[{"href":"http:\/\/www.susannavaris.com\/blogg\/wp-json\/wp\/v2\/posts"}],"about":[{"href":"http:\/\/www.susannavaris.com\/blogg\/wp-json\/wp\/v2\/types\/post"}],"author":[{"embeddable":true,"href":"http:\/\/www.susannavaris.com\/blogg\/wp-json\/wp\/v2\/users\/1"}],"replies":[{"embeddable":true,"href":"http:\/\/www.susannavaris.com\/blogg\/wp-json\/wp\/v2\/comments?post=5948"}],"version-history":[{"count":2,"href":"http:\/\/www.susannavaris.com\/blogg\/wp-json\/wp\/v2\/posts\/5948\/revisions"}],"predecessor-version":[{"id":5951,"href":"http:\/\/www.susannavaris.com\/blogg\/wp-json\/wp\/v2\/posts\/5948\/revisions\/5951"}],"wp:attachment":[{"href":"http:\/\/www.susannavaris.com\/blogg\/wp-json\/wp\/v2\/media?parent=5948"}],"wp:term":[{"taxonomy":"category","embeddable":true,"href":"http:\/\/www.susannavaris.com\/blogg\/wp-json\/wp\/v2\/categories?post=5948"},{"taxonomy":"post_tag","embeddable":true,"href":"http:\/\/www.susannavaris.com\/blogg\/wp-json\/wp\/v2\/tags?post=5948"}],"curies":[{"name":"wp","href":"https:\/\/api.w.org\/{rel}","templated":true}]}}