{"id":6004,"date":"2012-06-17T22:57:26","date_gmt":"2012-06-17T20:57:26","guid":{"rendered":"http:\/\/www.susannavaris.com\/blogg\/?p=6004"},"modified":"2012-06-17T22:57:26","modified_gmt":"2012-06-17T20:57:26","slug":"spackade-dagar","status":"publish","type":"post","link":"http:\/\/www.susannavaris.com\/blogg\/2012\/06\/spackade-dagar\/","title":{"rendered":"Sp\u00e4ckade dagar"},"content":{"rendered":"<p style=\"text-align: center;\">I onsdags:<\/p>\n<p style=\"text-align: center;\"><a href=\"http:\/\/www.susannavaris.com\/blogg\/wp-content\/uploads\/2012\/06\/DSC_0065-crop-50.jpg\"><img loading=\"lazy\" decoding=\"async\" class=\"aligncenter size-large wp-image-6006\" title=\"DSC_0065-crop-50\" src=\"http:\/\/www.susannavaris.com\/blogg\/wp-content\/uploads\/2012\/06\/DSC_0065-crop-50-1024x462.jpg\" alt=\"\" width=\"640\" height=\"288\" srcset=\"http:\/\/www.susannavaris.com\/blogg\/wp-content\/uploads\/2012\/06\/DSC_0065-crop-50-1024x462.jpg 1024w, http:\/\/www.susannavaris.com\/blogg\/wp-content\/uploads\/2012\/06\/DSC_0065-crop-50-300x135.jpg 300w\" sizes=\"auto, (max-width: 640px) 100vw, 640px\" \/><\/a><em>\u00a0&#8230;vaknade jag kring 4 p\u00e5 morgonen och var bara tvungen att fotografera det tjocka dimt\u00e4cket som l\u00e5g \u00f6ver S\u00f6dert\u00e4lje. <\/em><\/p>\n<p style=\"text-align: center;\">Sedan hade ljuset f\u00e5tt ig\u00e5ng mina vakenhormoner och jag kunde inte sova igen p\u00e5 en timme. Natten blev inte helt optimal med andra ord. Dagen tillbringades med expeditionstj\u00e4nst \u00e5 skyddsombuderiets v\u00e4gnar, varp\u00e5 det var dags f\u00f6r:<\/p>\n<p style=\"text-align: center;\"><a href=\"http:\/\/www.susannavaris.com\/blogg\/wp-content\/uploads\/2012\/06\/579401_10150830932031835_134201749_n.jpg\"><img loading=\"lazy\" decoding=\"async\" class=\"aligncenter size-full wp-image-6008\" title=\"579401_10150830932031835_134201749_n\" src=\"http:\/\/www.susannavaris.com\/blogg\/wp-content\/uploads\/2012\/06\/579401_10150830932031835_134201749_n.jpg\" alt=\"\" width=\"679\" height=\"960\" srcset=\"http:\/\/www.susannavaris.com\/blogg\/wp-content\/uploads\/2012\/06\/579401_10150830932031835_134201749_n.jpg 679w, http:\/\/www.susannavaris.com\/blogg\/wp-content\/uploads\/2012\/06\/579401_10150830932031835_134201749_n-212x300.jpg 212w\" sizes=\"auto, (max-width: 679px) 100vw, 679px\" \/><\/a>\u00a0<a href=\"http:\/\/www.susannavaris.com\/blogg\/wp-content\/uploads\/2012\/06\/DSC_0066-50.jpg\"><img loading=\"lazy\" decoding=\"async\" class=\"aligncenter size-large wp-image-6009\" title=\"DSC_0066-50\" src=\"http:\/\/www.susannavaris.com\/blogg\/wp-content\/uploads\/2012\/06\/DSC_0066-50-1024x682.jpg\" alt=\"\" width=\"640\" height=\"426\" srcset=\"http:\/\/www.susannavaris.com\/blogg\/wp-content\/uploads\/2012\/06\/DSC_0066-50-1024x682.jpg 1024w, http:\/\/www.susannavaris.com\/blogg\/wp-content\/uploads\/2012\/06\/DSC_0066-50-300x200.jpg 300w\" sizes=\"auto, (max-width: 640px) 100vw, 640px\" \/><\/a>\u00a0<em>Innan f\u00f6rest\u00e4llningen bes\u00f6kte vi en liten italienare f\u00f6ren bit mat. Moderskan t\u00e4nkte sig n\u00e5gra sm\u00e5 fil\u00e9er och fick denna firre. Stor och hel, men delikat, enligt uppgift.<\/em><\/p>\n<p style=\"text-align: center;\"><a href=\"http:\/\/www.susannavaris.com\/blogg\/wp-content\/uploads\/2012\/06\/DSC_0067-50.jpg\"><img loading=\"lazy\" decoding=\"async\" class=\"aligncenter size-large wp-image-6010\" title=\"DSC_0067-50\" src=\"http:\/\/www.susannavaris.com\/blogg\/wp-content\/uploads\/2012\/06\/DSC_0067-50-682x1024.jpg\" alt=\"\" width=\"640\" height=\"960\" srcset=\"http:\/\/www.susannavaris.com\/blogg\/wp-content\/uploads\/2012\/06\/DSC_0067-50-682x1024.jpg 682w, http:\/\/www.susannavaris.com\/blogg\/wp-content\/uploads\/2012\/06\/DSC_0067-50-200x300.jpg 200w, http:\/\/www.susannavaris.com\/blogg\/wp-content\/uploads\/2012\/06\/DSC_0067-50.jpg 1536w\" sizes=\"auto, (max-width: 640px) 100vw, 640px\" \/><\/a>\u00a0<em>Italiensk \u00f6l med Fellini-tema<\/em><\/p>\n<p style=\"text-align: center;\"><a href=\"http:\/\/www.susannavaris.com\/blogg\/wp-content\/uploads\/2012\/06\/DSC_0069-50.jpg\"><img loading=\"lazy\" decoding=\"async\" class=\"aligncenter size-large wp-image-6011\" title=\"DSC_0069-50\" src=\"http:\/\/www.susannavaris.com\/blogg\/wp-content\/uploads\/2012\/06\/DSC_0069-50-682x1024.jpg\" alt=\"\" width=\"640\" height=\"960\" srcset=\"http:\/\/www.susannavaris.com\/blogg\/wp-content\/uploads\/2012\/06\/DSC_0069-50-682x1024.jpg 682w, http:\/\/www.susannavaris.com\/blogg\/wp-content\/uploads\/2012\/06\/DSC_0069-50-200x300.jpg 200w, http:\/\/www.susannavaris.com\/blogg\/wp-content\/uploads\/2012\/06\/DSC_0069-50.jpg 1536w\" sizes=\"auto, (max-width: 640px) 100vw, 640px\" \/><\/a>\u00a0<em>P\u00e5 Teater Brunnsgatan 4.<\/em><\/p>\n<p style=\"text-align: center;\"><a href=\"http:\/\/www.susannavaris.com\/blogg\/wp-content\/uploads\/2012\/06\/DSC_0070-50.jpg\"><img loading=\"lazy\" decoding=\"async\" class=\"aligncenter size-large wp-image-6012\" title=\"DSC_0070-50\" src=\"http:\/\/www.susannavaris.com\/blogg\/wp-content\/uploads\/2012\/06\/DSC_0070-50-1024x682.jpg\" alt=\"\" width=\"640\" height=\"426\" srcset=\"http:\/\/www.susannavaris.com\/blogg\/wp-content\/uploads\/2012\/06\/DSC_0070-50-1024x682.jpg 1024w, http:\/\/www.susannavaris.com\/blogg\/wp-content\/uploads\/2012\/06\/DSC_0070-50-300x200.jpg 300w\" sizes=\"auto, (max-width: 640px) 100vw, 640px\" \/><\/a>\u00a0<em>Planl\u00f6st k\u00f6ande och v\u00e4ntande&#8230;<\/em><\/p>\n<p style=\"text-align: center;\"><a href=\"http:\/\/www.susannavaris.com\/blogg\/wp-content\/uploads\/2012\/06\/DSC_0071-50.jpg\"><img loading=\"lazy\" decoding=\"async\" class=\"aligncenter size-large wp-image-6013\" title=\"DSC_0071-50\" src=\"http:\/\/www.susannavaris.com\/blogg\/wp-content\/uploads\/2012\/06\/DSC_0071-50-1024x682.jpg\" alt=\"\" width=\"640\" height=\"426\" srcset=\"http:\/\/www.susannavaris.com\/blogg\/wp-content\/uploads\/2012\/06\/DSC_0071-50-1024x682.jpg 1024w, http:\/\/www.susannavaris.com\/blogg\/wp-content\/uploads\/2012\/06\/DSC_0071-50-300x200.jpg 300w\" sizes=\"auto, (max-width: 640px) 100vw, 640px\" \/><\/a><em>Annika Jankell och Robert Wells fanns bland g\u00e4sterna<\/em><\/p>\n<p style=\"text-align: center;\">\u00a0<a href=\"http:\/\/www.susannavaris.com\/blogg\/wp-content\/uploads\/2012\/06\/DSC_0072-50.jpg\"><img loading=\"lazy\" decoding=\"async\" class=\"aligncenter size-large wp-image-6014\" title=\"DSC_0072-50\" src=\"http:\/\/www.susannavaris.com\/blogg\/wp-content\/uploads\/2012\/06\/DSC_0072-50-1024x682.jpg\" alt=\"\" width=\"640\" height=\"426\" srcset=\"http:\/\/www.susannavaris.com\/blogg\/wp-content\/uploads\/2012\/06\/DSC_0072-50-1024x682.jpg 1024w, http:\/\/www.susannavaris.com\/blogg\/wp-content\/uploads\/2012\/06\/DSC_0072-50-300x200.jpg 300w\" sizes=\"auto, (max-width: 640px) 100vw, 640px\" \/><\/a><em>\u00a0Teaterlokalen kan l\u00e4tt k\u00e4nnas sm\u00e5tt klaustrofobisk och syrefattig<\/em><\/p>\n<p style=\"text-align: center;\"><a href=\"http:\/\/www.susannavaris.com\/blogg\/wp-content\/uploads\/2012\/06\/DSC_0073-50.jpg\"><img loading=\"lazy\" decoding=\"async\" class=\"aligncenter size-large wp-image-6015\" title=\"DSC_0073-50\" src=\"http:\/\/www.susannavaris.com\/blogg\/wp-content\/uploads\/2012\/06\/DSC_0073-50-1024x682.jpg\" alt=\"\" width=\"640\" height=\"426\" srcset=\"http:\/\/www.susannavaris.com\/blogg\/wp-content\/uploads\/2012\/06\/DSC_0073-50-1024x682.jpg 1024w, http:\/\/www.susannavaris.com\/blogg\/wp-content\/uploads\/2012\/06\/DSC_0073-50-300x200.jpg 300w\" sizes=\"auto, (max-width: 640px) 100vw, 640px\" \/><\/a>\u00a0<em>Utan blixt blev det s\u00e5 h\u00e4r groovy<\/em><\/p>\n<p style=\"text-align: center;\"><a href=\"http:\/\/www.susannavaris.com\/blogg\/wp-content\/uploads\/2012\/06\/DSC_0074-50.jpg\"><img loading=\"lazy\" decoding=\"async\" class=\"aligncenter size-large wp-image-6016\" title=\"DSC_0074-50\" src=\"http:\/\/www.susannavaris.com\/blogg\/wp-content\/uploads\/2012\/06\/DSC_0074-50-1024x682.jpg\" alt=\"\" width=\"640\" height=\"426\" srcset=\"http:\/\/www.susannavaris.com\/blogg\/wp-content\/uploads\/2012\/06\/DSC_0074-50-1024x682.jpg 1024w, http:\/\/www.susannavaris.com\/blogg\/wp-content\/uploads\/2012\/06\/DSC_0074-50-300x200.jpg 300w\" sizes=\"auto, (max-width: 640px) 100vw, 640px\" \/><\/a>\u00a0<em>Under pausen i den charmigt bohemiska entr\u00e9-lokalen<\/em><\/p>\n<p style=\"text-align: center;\"><a href=\"http:\/\/www.susannavaris.com\/blogg\/wp-content\/uploads\/2012\/06\/DSC_0075-50.jpg\"><img loading=\"lazy\" decoding=\"async\" class=\"aligncenter size-large wp-image-6017\" title=\"DSC_0075-50\" src=\"http:\/\/www.susannavaris.com\/blogg\/wp-content\/uploads\/2012\/06\/DSC_0075-50-682x1024.jpg\" alt=\"\" width=\"640\" height=\"960\" srcset=\"http:\/\/www.susannavaris.com\/blogg\/wp-content\/uploads\/2012\/06\/DSC_0075-50-682x1024.jpg 682w, http:\/\/www.susannavaris.com\/blogg\/wp-content\/uploads\/2012\/06\/DSC_0075-50-200x300.jpg 200w, http:\/\/www.susannavaris.com\/blogg\/wp-content\/uploads\/2012\/06\/DSC_0075-50.jpg 1536w\" sizes=\"auto, (max-width: 640px) 100vw, 640px\" \/><\/a>\u00a0<em>Vimmelkantig av allt skrattande. Inte visste jag att Thorsten Flinck kunde vara en s\u00e5dan komiker&#8230;<\/em><\/p>\n<p style=\"text-align: center;\"><a href=\"http:\/\/www.susannavaris.com\/blogg\/wp-content\/uploads\/2012\/06\/DSC_0076-50.jpg\"><img loading=\"lazy\" decoding=\"async\" class=\"aligncenter size-large wp-image-6018\" title=\"DSC_0076-50\" src=\"http:\/\/www.susannavaris.com\/blogg\/wp-content\/uploads\/2012\/06\/DSC_0076-50-1024x682.jpg\" alt=\"\" width=\"640\" height=\"426\" srcset=\"http:\/\/www.susannavaris.com\/blogg\/wp-content\/uploads\/2012\/06\/DSC_0076-50-1024x682.jpg 1024w, http:\/\/www.susannavaris.com\/blogg\/wp-content\/uploads\/2012\/06\/DSC_0076-50-300x200.jpg 300w\" sizes=\"auto, (max-width: 640px) 100vw, 640px\" \/><\/a>\u00a0<em>B\u00e4nkade f\u00f6r andra akten<\/em><\/p>\n<p style=\"text-align: center;\"><a href=\"http:\/\/www.susannavaris.com\/blogg\/wp-content\/uploads\/2012\/06\/DSC_0077-50.jpg\"><img loading=\"lazy\" decoding=\"async\" class=\"aligncenter size-large wp-image-6019\" title=\"DSC_0077-50\" src=\"http:\/\/www.susannavaris.com\/blogg\/wp-content\/uploads\/2012\/06\/DSC_0077-50-682x1024.jpg\" alt=\"\" width=\"640\" height=\"960\" srcset=\"http:\/\/www.susannavaris.com\/blogg\/wp-content\/uploads\/2012\/06\/DSC_0077-50-682x1024.jpg 682w, http:\/\/www.susannavaris.com\/blogg\/wp-content\/uploads\/2012\/06\/DSC_0077-50-200x300.jpg 200w, http:\/\/www.susannavaris.com\/blogg\/wp-content\/uploads\/2012\/06\/DSC_0077-50.jpg 1536w\" sizes=\"auto, (max-width: 640px) 100vw, 640px\" \/><\/a>\u00a0<em>Utan blixt ja<\/em><\/p>\n<p style=\"text-align: center;\"><a href=\"http:\/\/www.susannavaris.com\/blogg\/wp-content\/uploads\/2012\/06\/DSC_0079-crop01-50.jpg\"><img loading=\"lazy\" decoding=\"async\" class=\"aligncenter size-large wp-image-6021\" title=\"DSC_0079-crop01-50\" src=\"http:\/\/www.susannavaris.com\/blogg\/wp-content\/uploads\/2012\/06\/DSC_0079-crop01-50-1024x864.jpg\" alt=\"\" width=\"640\" height=\"540\" srcset=\"http:\/\/www.susannavaris.com\/blogg\/wp-content\/uploads\/2012\/06\/DSC_0079-crop01-50-1024x864.jpg 1024w, http:\/\/www.susannavaris.com\/blogg\/wp-content\/uploads\/2012\/06\/DSC_0079-crop01-50-300x253.jpg 300w, http:\/\/www.susannavaris.com\/blogg\/wp-content\/uploads\/2012\/06\/DSC_0079-crop01-50.jpg 1358w\" sizes=\"auto, (max-width: 640px) 100vw, 640px\" \/><\/a>\u00a0<em>S\u00e5 Uffe tog n\u00e5gra bilder med blixt. Vilket blev ganska st\u00f6rande i den n\u00e4stan helt m\u00f6rklagda lokalen&#8230;<\/em><\/p>\n<p style=\"text-align: center;\">F\u00f6rest\u00e4llningen var helt fantastisk. Det bj\u00f6ds p\u00e5 s\u00e5ng och dikt, recitation av Oscar Wilde, personliga ber\u00e4ttelser, humor, allvar och teater. Det gick fr\u00e5n kiknande skratt till djupt allvar, fr\u00e5n den enklaste humorn till de mest komplicerade k\u00e4nslorna kring f\u00f6rlust och d\u00f6d. En berg- och dalbana av intryck och k\u00e4nslor, men som \u00e4nd\u00e5 l\u00e4mnade en varm k\u00e4nsla efter sig. Gitarristen Kenny H\u00e5kansson var suver\u00e4nt duktig i sin roll som sidekick och musikalisk ryggrad.<\/p>\n<p style=\"text-align: center;\"><a href=\"http:\/\/www.susannavaris.com\/blogg\/wp-content\/uploads\/2012\/06\/DSC_0080-crop-50.jpg\"><img loading=\"lazy\" decoding=\"async\" class=\"aligncenter size-large wp-image-6022\" title=\"DSC_0080-crop-50\" src=\"http:\/\/www.susannavaris.com\/blogg\/wp-content\/uploads\/2012\/06\/DSC_0080-crop-50-670x1024.jpg\" alt=\"\" width=\"640\" height=\"978\" srcset=\"http:\/\/www.susannavaris.com\/blogg\/wp-content\/uploads\/2012\/06\/DSC_0080-crop-50-670x1024.jpg 670w, http:\/\/www.susannavaris.com\/blogg\/wp-content\/uploads\/2012\/06\/DSC_0080-crop-50-196x300.jpg 196w, http:\/\/www.susannavaris.com\/blogg\/wp-content\/uploads\/2012\/06\/DSC_0080-crop-50.jpg 714w\" sizes=\"auto, (max-width: 640px) 100vw, 640px\" \/><\/a>\u00a0<em>Thorsten Flinck. K\u00e4nd fr\u00e5n Mellon (ett faktum som han h\u00e5rt drev med i showen&#8230;)<\/em><\/p>\n<p style=\"text-align: center;\"><a href=\"http:\/\/www.susannavaris.com\/blogg\/wp-content\/uploads\/2012\/06\/DSC_0081-50.jpg\"><img loading=\"lazy\" decoding=\"async\" class=\"aligncenter size-large wp-image-6023\" title=\"DSC_0081-50\" src=\"http:\/\/www.susannavaris.com\/blogg\/wp-content\/uploads\/2012\/06\/DSC_0081-50-682x1024.jpg\" alt=\"\" width=\"640\" height=\"960\" srcset=\"http:\/\/www.susannavaris.com\/blogg\/wp-content\/uploads\/2012\/06\/DSC_0081-50-682x1024.jpg 682w, http:\/\/www.susannavaris.com\/blogg\/wp-content\/uploads\/2012\/06\/DSC_0081-50-200x300.jpg 200w, http:\/\/www.susannavaris.com\/blogg\/wp-content\/uploads\/2012\/06\/DSC_0081-50.jpg 1536w\" sizes=\"auto, (max-width: 640px) 100vw, 640px\" \/><\/a>\u00a0<em>Givetvis ville jag k\u00f6pa signerade skivor&#8230;<\/em><\/p>\n<p style=\"text-align: center;\">Sedan rasade jag i s\u00e4ng. Morgonen d\u00e4rp\u00e5 vankades packning och t\u00e5g mot G\u00f6teborg och Metaltown&#8230;<\/p>\n<p style=\"text-align: center;\">\n","protected":false},"excerpt":{"rendered":"<p>I onsdags: \u00a0&#8230;vaknade jag kring 4 p\u00e5 morgonen och var bara tvungen att fotografera det tjocka dimt\u00e4cket som l\u00e5g \u00f6ver S\u00f6dert\u00e4lje. Sedan hade ljuset f\u00e5tt ig\u00e5ng mina vakenhormoner och jag kunde inte sova igen p\u00e5 en timme. Natten blev inte &hellip; <a href=\"http:\/\/www.susannavaris.com\/blogg\/2012\/06\/spackade-dagar\/\">Forts\u00e4tt l\u00e4sa <span class=\"meta-nav\">&rarr;<\/span><\/a><\/p>\n","protected":false},"author":1,"featured_media":0,"comment_status":"open","ping_status":"open","sticky":false,"template":"","format":"standard","meta":{"footnotes":""},"categories":[555,1419,1162,994,1],"tags":[1642,1944,1943,4920,556,1947,4915,1945,1946,1940],"class_list":["post-6004","post","type-post","status-publish","format-standard","hentry","category-events","category-konsert","category-kultur","category-musik","category-okategoriserade","tag-gitarr","tag-gitarrist","tag-kenny-hakansson","tag-konsert","tag-linda-skugge","tag-maria-montelius","tag-musik","tag-teater","tag-teater-brunnsgatan-4","tag-thorsten-flinck"],"_links":{"self":[{"href":"http:\/\/www.susannavaris.com\/blogg\/wp-json\/wp\/v2\/posts\/6004","targetHints":{"allow":["GET"]}}],"collection":[{"href":"http:\/\/www.susannavaris.com\/blogg\/wp-json\/wp\/v2\/posts"}],"about":[{"href":"http:\/\/www.susannavaris.com\/blogg\/wp-json\/wp\/v2\/types\/post"}],"author":[{"embeddable":true,"href":"http:\/\/www.susannavaris.com\/blogg\/wp-json\/wp\/v2\/users\/1"}],"replies":[{"embeddable":true,"href":"http:\/\/www.susannavaris.com\/blogg\/wp-json\/wp\/v2\/comments?post=6004"}],"version-history":[{"count":3,"href":"http:\/\/www.susannavaris.com\/blogg\/wp-json\/wp\/v2\/posts\/6004\/revisions"}],"predecessor-version":[{"id":6026,"href":"http:\/\/www.susannavaris.com\/blogg\/wp-json\/wp\/v2\/posts\/6004\/revisions\/6026"}],"wp:attachment":[{"href":"http:\/\/www.susannavaris.com\/blogg\/wp-json\/wp\/v2\/media?parent=6004"}],"wp:term":[{"taxonomy":"category","embeddable":true,"href":"http:\/\/www.susannavaris.com\/blogg\/wp-json\/wp\/v2\/categories?post=6004"},{"taxonomy":"post_tag","embeddable":true,"href":"http:\/\/www.susannavaris.com\/blogg\/wp-json\/wp\/v2\/tags?post=6004"}],"curies":[{"name":"wp","href":"https:\/\/api.w.org\/{rel}","templated":true}]}}